{"id":139123,"date":"2025-12-08T12:36:07","date_gmt":"2025-12-08T12:36:07","guid":{"rendered":"https:\/\/www.europesays.com\/pl\/139123\/"},"modified":"2025-12-08T12:36:07","modified_gmt":"2025-12-08T12:36:07","slug":"salah-ukarany-jest-decyzja-liverpoolu","status":"publish","type":"post","link":"https:\/\/www.europesays.com\/pl\/139123\/","title":{"rendered":"Salah ukarany! Jest decyzja Liverpoolu"},"content":{"rendered":"<p>Mohamed Salah po ostatnim meczu Liverpoolu w Premier League skrytykowa\u0142 w\u0142adze klubu oraz Arne Slota. Jak donosi Fabrice Hawkins, Egipcjanin znalaz\u0142 si\u0119 poza kadr\u0105 &#8222;The Reds&#8221; na najbli\u017csze spotkanie Ligi Mistrz\u00f3w.<\/p>\n<p>33-latek rozpoczyna\u0142 trzy ostatnie mecze ligowe na \u0142awce rezerwowych. W dw\u00f3ch z nich w og\u00f3le nie pojawi\u0142 si\u0119 na boisku, nawet w roli zmiennika.<\/p>\n<p>Dalsza cz\u0119\u015b\u0107 tekstu pod wideo<\/p>\n<p>Po sobotnim starciu z Leeds zrzuci\u0142 prawdziw\u0105 bomb\u0119. Otwarcie skrytykowa\u0142 Arne Slota oraz w\u0142adze &#8222;The Reds&#8221;, nie kryj\u0105c \u017calu za odstawienie od jedenastki.<\/p>\n<p>Wygl\u0105da na to, \u017ce reakcja mistrz\u00f3w Anglii b\u0119dzie bardzo stanowcza. Szefowie klubu opowiedzieli si\u0119 po stronie Slota, co jasno wynika z najnowszej decyzji.<\/p>\n<p>Jak donosi Fabrice Hwakins, Salah nie znajdzie si\u0119 w kadrze Liverpoolu na wtorkowy hit Ligi Mistrz\u00f3w, czyli starcie z Interem Mediolan. Ta decyzja jest rzecz jasna podyktowana jego ostatnimi s\u0142owami.<\/p>\n<p>W\u0142adze klubu razem ze Slotem dosz\u0142y do wniosku, \u017ce b\u0119dzie to najlepsze rozwi\u0105zanie ca\u0142ej sytuacji. Pozostaje pytanie, czy Egipcjanina w og\u00f3le zobaczymy jeszcze w barwach &#8222;The Reds&#8221;.<\/p>\n<p>Jego sytuacj\u0119 chc\u0105 bowiem wykorzysta\u0107 zespo\u0142y z Arabii Saudyjskiej. Najkonkretniejsze ma by\u0107 zainteresowanie Al-Hilal, gdzie od p\u00f3\u0142 roku za wyniki odpowiada by\u0142y trener Interu, Simone Inzaghi.<\/p>\n","protected":false},"excerpt":{"rendered":"Mohamed Salah po ostatnim meczu Liverpoolu w Premier League skrytykowa\u0142 w\u0142adze klubu oraz Arne Slota. Jak donosi Fabrice&hellip;\n","protected":false},"author":2,"featured_media":139124,"comment_status":"","ping_status":"","sticky":false,"template":"","format":"standard","meta":{"footnotes":""},"categories":[24],"tags":[42,38,40,39,41,127,126],"class_list":{"0":"post-139123","1":"post","2":"type-post","3":"status-publish","4":"format-standard","5":"has-post-thumbnail","7":"category-sport","8":"tag-pl","9":"tag-poland","10":"tag-polish","11":"tag-polska","12":"tag-polski","13":"tag-sport","14":"tag-sports"},"share_on_mastodon":{"url":"https:\/\/pubeurope.com\/@pl\/115683982466382195","error":""},"_links":{"self":[{"href":"https:\/\/www.europesays.com\/pl\/wp-json\/wp\/v2\/posts\/139123","targetHints":{"allow":["GET"]}}],"collection":[{"href":"https:\/\/www.europesays.com\/pl\/wp-json\/wp\/v2\/posts"}],"about":[{"href":"https:\/\/www.europesays.com\/pl\/wp-json\/wp\/v2\/types\/post"}],"author":[{"embeddable":true,"href":"https:\/\/www.europesays.com\/pl\/wp-json\/wp\/v2\/users\/2"}],"replies":[{"embeddable":true,"href":"https:\/\/www.europesays.com\/pl\/wp-json\/wp\/v2\/comments?post=139123"}],"version-history":[{"count":0,"href":"https:\/\/www.europesays.com\/pl\/wp-json\/wp\/v2\/posts\/139123\/revisions"}],"wp:featuredmedia":[{"embeddable":true,"href":"https:\/\/www.europesays.com\/pl\/wp-json\/wp\/v2\/media\/139124"}],"wp:attachment":[{"href":"https:\/\/www.europesays.com\/pl\/wp-json\/wp\/v2\/media?parent=139123"}],"wp:term":[{"taxonomy":"category","embeddable":true,"href":"https:\/\/www.europesays.com\/pl\/wp-json\/wp\/v2\/categories?post=139123"},{"taxonomy":"post_tag","embeddable":true,"href":"https:\/\/www.europesays.com\/pl\/wp-json\/wp\/v2\/tags?post=139123"}],"curies":[{"name":"wp","href":"https:\/\/api.w.org\/{rel}","templated":true}]}}