{"id":139135,"date":"2025-12-08T12:42:08","date_gmt":"2025-12-08T12:42:08","guid":{"rendered":"https:\/\/www.europesays.com\/pl\/139135\/"},"modified":"2025-12-08T12:42:08","modified_gmt":"2025-12-08T12:42:08","slug":"minister-zurek-mowil-o-przywozeniu-w-bagazniku-ziobry-teraz-sie-tlumaczy","status":"publish","type":"post","link":"https:\/\/www.europesays.com\/pl\/139135\/","title":{"rendered":"Minister \u017burek m\u00f3wi\u0142 o &#8222;przywo\u017ceniu w baga\u017cniku&#8221; Ziobry. Teraz si\u0119 t\u0142umaczy"},"content":{"rendered":"<p class=\"ods-o-quota__paragraph\">To jest tch\u00f3rzostwo. Rodzaj jakiej\u015b zabawy pana Ziobry, bo wielokrotnie m\u00f3wi\u0142, \u017ce stanie z podniesion\u0105 przy\u0142bic\u0105, kreowa\u0142 si\u0119 na szeryfa. Szeryf to kto\u015b, kto si\u0119 nie boi zmierzy\u0107. My mamy wolne media i wolne s\u0105dy, przestrzegamy procedur. Naprawd\u0119, jak by\u015bmy chcieli, to by\u015bmy go w baga\u017cniku przywie\u017ali, s\u0142u\u017cby na ca\u0142ym \u015bwiecie robi\u0105 takie rzeczy, nic nowego<\/p>\n","protected":false},"excerpt":{"rendered":"To jest tch\u00f3rzostwo. Rodzaj jakiej\u015b zabawy pana Ziobry, bo wielokrotnie m\u00f3wi\u0142, \u017ce stanie z podniesion\u0105 przy\u0142bic\u0105, kreowa\u0142 si\u0119&hellip;\n","protected":false},"author":2,"featured_media":136193,"comment_status":"","ping_status":"","sticky":false,"template":"","format":"standard","meta":{"footnotes":""},"categories":[5],"tags":[9947,32,33,36,37,27,49,34,35,1380,28,31,48,25,46,42,38,40,39,41,412,47,29,30,793,26,2037],"class_list":{"0":"post-139135","1":"post","2":"type-post","3":"status-publish","4":"format-standard","5":"has-post-thumbnail","7":"category-naglowki","8":"tag-bagaznik","9":"tag-breaking-news","10":"tag-breakingnews","11":"tag-featured-news","12":"tag-featurednews","13":"tag-headlines","14":"tag-kraj","15":"tag-latest-news","16":"tag-latestnews","17":"tag-ministerstwo_sprawiedliwosci","18":"tag-naglowki","19":"tag-najwazniejsze-artykuly","20":"tag-nat_styl","21":"tag-news","22":"tag-omp","23":"tag-pl","24":"tag-poland","25":"tag-polish","26":"tag-polska","27":"tag-polski","28":"tag-prawo_sady_prawnicy","29":"tag-screening_general","30":"tag-top-stories","31":"tag-topstories","32":"tag-waldemar_zurek","33":"tag-wiadomosci","34":"tag-zbigniew_ziobro"},"share_on_mastodon":{"url":"https:\/\/pubeurope.com\/@pl\/115684006008515890","error":""},"_links":{"self":[{"href":"https:\/\/www.europesays.com\/pl\/wp-json\/wp\/v2\/posts\/139135","targetHints":{"allow":["GET"]}}],"collection":[{"href":"https:\/\/www.europesays.com\/pl\/wp-json\/wp\/v2\/posts"}],"about":[{"href":"https:\/\/www.europesays.com\/pl\/wp-json\/wp\/v2\/types\/post"}],"author":[{"embeddable":true,"href":"https:\/\/www.europesays.com\/pl\/wp-json\/wp\/v2\/users\/2"}],"replies":[{"embeddable":true,"href":"https:\/\/www.europesays.com\/pl\/wp-json\/wp\/v2\/comments?post=139135"}],"version-history":[{"count":0,"href":"https:\/\/www.europesays.com\/pl\/wp-json\/wp\/v2\/posts\/139135\/revisions"}],"wp:featuredmedia":[{"embeddable":true,"href":"https:\/\/www.europesays.com\/pl\/wp-json\/wp\/v2\/media\/136193"}],"wp:attachment":[{"href":"https:\/\/www.europesays.com\/pl\/wp-json\/wp\/v2\/media?parent=139135"}],"wp:term":[{"taxonomy":"category","embeddable":true,"href":"https:\/\/www.europesays.com\/pl\/wp-json\/wp\/v2\/categories?post=139135"},{"taxonomy":"post_tag","embeddable":true,"href":"https:\/\/www.europesays.com\/pl\/wp-json\/wp\/v2\/tags?post=139135"}],"curies":[{"name":"wp","href":"https:\/\/api.w.org\/{rel}","templated":true}]}}