{"id":139171,"date":"2025-12-08T13:05:13","date_gmt":"2025-12-08T13:05:13","guid":{"rendered":"https:\/\/www.europesays.com\/pl\/139171\/"},"modified":"2025-12-08T13:05:13","modified_gmt":"2025-12-08T13:05:13","slug":"pokazala-kulisy-dramatycznej-sceny-w-domu-dobrym-zwrocila-sie-do-widzow","status":"publish","type":"post","link":"https:\/\/www.europesays.com\/pl\/139171\/","title":{"rendered":"Pokaza\u0142a kulisy dramatycznej sceny w &#8222;Domu dobrym&#8221;. Zwr\u00f3ci\u0142a si\u0119 do widz\u00f3w"},"content":{"rendered":"<p class=\"Paragraph_desktopParagraph__U31Gm\">&#8222;Dom dobry&#8221; przekroczy\u0142 barier\u0119 2 mln widz\u00f3w w Polsce. Film Smarzowskiego opowiada histori\u0119 Go\u015bki, kt\u00f3ra wychowuje si\u0119 w dysfunkcyjnej rodzinie. W sieci poznaje Grze\u015bka, kt\u00f3ry pocz\u0105tkowo wydaje si\u0119 idealnym kandydatem na partnera. Zabiega o jej wzgl\u0119dy, obsypuje prezentami, wspiera w kontaktach z toksyczn\u0105 matk\u0105. Szybko okazuje si\u0119, \u017ce to wszystko tylko pozory i manipulacja. W domu pary coraz cz\u0119\u015bciej dochodzi do przemocy, na kt\u00f3r\u0105 nikt nie reaguje.<\/p>\n<ul class=\"OchatFollowUps_wrapper__1ry7X\">\n<li class=\"OchatFollowUps_item__Dhyly OchatFollowUps_itemDesktop__R6aBv\">Jakie emocje wzbudza film 'Dom dobry&#8217;?<\/li>\n<li class=\"OchatFollowUps_item__Dhyly OchatFollowUps_itemDesktop__R6aBv\">Kto zagra\u0142 g\u0142\u00f3wn\u0105 rol\u0119 w filmie 'Dom dobry&#8217;?<\/li>\n<li class=\"OchatFollowUps_item__Dhyly OchatFollowUps_itemDesktop__R6aBv\">Jakie zdj\u0119cia pokaza\u0142a Agata Turkot?<\/li>\n<li class=\"OchatFollowUps_item__Dhyly OchatFollowUps_itemDesktop__R6aBv\">Ile os\u00f3b obejrza\u0142o film 'Dom dobry&#8217; w kinach?<\/li>\n<\/ul>\n<p class=\"Paragraph_desktopParagraph__U31Gm\">Agata Turkot zdecydowa\u0142a si\u0119 pokaza\u0107 kulisy filmu, a dok\u0142adnie fina\u0142owej, dramatycznej sceny. Na Instagramie zamie\u015bci\u0142a zdj\u0119cie z Tomaszem Schuchardtem, kt\u00f3ry wy\u0142ania si\u0119 z w\u0142azu szamba. W po\u015bcie znajduje si\u0119 r\u00f3wnie\u017c kr\u00f3tki film, na kt\u00f3rym aktorka czo\u0142ga si\u0119 po przedpokoju.<\/p>\n<p class=\"Paragraph_desktopParagraph__U31Gm\">&#8222;dom dobry sen z\u0142y. Dzi\u0119kuj\u0119 wszystkim Wam, kt\u00f3rzy weszli\u015bcie do naszego Domu, sporo Was, ale pomie\u015bcimy si\u0119, na spokojnie\ud83d\udda4&#8221; \u2014 napisa\u0142a Turkot na Instagramie.<\/p>\n<p>Fani Turkot poruszeni &#8222;Domem dobrym&#8221; <\/p>\n<p class=\"Paragraph_desktopParagraph__U31Gm\">Mimo i\u017c od premiery filmu min\u0119\u0142o ju\u017c kilka tygodni &#8222;Dom dobry&#8221; nadal wzbudza du\u017ce emocje, o czym mog\u0105 \u015bwiadczy\u0107 liczne komentarze fan\u00f3w Turkot.<\/p>\n<p class=\"Paragraph_desktopParagraph__U31Gm\">&#8222;Odk\u0105d obejrza\u0142am, nadal mam go w g\u0142owie. Wryty na amen. Sceny nie do zapomnienia. Ekipo aktorska, panie Wojtku\u2026 \u015bwietna robota&#8221;, &#8222;\u017bycz\u0119 ka\u017cdemu, \u017ceby wchodzenie do takiego domu by\u0142o tylko w kinie&#8221;, &#8222;Od premiery film siedzi we mnie g\u0142\u0119boko&#8221; \u2014 mo\u017cna przeczyta\u0107 w social mediach.<\/p>\n","protected":false},"excerpt":{"rendered":"&#8222;Dom dobry&#8221; przekroczy\u0142 barier\u0119 2 mln widz\u00f3w w Polsce. Film Smarzowskiego opowiada histori\u0119 Go\u015bki, kt\u00f3ra wychowuje si\u0119 w&hellip;\n","protected":false},"author":2,"featured_media":139172,"comment_status":"","ping_status":"","sticky":false,"template":"","format":"standard","meta":{"footnotes":""},"categories":[22],"tags":[122,808,8504,261,8426,53,52,68,51,55,42,38,40,39,41,123,47,5231,65,50,14009],"class_list":{"0":"post-139171","1":"post","2":"type-post","3":"status-publish","4":"format-standard","5":"has-post-thumbnail","7":"category-rozrywka","8":"tag-entertainment","9":"tag-film_filmy_kino_kinematografia_aktorka_aktor_aktorzy_aktorki_rezyserzy","10":"tag-instagram","11":"tag-kultura","12":"tag-najnowsze","13":"tag-new_header","14":"tag-onet3","15":"tag-onet3d","16":"tag-onet3d_2i","17":"tag-phx","18":"tag-pl","19":"tag-poland","20":"tag-polish","21":"tag-polska","22":"tag-polski","23":"tag-rozrywka","24":"tag-screening_general","25":"tag-tomasz_schuchardt","26":"tag-update_me","27":"tag-v2021","28":"tag-wojciech_smarzowski_rezyser"},"share_on_mastodon":{"url":"https:\/\/pubeurope.com\/@pl\/115684096466777537","error":""},"_links":{"self":[{"href":"https:\/\/www.europesays.com\/pl\/wp-json\/wp\/v2\/posts\/139171","targetHints":{"allow":["GET"]}}],"collection":[{"href":"https:\/\/www.europesays.com\/pl\/wp-json\/wp\/v2\/posts"}],"about":[{"href":"https:\/\/www.europesays.com\/pl\/wp-json\/wp\/v2\/types\/post"}],"author":[{"embeddable":true,"href":"https:\/\/www.europesays.com\/pl\/wp-json\/wp\/v2\/users\/2"}],"replies":[{"embeddable":true,"href":"https:\/\/www.europesays.com\/pl\/wp-json\/wp\/v2\/comments?post=139171"}],"version-history":[{"count":0,"href":"https:\/\/www.europesays.com\/pl\/wp-json\/wp\/v2\/posts\/139171\/revisions"}],"wp:featuredmedia":[{"embeddable":true,"href":"https:\/\/www.europesays.com\/pl\/wp-json\/wp\/v2\/media\/139172"}],"wp:attachment":[{"href":"https:\/\/www.europesays.com\/pl\/wp-json\/wp\/v2\/media?parent=139171"}],"wp:term":[{"taxonomy":"category","embeddable":true,"href":"https:\/\/www.europesays.com\/pl\/wp-json\/wp\/v2\/categories?post=139171"},{"taxonomy":"post_tag","embeddable":true,"href":"https:\/\/www.europesays.com\/pl\/wp-json\/wp\/v2\/tags?post=139171"}],"curies":[{"name":"wp","href":"https:\/\/api.w.org\/{rel}","templated":true}]}}