{"id":139177,"date":"2025-12-08T13:08:07","date_gmt":"2025-12-08T13:08:07","guid":{"rendered":"https:\/\/www.europesays.com\/pl\/139177\/"},"modified":"2025-12-08T13:08:07","modified_gmt":"2025-12-08T13:08:07","slug":"bruksela-szykuje-sie-do-wojny-z-rosja-data-jest-juz-ustalona","status":"publish","type":"post","link":"https:\/\/www.europesays.com\/pl\/139177\/","title":{"rendered":"Bruksela szykuje si\u0119 do wojny z Rosj\u0105. Data jest ju\u017c ustalona"},"content":{"rendered":"\n<p>&#13;<br \/>\nO wojnie, do\u00a0kt\u00f3rej ma\u00a0si\u0119 szykowa\u0107 Unia Europejska w\u0119gierski przyw\u00f3dca napisa\u0142 w\u00a0poniedzia\u0142ek na\u00a0swoim profilu w\u00a0mediach spo\u0142eczno\u015bciowych. Wskaza\u0142, \u017ce\u00a0nad Europ\u0105 zbieraj\u0105 si\u0119 ciemne chmury. &#13;\n<\/p>\n<p>Orban: Nad Europ\u0105 zbieraj\u0105 si\u0119 ciemne chmury. Bruksela szykuje si\u0119 do\u00a0wojny<\/p>\n<p>&#13;<br \/>\nWed\u0142ug Viktora Orbana, data konfliktu zosta\u0142a wyznaczona na\u00a0rok 2030. Sk\u0105d taki wniosek? Jego zdaniem, wynika to\u00a0wyra\u017anie z\u00a0zainicjowanego przez Bruksel\u0119 programu zbrojeniowego. &#8222;R\u00f3wnie\u017c rok 2030 jest docelow\u0105 dat\u0105 przyspieszonej procedury przyst\u0105pienia Ukrainy do\u00a0Unii Europejskiej&#8221; \u2013\u00a0wskaza\u0142. Orban podkre\u015bli\u0142 tu, \u017ce\u00a0traktat ustanawiaj\u0105cy Uni\u0119 Europejsk\u0105 stanowi, \u017ce\u00a0&#8222;w\u00a0przypadku zbrojnej napa\u015bci na\u00a0terytorium jednego z\u00a0pa\u0144stw cz\u0142onkowskich pozosta\u0142e pa\u0144stwa cz\u0142onkowskie s\u0105 zobowi\u0105zane do\u00a0udzielenia mu wszelkiej pomocy, jak\u0105 dysponuj\u0105&#8221;. &#8222;Przyj\u0119cie walcz\u0105cej Ukrainy do\u00a0Unii Europejskiej spowodowa\u0142oby zatem natychmiastowe wybuchni\u0119cie wojny&#8221; \u2013\u00a0uwa\u017ca premier W\u0119gier. &#13;\n<\/p>\n<p>&#13;<br \/>\n&#8222;Oznacza to, \u017ce\u00a0przysz\u0142oroczne wybory w\u00a0W\u0119grzech mog\u0105 by\u0107 ostatnimi, w\u00a0kt\u00f3rych naprawd\u0119 b\u0119dziemy mogli zdecydowa\u0107 o\u00a0wojnie i\u00a0pokoju. W\u00a0przypadku imigracji nauczyli\u015bmy si\u0119 ju\u017c, \u017ce\u00a0s\u0105 decyzje, kt\u00f3rych p\u00f3\u017aniej nie\u00a0da si\u0119 cofn\u0105\u0107. Gdyby\u015bmy w\u00a02015 roku nie\u00a0postawili ogrodzenia, migranci ju\u017c by\u00a0tu byli. Je\u015bli w\u00a02026 roku podejmiemy z\u0142\u0105 decyzj\u0119, w\u00a0nast\u0119pnych wyborach w\u00a02030 roku b\u0119dzie ju\u017c za\u00a0p\u00f3\u017ano na\u00a0korekt\u0119. Nie\u00a0ma\u00a0czasu do\u00a0stracenia. Kto chce pokoju, niech si\u0119 do\u00a0nas przy\u0142\u0105czy!&#8221; \u2013\u00a0podsumowa\u0142 Orban. &#13;\n<\/p>\n<p>&#13;<br \/>\nfacebook&#13;\n<\/p>\n<p>&#8222;Sta\u0144my po\u00a0stronie Trumpa&#8221;<\/p>\n<p>&#13;<br \/>\nPrzypomnijmy, \u017ce\u00a0w\u0119gierski przyw\u00f3dca konsekwentnie wzywa do\u00a0zako\u0144czenia dzia\u0142a\u0144 wojennych na\u00a0Ukrainie. <a href=\"https:\/\/dorzeczy.pl\/opinie\/816491\/antywojenne-przeslanie-orbana-polozyc-kres-temu-szalenstwu.html\" rel=\"nofollow noopener\" target=\"_blank\">We wczorajszym wpisie zamieszczonym na\u00a0platformie X podkre\u015bli\u0142, \u017ce\u00a0wojna to\u00a0b\u00f3l.<\/a> &#13;\n<\/p>\n<p>&#13;<br \/>\n&#8222;[&#8230;] to\u00a0nie jest konflikt na\u00a0niby. Ka\u017cda \u015bmier\u0107 na\u00a0froncie pozostawia wdow\u0119, pogr\u0105\u017con\u0105 w\u00a0\u017ca\u0142obie matk\u0119 lub\u00a0sierot\u0119. To, co\u00a0widzimy na\u00a0Ukrainie, jest brutalne. Tymczasem Ameryka w\u00a0ko\u0144cu ma\u00a0prezydenta, kt\u00f3ry szczerze nienawidzi wojny. Sta\u0144my po\u00a0stronie Donalda Trumpa, przyw\u00f3dcy, kt\u00f3ry jest gotowy po\u0142o\u017cy\u0107 kres temu szale\u0144stwu i\u00a0przynie\u015b\u0107 pok\u00f3j&#8221; \u2013\u00a0zaapelowa\u0142 &#13;\n<\/p>\n<p>&#13;<br \/>\nCzytaj te\u017c:<br \/><a href=\"https:\/\/dorzeczy.pl\/kraj\/816656\/pilny-apel-polski-i-sojusznikow-czas-jest-najwyzszy.html\" rel=\"follow nofollow noopener\" data-schema=\"DORZECZY\" data-image=\"https:\/\/img.dorzeczy.pl\/_thumb\/05\/f7\/712c675f7c29310409f2b4895085.jpeg\" target=\"_blank\">Pilny apel Polski i\u00a0sojusznik\u00f3w. &#8222;Czas jest najwy\u017cszy&#8221;<\/a>Czytaj te\u017c:<br \/><a href=\"https:\/\/dorzeczy.pl\/opinie\/816446\/blisko-pokoju-w-wojnie-rosja-ukraina-zostaly-dwie-kwestie.html\" rel=\"follow nofollow noopener\" data-schema=\"DORZECZY\" data-image=\"https:\/\/img.dorzeczy.pl\/_thumb\/a3\/75\/d1e99dbc4b53cab9ee42a673d209.jpeg\" target=\"_blank\">&#8222;Musimy zako\u0144czy\u0107 ten konflikt&#8221;. Kellogg: Do\u00a0rozwi\u0105zania zosta\u0142y dwie kwestie<\/a>Czytaj te\u017c:<br \/><a href=\"https:\/\/dorzeczy.pl\/ekonomia\/816269\/niebezpieczny-safe.html\" rel=\"follow nofollow noopener\" data-schema=\"DORZECZY\" data-image=\"https:\/\/img.dorzeczy.pl\/_thumb\/bb\/21\/4db74cf6d209515a3ee7646cbaed.jpeg\" target=\"_blank\">Niebezpieczny SAFE<\/a>&#13;<\/p>\n","protected":false},"excerpt":{"rendered":"&#13; O wojnie, do\u00a0kt\u00f3rej ma\u00a0si\u0119 szykowa\u0107 Unia Europejska w\u0119gierski przyw\u00f3dca napisa\u0142 w\u00a0poniedzia\u0142ek na\u00a0swoim profilu w\u00a0mediach spo\u0142eczno\u015bciowych. Wskaza\u0142, \u017ce\u00a0nad&hellip;\n","protected":false},"author":2,"featured_media":139178,"comment_status":"","ping_status":"","sticky":false,"template":"","format":"standard","meta":{"footnotes":""},"categories":[14],"tags":[32,33,98,27,34,35,28,31,25,103,40,41,87,80,29,30,104,6676,26,2278,82,83,84],"class_list":{"0":"post-139177","1":"post","2":"type-post","3":"status-publish","4":"format-standard","5":"has-post-thumbnail","7":"category-swiat","8":"tag-breaking-news","9":"tag-breakingnews","10":"tag-dorzeczy","11":"tag-headlines","12":"tag-latest-news","13":"tag-latestnews","14":"tag-naglowki","15":"tag-najwazniejsze-artykuly","16":"tag-news","17":"tag-obserwator-mediow","18":"tag-polish","19":"tag-polski","20":"tag-rosja","21":"tag-swiat","22":"tag-top-stories","23":"tag-topstories","24":"tag-unia-europejska","25":"tag-viktor-orban","26":"tag-wiadomosci","27":"tag-wojna-na-ukrainie","28":"tag-world","29":"tag-world-news","30":"tag-worldnews"},"share_on_mastodon":{"url":"https:\/\/pubeurope.com\/@pl\/115684108199511972","error":""},"_links":{"self":[{"href":"https:\/\/www.europesays.com\/pl\/wp-json\/wp\/v2\/posts\/139177","targetHints":{"allow":["GET"]}}],"collection":[{"href":"https:\/\/www.europesays.com\/pl\/wp-json\/wp\/v2\/posts"}],"about":[{"href":"https:\/\/www.europesays.com\/pl\/wp-json\/wp\/v2\/types\/post"}],"author":[{"embeddable":true,"href":"https:\/\/www.europesays.com\/pl\/wp-json\/wp\/v2\/users\/2"}],"replies":[{"embeddable":true,"href":"https:\/\/www.europesays.com\/pl\/wp-json\/wp\/v2\/comments?post=139177"}],"version-history":[{"count":0,"href":"https:\/\/www.europesays.com\/pl\/wp-json\/wp\/v2\/posts\/139177\/revisions"}],"wp:featuredmedia":[{"embeddable":true,"href":"https:\/\/www.europesays.com\/pl\/wp-json\/wp\/v2\/media\/139178"}],"wp:attachment":[{"href":"https:\/\/www.europesays.com\/pl\/wp-json\/wp\/v2\/media?parent=139177"}],"wp:term":[{"taxonomy":"category","embeddable":true,"href":"https:\/\/www.europesays.com\/pl\/wp-json\/wp\/v2\/categories?post=139177"},{"taxonomy":"post_tag","embeddable":true,"href":"https:\/\/www.europesays.com\/pl\/wp-json\/wp\/v2\/tags?post=139177"}],"curies":[{"name":"wp","href":"https:\/\/api.w.org\/{rel}","templated":true}]}}