{"id":139179,"date":"2025-12-08T13:09:08","date_gmt":"2025-12-08T13:09:08","guid":{"rendered":"https:\/\/www.europesays.com\/pl\/139179\/"},"modified":"2025-12-08T13:09:08","modified_gmt":"2025-12-08T13:09:08","slug":"kluczowa-decyzja-prokuratury-ws-sebastiana-m-chodzi-o-jego-rodzine","status":"publish","type":"post","link":"https:\/\/www.europesays.com\/pl\/139179\/","title":{"rendered":"Kluczowa decyzja prokuratury ws. Sebastiana M. Chodzi o jego rodzin\u0119"},"content":{"rendered":"<p>Sebastian M. oskar\u017cony jest o\u00a0spowodowanie \u015bmiertelnego wypadku na autostradzie A1 we wrze\u015bniu 2023 roku. W\u00a0zdarzeniu zgin\u0119\u0142a trzyosobowa rodzina (z 5-letnim dzieckiem). Przed S\u0105dem Rejonowym w\u00a0Piotrkowie Trybunalskim toczy si\u0119 jego proces. M. grozi do 8\u00a0lat pozbawienia wolno\u015bci.<\/p>\n<p>Pytania bez odpowiedzi. Stan\u0119li przed s\u0105dem ws. Sebastiana M. <\/p>\n<p>Nied\u0142ugo po wypadku 34-latek wyjecha\u0142 do Niemiec, a\u00a0p\u00f3\u017aniej uda\u0142 si\u0119 do Dubaju. Tam przebywa\u0142 do momentu zako\u0144czenia procesu ekstradycyjnego, kt\u00f3ry zako\u0144czy\u0142 si\u0119 w\u00a0maju 2025 roku. Prokuratura Okr\u0119gowa w\u00a0Katowicach bada\u0142a, czy bliscy m\u0119\u017cczyzny pomagali mu m.in. w\u00a0sfinansowaniu podr\u00f3\u017cy do ZEA i\u00a0utrzymywali jego pobyt w\u00a0Dubaju, gdy by\u0142 on poszukiwany przez polski wymiar sprawieldiwo\u015bci.<\/p>\n<p>\u015aledczy analizowali ten w\u0105tek na wniosek mec. \u0141ukasza Kowalskiego, pe\u0142nomocnika rodziny ofiar wypadku na A1. Wed\u0142ug prawnika istnia\u0142a &#8222;mo\u017cliwo\u015b\u0107 pope\u0142nienia przest\u0119pstwa przez rodzin\u0119, kr\u0105g os\u00f3b&#8221;, kt\u00f3re powi\u0105zane by\u0142y z\u00a0Sebastianem M. <\/p>\n<p>\u015aledztwo w\u00a0tej sprawie ruszy\u0142o rok temu. Post\u0119powanie wszcz\u0119to, badaj\u0105c czy rodzina &#8222;udzieli\u0142a Sebastianowi M. pomocy w\u00a0ucieczce z\u00a0terytorium Rzeczypospolitej Polski oraz udzieli\u0142a mu pomocy finansowej&#8221;. Za czyn ten grozi\u0142a kara do pi\u0119ciu lat pozbawienia wolno\u015bci, jednak ostatecznie \u015bledczy umorzyli post\u0119powanie w\u00a0tej sprawie.<\/p>\n<p>Bliscy Sebastiana M. (ojciec, matka oraz siostra) uczestnicz\u0105 w\u00a0procesie w\u00a0roli obserwator\u00f3w. Ojciec m\u0119\u017cczyzny nie b\u0119dzie zeznawa\u0142 przed s\u0105dem. Skorzysta\u0142 z\u00a0prawa do odmowy sk\u0142adania wyja\u015bnie\u0144 w\u00a0sprawie swojego syna.<\/p>\n","protected":false},"excerpt":{"rendered":"Sebastian M. oskar\u017cony jest o\u00a0spowodowanie \u015bmiertelnego wypadku na autostradzie A1 we wrze\u015bniu 2023 roku. W\u00a0zdarzeniu zgin\u0119\u0142a trzyosobowa rodzina&hellip;\n","protected":false},"author":2,"featured_media":139180,"comment_status":"","ping_status":"","sticky":false,"template":"","format":"standard","meta":{"footnotes":""},"categories":[12],"tags":[32,33,36,37,27,34,35,28,31,25,42,38,40,39,41,29,30,26],"class_list":{"0":"post-139179","1":"post","2":"type-post","3":"status-publish","4":"format-standard","5":"has-post-thumbnail","7":"category-polska","8":"tag-breaking-news","9":"tag-breakingnews","10":"tag-featured-news","11":"tag-featurednews","12":"tag-headlines","13":"tag-latest-news","14":"tag-latestnews","15":"tag-naglowki","16":"tag-najwazniejsze-artykuly","17":"tag-news","18":"tag-pl","19":"tag-poland","20":"tag-polish","21":"tag-polska","22":"tag-polski","23":"tag-top-stories","24":"tag-topstories","25":"tag-wiadomosci"},"share_on_mastodon":{"url":"https:\/\/pubeurope.com\/@pl\/115684112168361859","error":""},"_links":{"self":[{"href":"https:\/\/www.europesays.com\/pl\/wp-json\/wp\/v2\/posts\/139179","targetHints":{"allow":["GET"]}}],"collection":[{"href":"https:\/\/www.europesays.com\/pl\/wp-json\/wp\/v2\/posts"}],"about":[{"href":"https:\/\/www.europesays.com\/pl\/wp-json\/wp\/v2\/types\/post"}],"author":[{"embeddable":true,"href":"https:\/\/www.europesays.com\/pl\/wp-json\/wp\/v2\/users\/2"}],"replies":[{"embeddable":true,"href":"https:\/\/www.europesays.com\/pl\/wp-json\/wp\/v2\/comments?post=139179"}],"version-history":[{"count":0,"href":"https:\/\/www.europesays.com\/pl\/wp-json\/wp\/v2\/posts\/139179\/revisions"}],"wp:featuredmedia":[{"embeddable":true,"href":"https:\/\/www.europesays.com\/pl\/wp-json\/wp\/v2\/media\/139180"}],"wp:attachment":[{"href":"https:\/\/www.europesays.com\/pl\/wp-json\/wp\/v2\/media?parent=139179"}],"wp:term":[{"taxonomy":"category","embeddable":true,"href":"https:\/\/www.europesays.com\/pl\/wp-json\/wp\/v2\/categories?post=139179"},{"taxonomy":"post_tag","embeddable":true,"href":"https:\/\/www.europesays.com\/pl\/wp-json\/wp\/v2\/tags?post=139179"}],"curies":[{"name":"wp","href":"https:\/\/api.w.org\/{rel}","templated":true}]}}