{"id":139189,"date":"2025-12-08T13:15:10","date_gmt":"2025-12-08T13:15:10","guid":{"rendered":"https:\/\/www.europesays.com\/pl\/139189\/"},"modified":"2025-12-08T13:15:10","modified_gmt":"2025-12-08T13:15:10","slug":"idiota-z-ksiazeczka-czekowa-po-ujawnieniu-nowej-strategii-bezpieczenstwa-usa-na-kremlu-strzelaja-korki-od-szampana-w-duzej-mierze-zgodne-z-nasza-wizja","status":"publish","type":"post","link":"https:\/\/www.europesays.com\/pl\/139189\/","title":{"rendered":"Idiota z ksi\u0105\u017ceczk\u0105 czekow\u0105&#8221;. Po ujawnieniu nowej strategii bezpiecze\u0144stwa USA na Kremlu strzelaj\u0105 korki od szampana. &#8222;W du\u017cej mierze zgodne z nasz\u0105 wizj\u0105"},"content":{"rendered":"<p>Nowa strategia Waszyngtonu stanowi znacz\u0105ce odej\u015bcie od dotychczasowej polityki transatlantyckiej USA. Zak\u0142ada ona wstrzymanie rozszerzenia NATO i ostrzega, \u017ce Europa stoi u progu &#8222;zaniku cywilizacji&#8221;.<\/p>\n<p>W <a href=\"https:\/\/wiadomosci.onet.pl\/swiat\/usa-maja-nowa-strategie-bezpieczenstwa-piec-kluczowych-wnioskow\/559p73b\" id=\"01f9a34f-d130-4975-8ef8-9d319345ac19\" rel=\"nofollow noopener\" target=\"_blank\">opublikowanym w czwartek wieczorem dokumencie <\/a>stwierdzono, \u017ce polityka Waszyngtonu wobec Europy powinna priorytetowo traktowa\u0107 &#8222;zako\u0144czenie postrzegania NATO jako sojuszu nieustannie si\u0119 rozszerzaj\u0105cego oraz zapobieganie takiej rzeczywisto\u015bci&#8221;.<\/p>\n<p>\u2014 Powiedzia\u0142bym, \u017ce zmiany, kt\u00f3re obserwujemy, s\u0105 w du\u017cej mierze zgodne z nasz\u0105 wizj\u0105 \u2014 powiedzia\u0142 rzecznik Kremla Dmitrij Pieskow w wywiadzie dla pa\u0144stwowej stacji telewizyjnej Rossija wyemitowanym w niedziel\u0119.<\/p>\n<p class=\"ods-c-paragraph \">\u2014 Prezydent Trump ma obecnie siln\u0105 pozycj\u0119 w polityce wewn\u0119trznej. Daje mu to mo\u017cliwo\u015b\u0107 dostosowania koncepcji do swojej wizji \u2014 doda\u0142 Pieskow.<\/p>\n<p class=\"ods-c-paragraph \">Krytycy nowej strategii bezpiecze\u0144stwa USA ubolewaj\u0105, \u017ce nowa polityka oznacza dalsze odej\u015bcie od solidarno\u015bci z sojusznikami w Europie, pog\u0142\u0119biaj\u0105c rozd\u017awi\u0119k w stosunkach transatlantyckich, kt\u00f3ry z ka\u017cdym dniem staje si\u0119 coraz trudniejszy do zniwelowania.<\/p>\n<p class=\"ods-c-paragraph \">&#8222;Porzucamy naszych sojusznik\u00f3w i ulegamy naszym przeciwnikom&#8221; \u2014 napisa\u0142 w artykule opublikowanym w Kyiv Post Alexander Vindman, emerytowany podpu\u0142kownik armii ameryka\u0144skiej, kt\u00f3ry pe\u0142ni\u0142 funkcj\u0119 dyrektora ds. europejskich w Radzie Bezpiecze\u0144stwa Narodowego Stan\u00f3w Zjednoczonych. &#8222;Naprawienie szk\u00f3d spowodowanych t\u0105 strategi\u0105 zajmie ca\u0142e pokolenia&#8221; \u2014 doda\u0142.<\/p>\n<p class=\"ods-c-paragraph \">Ci, kt\u00f3rzy obawiaj\u0105 si\u0119, \u017ce Stany Zjednoczone coraz bardziej trac\u0105 swoj\u0105 pozycj\u0119 \u015bwiatowego lidera i mog\u0105 porzuci\u0107 Ukrain\u0119, nie znajd\u0105 pocieszenia w ostatnich komentarzach syna prezydenta USA.<\/p>\n<p class=\"ods-c-paragraph \"><a href=\"https:\/\/wiadomosci.onet.pl\/swiat\/syn-trumpa-podgrzewa-atmosfere-uderza-w-ukraine-i-grozi-zmiana-kursu-usa-chcemy\/wdw34gr\" id=\"703460e4-3570-4d88-9211-94ee8efa5f2f\" rel=\"nofollow noopener\" target=\"_blank\">Przemawiaj\u0105c w niedziel\u0119 podczas konferencji w Dosze<\/a>, Donald Trump Jr. wyrazi\u0142 przekonanie, \u017ce Stany Zjednoczone nie b\u0119d\u0105 ju\u017c &#8222;idiot\u0105 trzymaj\u0105cym ksi\u0105\u017ceczk\u0119 czekow\u0105&#8221; do finansowania obrony Ukrainy i \u017ce Europa musi opracowa\u0107 lepszy plan.<\/p>\n<p>&#8222;Jestem troch\u0119 rozczarowany&#8221;<\/p>\n<p class=\"ods-c-paragraph \">Najstarszy syn prezydenta, kt\u00f3ry nie pe\u0142ni \u017cadnej oficjalnej funkcji w administracji, ale jest postrzegany jako jeden z lider\u00f3w prawicowego, izolacjonistycznego ruchu MAGA, dosadnie wypowiedzia\u0142 si\u0119 na temat polityki zagranicznej UE wobec Rosji.<\/p>\n<p class=\"ods-c-paragraph \">Stwierdzi\u0142, \u017ce sankcje europejskie nie przynosz\u0105 oczekiwanych rezultat\u00f3w, poniewa\u017c spowodowa\u0142y jedynie wzrost cen ropy, a tym samym zwi\u0119kszy\u0142y zasoby finansowe Rosji przeznaczone na dzia\u0142ania wojenne. Europejsk\u0105 strategi\u0119 okre\u015bli\u0142 jako &#8222;czekanie, a\u017c Rosja zbankrutuje&#8221;. \u2014 A to nie jest plan \u2014 doda\u0142.<\/p>\n<p class=\"ods-c-paragraph \">Spadkobierca fortuny z bran\u017cy nieruchomo\u015bci opisa\u0142 Ukrain\u0119 jako &#8222;znacznie bardziej skorumpowan\u0105 ni\u017c Rosja&#8221; i oskar\u017cy\u0142 prezydenta Wo\u0142odymyra Ze\u0142enskiego o przed\u0142u\u017canie wojny, poniewa\u017c wie, \u017ce &#8222;nigdy nie wygra\u0142by wybor\u00f3w, gdyby ona si\u0119 zako\u0144czy\u0142a&#8221;.<\/p>\n<p><img decoding=\"async\" src=\"https:\/\/www.europesays.com\/pl\/wp-content\/uploads\/2025\/12\/laTk9lBaHR0cHM6Ly9vY2RuLmV1L3B1bHNjbXMvTURBXy84MmQzN2NlZTg0MGRlNDBiMzM1OTFhOTBhMGI3NzYwMC5qcGeRlQLNB.jpeg\" height=\"705\" width=\"940\" alt=\"Donald Trump Jr. uczestniczy w forum w Dosze, Katar, 7 grudnia 2025 r.\" loading=\"lazy\" class=\"ods-c-image__img ods-c-image__img--viewport-width\"\/><\/p>\n<p>Donald Trump Jr. uczestniczy w forum w Dosze, Katar, 7 grudnia 2025 r.Anadolu \/ Contributor \/ Getty Images<\/p>\n<p class=\"ods-c-paragraph \">P\u00f3\u017aniej, w niedzielnym wywiadzie dla SkyNews, zapytany, czy jego ojciec mo\u017ce ca\u0142kowicie zrezygnowa\u0107 ze wsparcia dla Ukrainy, m\u0142odszy Trump odpowiedzia\u0142 kr\u00f3tko: \u2014 My\u015bl\u0119, \u017ce tak.<\/p>\n<p class=\"ods-c-paragraph \">\u2014 To, co jest dobre w moim ojcu i co jest w nim wyj\u0105tkowe, to fakt, \u017ce nie wiadomo, co zrobi. Jest nieprzewidywalny \u2014 oceni\u0142.<\/p>\n<p class=\"ods-c-paragraph \">Sam Donald Trump nie zrobi\u0142 zbyt wiele, aby z\u0142agodzi\u0107 te obawy w niedziel\u0119, kiedy powiedzia\u0142 dziennikarzom, \u017ce Ze\u0142enski nie podchodzi powa\u017cnie do kwestii pokoju, poniewa\u017c, jak stwierdzi\u0142, nie przeczyta\u0142 on jeszcze najnowszej wersji ameryka\u0144skiej propozycji pokojowej.<\/p>\n<p class=\"ods-c-paragraph \">\u2014 Jestem troch\u0119 rozczarowany, \u017ce prezydent Ze\u0142enski nie przeczyta\u0142 jeszcze tej propozycji, a min\u0119\u0142o ju\u017c kilka godzin. Jego ludzie j\u0105 uwielbiaj\u0105, ale on nie \u2014 powiedzia\u0142 Trump.<\/p>\n","protected":false},"excerpt":{"rendered":"Nowa strategia Waszyngtonu stanowi znacz\u0105ce odej\u015bcie od dotychczasowej polityki transatlantyckiej USA. Zak\u0142ada ona wstrzymanie rozszerzenia NATO i ostrzega,&hellip;\n","protected":false},"author":2,"featured_media":139190,"comment_status":"","ping_status":"","sticky":false,"template":"","format":"standard","meta":{"footnotes":""},"categories":[14],"tags":[56,32,33,445,44,189,27,34,35,28,31,48,25,46,40,41,87,47,80,29,30,71,26,408,82,83,84],"class_list":{"0":"post-139189","1":"post","2":"type-post","3":"status-publish","4":"format-standard","5":"has-post-thumbnail","7":"category-swiat","8":"tag-article_premium","9":"tag-breaking-news","10":"tag-breakingnews","11":"tag-dmitrij_pieskow","12":"tag-donald_trump","13":"tag-europa","14":"tag-headlines","15":"tag-latest-news","16":"tag-latestnews","17":"tag-naglowki","18":"tag-najwazniejsze-artykuly","19":"tag-nat_styl","20":"tag-news","21":"tag-omp","22":"tag-polish","23":"tag-polski","24":"tag-rosja","25":"tag-screening_general","26":"tag-swiat","27":"tag-top-stories","28":"tag-topstories","29":"tag-usa","30":"tag-wiadomosci","31":"tag-wladimir_putin","32":"tag-world","33":"tag-world-news","34":"tag-worldnews"},"share_on_mastodon":{"url":"https:\/\/pubeurope.com\/@pl\/115684135892796421","error":""},"_links":{"self":[{"href":"https:\/\/www.europesays.com\/pl\/wp-json\/wp\/v2\/posts\/139189","targetHints":{"allow":["GET"]}}],"collection":[{"href":"https:\/\/www.europesays.com\/pl\/wp-json\/wp\/v2\/posts"}],"about":[{"href":"https:\/\/www.europesays.com\/pl\/wp-json\/wp\/v2\/types\/post"}],"author":[{"embeddable":true,"href":"https:\/\/www.europesays.com\/pl\/wp-json\/wp\/v2\/users\/2"}],"replies":[{"embeddable":true,"href":"https:\/\/www.europesays.com\/pl\/wp-json\/wp\/v2\/comments?post=139189"}],"version-history":[{"count":0,"href":"https:\/\/www.europesays.com\/pl\/wp-json\/wp\/v2\/posts\/139189\/revisions"}],"wp:featuredmedia":[{"embeddable":true,"href":"https:\/\/www.europesays.com\/pl\/wp-json\/wp\/v2\/media\/139190"}],"wp:attachment":[{"href":"https:\/\/www.europesays.com\/pl\/wp-json\/wp\/v2\/media?parent=139189"}],"wp:term":[{"taxonomy":"category","embeddable":true,"href":"https:\/\/www.europesays.com\/pl\/wp-json\/wp\/v2\/categories?post=139189"},{"taxonomy":"post_tag","embeddable":true,"href":"https:\/\/www.europesays.com\/pl\/wp-json\/wp\/v2\/tags?post=139189"}],"curies":[{"name":"wp","href":"https:\/\/api.w.org\/{rel}","templated":true}]}}