{"id":139193,"date":"2025-12-08T13:17:09","date_gmt":"2025-12-08T13:17:09","guid":{"rendered":"https:\/\/www.europesays.com\/pl\/139193\/"},"modified":"2025-12-08T13:17:09","modified_gmt":"2025-12-08T13:17:09","slug":"koalicja-obywatelska-znow-liderem-sondazu-tusk-ma-powody-do-radosci-onet","status":"publish","type":"post","link":"https:\/\/www.europesays.com\/pl\/139193\/","title":{"rendered":"Koalicja Obywatelska zn\u00f3w liderem sonda\u017cu. Tusk ma powody do rado\u015bci &#8211; Onet"},"content":{"rendered":"<ol>\n<li><a href=\"https:\/\/news.google.com\/rss\/articles\/CBMiygFBVV95cUxNcC1LWVRxTWhLOUUyQUpJTGJFd01rWnp1NEw1YV9NbWc0N2cyOTAydV9BMnM3UkhLZEVrN3lMcmZmYzd1TlpNYXNVUWYxSmExc0dydHJaWU1sLWRIcnh0UFl4SHdQNHp6VklGTmliOEdDcGtWbEo3d1hiMm84bWNaTDJCYjlwR2lIbTJ2b3NJS1VIUS1CRlBISEVxRktQaDhhTUdNNlhhME0tX05DX0dlckhvbld1RUZkWUQ4Y2paTUVlVlllS0JHUl9B?oc=5\" target=\"_blank\" rel=\"nofollow noopener\">Koalicja Obywatelska zn\u00f3w liderem sonda\u017cu. Tusk ma powody do rado\u015bci<\/a>&nbsp;&nbsp;Onet<\/li>\n<li><a href=\"https:\/\/news.google.com\/rss\/articles\/CBMiiwFBVV95cUxPTnNVYU5DV1NBSFJWSldrb2JDNlNKNWVCcUFveER6S0FaS0U4TktYQ0R1VjhVQUFXUTZ5Z254Zk95aC1FNlhqb28wTkRIbzNacFg5b0R5cVJxcmFMSjVLNWE0VUNUSmo5SnNJcUFFSjJ2XzFzelhUc3RlcmpZalVRS1B0S2dhWGw5WlQw?oc=5\" target=\"_blank\" rel=\"nofollow noopener\">Jakiej koalicji nie chcieliby Polacy? Jest nowy sonda\u017c<\/a>&nbsp;&nbsp;Onet Wiadomo\u015bci<\/li>\n<li><a href=\"https:\/\/news.google.com\/rss\/articles\/CBMinAFBVV95cUxQTVZwUlhDdWplRW9ZNnAzM3hxT2VJd2FTNkc2d0J0M2VFQ2pXcHVNUnNvV1lIRjNOUlg5cEtTdnZ4d2phOGhQRmwwNFlBVFh1Q1Z4ZkFocDJraTVjbFNSZVVJOVdTY28zblZWOVpvMEZWVzl5bzJnSnl1MGo1blBKSDlnMWw2TUNFZmtod09OckpKckxZcFA2UXpJaEI?oc=5\" target=\"_blank\" rel=\"nofollow noopener\">Najnowszy sonda\u017c. KO przed PiS, pi\u0119\u0107 ugrupowa\u0144 w Sejmie<\/a>&nbsp;&nbsp;WP Wiadomo\u015bci<\/li>\n<li><a href=\"https:\/\/news.google.com\/rss\/articles\/CBMixwFBVV95cUxPNWRwME5VXzVhc0UzcnFhR0tDU1ZnUUxlMG5Yd2VBQlZoUkhvTUZTWkZjY1Fkc3c4eTExMFZJdHZLbHVHODU4YmNBb0R4ekpCd0VPUlJuRmZVbWRNN2RBT2Fnb2VJZFVzSHpIVTNDYVBGVS05OE8teGZOekF6OXNOR3dib19WM0Y0NGhid1JULVJyWEpkckZfLTZVWms0QXRsZEhMcWpockF3QzE0RTJTSVhZdHgwVDc0MFRJYmJObnNnS1JZT2Y4?oc=5\" target=\"_blank\" rel=\"nofollow noopener\">Kogo Polacy nie chc\u0105 u w\u0142adzy? Najnowszy sonda\u017c ujawnia najbardziej niechciane koalicje<\/a>&nbsp;&nbsp;Business Insider Polska<\/li>\n<li><a href=\"https:\/\/news.google.com\/rss\/articles\/CBMilwFBVV95cUxObS1JaDE0djQ2RDRrdUFsb2t3RXZJVDEyOEQwQXZtUzh0UEdSaE1kRlR3TnlWYmFUYkk5cTZ3VGY4dVo0NEJ0cmxobktVaE9DRDA2LUtrWURKYVpYZlNwbVRQZmZuSFVqSl92OU1FeGRYWWE3N3c5UnI5V0ZtWTVwdHMwZ2NOLXQxZjB4Z29OMXZEb2Z5Tzc4?oc=5\" target=\"_blank\" rel=\"nofollow noopener\">Dobry wynik sonda\u017cowy KO, niedobry jej koalicjant\u00f3w<\/a>&nbsp;&nbsp;OKO.press<\/li>\n<\/ol>\n","protected":false},"excerpt":{"rendered":"Koalicja Obywatelska zn\u00f3w liderem sonda\u017cu. Tusk ma powody do rado\u015bci&nbsp;&nbsp;Onet Jakiej koalicji nie chcieliby Polacy? Jest nowy sonda\u017c&nbsp;&nbsp;Onet&hellip;\n","protected":false},"author":2,"featured_media":139194,"comment_status":"","ping_status":"","sticky":false,"template":"","format":"standard","meta":{"footnotes":""},"categories":[5],"tags":[32,33,36,37,27,1119,7225,10820,34,35,28,31,53,25,52,68,51,7212,55,42,38,40,39,4736,41,868,4735,47,5930,1998,1129,29,30,65,50,26],"class_list":{"0":"post-139193","1":"post","2":"type-post","3":"status-publish","4":"format-standard","5":"has-post-thumbnail","7":"category-naglowki","8":"tag-breaking-news","9":"tag-breakingnews","10":"tag-featured-news","11":"tag-featurednews","12":"tag-headlines","13":"tag-koalicja_obywatelska_ko","14":"tag-konfederacja_korony_polskiej_partia_polityczna","15":"tag-konferencja","16":"tag-latest-news","17":"tag-latestnews","18":"tag-naglowki","19":"tag-najwazniejsze-artykuly","20":"tag-new_header","21":"tag-news","22":"tag-onet3","23":"tag-onet3d","24":"tag-onet3d_2i","25":"tag-partia_razem","26":"tag-phx","27":"tag-pl","28":"tag-poland","29":"tag-polish","30":"tag-polska","31":"tag-polska_2050_ruch_polityczny","32":"tag-polski","33":"tag-prawo_i_sprawiedliwosc_pis","34":"tag-psl_polskie_stronnictwo_ludowe","35":"tag-screening_general","36":"tag-sejm_rp_posel_poslanka_poslowie","37":"tag-short_news","38":"tag-sondaze_sondaz","39":"tag-top-stories","40":"tag-topstories","41":"tag-update_me","42":"tag-v2021","43":"tag-wiadomosci"},"share_on_mastodon":{"url":"","error":"Validation failed: Text character limit of 500 exceeded"},"_links":{"self":[{"href":"https:\/\/www.europesays.com\/pl\/wp-json\/wp\/v2\/posts\/139193","targetHints":{"allow":["GET"]}}],"collection":[{"href":"https:\/\/www.europesays.com\/pl\/wp-json\/wp\/v2\/posts"}],"about":[{"href":"https:\/\/www.europesays.com\/pl\/wp-json\/wp\/v2\/types\/post"}],"author":[{"embeddable":true,"href":"https:\/\/www.europesays.com\/pl\/wp-json\/wp\/v2\/users\/2"}],"replies":[{"embeddable":true,"href":"https:\/\/www.europesays.com\/pl\/wp-json\/wp\/v2\/comments?post=139193"}],"version-history":[{"count":0,"href":"https:\/\/www.europesays.com\/pl\/wp-json\/wp\/v2\/posts\/139193\/revisions"}],"wp:featuredmedia":[{"embeddable":true,"href":"https:\/\/www.europesays.com\/pl\/wp-json\/wp\/v2\/media\/139194"}],"wp:attachment":[{"href":"https:\/\/www.europesays.com\/pl\/wp-json\/wp\/v2\/media?parent=139193"}],"wp:term":[{"taxonomy":"category","embeddable":true,"href":"https:\/\/www.europesays.com\/pl\/wp-json\/wp\/v2\/categories?post=139193"},{"taxonomy":"post_tag","embeddable":true,"href":"https:\/\/www.europesays.com\/pl\/wp-json\/wp\/v2\/tags?post=139193"}],"curies":[{"name":"wp","href":"https:\/\/api.w.org\/{rel}","templated":true}]}}