{"id":139227,"date":"2025-12-08T13:37:09","date_gmt":"2025-12-08T13:37:09","guid":{"rendered":"https:\/\/www.europesays.com\/pl\/139227\/"},"modified":"2025-12-08T13:37:09","modified_gmt":"2025-12-08T13:37:09","slug":"jaroslaw-kaczynski-oglasza-nowa-akcje-pis-nawiazal-do-amerykanskiego-aktywisty","status":"publish","type":"post","link":"https:\/\/www.europesays.com\/pl\/139227\/","title":{"rendered":"Jaros\u0142aw Kaczy\u0144ski og\u0142asza now\u0105 akcj\u0119 PiS. Nawi\u0105za\u0142 do ameryka\u0144skiego aktywisty"},"content":{"rendered":"<ul class=\"UnorderedList_container__nmfSl\">\n<li class=\"UnorderedList_listElement__Py7xi\" data-id=\"ai-summary-link\">Du\u017co czytania, a ma\u0142o czasu? Sprawd\u017a\u00a0skr\u00f3t\u00a0artyku\u0142u<\/li>\n<\/ul>\n<p class=\"Paragraph_desktopParagraph__U31Gm\">\u2014 Nasza partia jest ambitna i widzi interes Polski, wie, \u017ce ma do\u015bwiadczenie w rz\u0105dzeniu i \u017ce te osiem lat [rz\u0105d\u00f3w] w trudnych czasach wypad\u0142o dobrze. D\u0105\u017cymy do utrzymania wi\u0119kszo\u015bci. Niekt\u00f3rzy mog\u0105 to kwestionowa\u0107, ale my\u015bmy swego czasu mieli [w sonda\u017cach] 19 proc., a PO 60 proc., a mimo wszystko wybory wygrali\u015bmy. To wymaga dzia\u0142ania szerokiego i my te dzia\u0142ania podejmujemy \u2014 m\u00f3wi\u0142 prezes PiS, dodaj\u0105c, \u017ce jako partia chc\u0105 zwr\u00f3ci\u0107 si\u0119 do m\u0142odzie\u017cy \u2014 zw\u0142aszcza do tej akademickiej.<\/p>\n<p class=\"VideoPlayerText_videoPlayerText__iDwyz\">Dalszy ci\u0105g materia\u0142u pod wideo<\/p>\n<p class=\"Paragraph_desktopParagraph__U31Gm\">\u2014 Rozpoczynamy akcj\u0119, zwr\u00f3cili\u015bmy si\u0119 do wielu szk\u00f3\u0142 wy\u017cszych. Chodzi o rzecz prost\u0105. Uniwersytet powinien by\u0107 sfer\u0105 wolno\u015bci. Nie ukrywam, \u017ce odwo\u0142ujemy si\u0119 do \u015bwi\u0119tej pami\u0119ci pana Kirka, kt\u00f3ry prowadzi\u0142 tego rodzaju dyskusje, maj\u0105c cz\u0119sto dyskutant\u00f3w, kt\u00f3rzy mieli inne pogl\u0105dy ni\u017c on \u2014 doda\u0142.<\/p>\n<ul class=\"OchatFollowUps_wrapper__1ry7X\">\n<li class=\"OchatFollowUps_item__Dhyly OchatFollowUps_itemDesktop__R6aBv\">Jakie s\u0105 cele nowej akcji PiS?<\/li>\n<li class=\"OchatFollowUps_item__Dhyly OchatFollowUps_itemDesktop__R6aBv\">Do kogo skierowana jest ta inicjatywa?<\/li>\n<li class=\"OchatFollowUps_item__Dhyly OchatFollowUps_itemDesktop__R6aBv\">Kto by\u0142 inspiracj\u0105 dla akcji PiS?<\/li>\n<li class=\"OchatFollowUps_item__Dhyly OchatFollowUps_itemDesktop__R6aBv\">Czym jest has\u0142o 'zmie\u0144 nasze zdanie&#8217;?<\/li>\n<\/ul>\n<p>Prezes PiS zwr\u00f3ci\u0142 si\u0119 do student\u00f3w. &#8222;To jest co\u015b bardzo istotnego&#8221; <\/p>\n<p class=\"Paragraph_desktopParagraph__U31Gm\">Kaczy\u0144ski podkre\u015bli\u0142, \u017ce PiS chce rozmawia\u0107 ze wszystkimi studentami, tak\u017ce tymi o innych pogl\u0105dach. \u2014 B\u0119dziemy konsekwentnie d\u0105\u017cy\u0107 do tego, by te dyskusje si\u0119 odby\u0142y. Czy uda nam si\u0119 to w wielu uczelniach, czy tylko niekt\u00f3rych, zobaczymy \u2014 oznajmi\u0142.<\/p>\n<p class=\"Paragraph_desktopParagraph__U31Gm\">\u2014 To jest co\u015b bardzo istotnego. Istotne s\u0105 starcia r\u00f3\u017cnego rodzaju wizji Polski, r\u00f3\u017cnych argument\u00f3w i r\u00f3\u017cnych ocen, odnosz\u0105cych si\u0119 do tego, co ju\u017c mamy za sob\u0105 \u2014 doda\u0142 prezes PiS.<\/p>\n<p class=\"Paragraph_desktopParagraph__U31Gm\">\u2014 Warto, \u017ceby co\u015b takiego w Polsce si\u0119 odby\u0142o i poniewa\u017c my jasno m\u00f3wimy, \u017ce to, co zosta\u0142o sformu\u0142owane ju\u017c przed wielu laty, \u017ce Polska nawet wtedy, kiedy wolno\u015b\u0107 b\u0119dzie si\u0119 w Europie i na ca\u0142ym Zachodzie cofa\u0107, powinna zosta\u0107 oaza wolno\u015bci. To w historii si\u0119 zdarza\u0142o i by\u0107 mo\u017ce zdarzy si\u0119 teraz. Chocia\u017c woleliby\u015bmy, \u017ceby ta ofensywa przeciwko wolno\u015bci, podejmowana przez Lewic\u0119, zosta\u0142a zatrzymana, odparta a na koniec rozgromiona. Wolno\u015b\u0107 jest istot\u0105 demokracji i jest tak\u017ce tym d\u0105\u017ceniem cz\u0142owieka, kt\u00f3re mo\u017cna uzna\u0107 za najbardziej ludzkie \u2014 podkre\u015bli\u0142 Kaczy\u0144ski.<\/p>\n<p>&#8222;Zmie\u0144 nasze zdanie&#8221;. Patryk Jaki o inicjatywie inspirowanej protrumpowskim aktywist\u0105 <\/p>\n<p class=\"Paragraph_desktopParagraph__U31Gm\">Patryk Jaki przekaza\u0142 nast\u0119pnie, \u017ce akcja inspirowana jest inicjatyw\u0105, zapocz\u0105tkowan\u0105 przed Charliego Kirka. \u2014 Mamy nazw\u0119 tej inicjatywy, czyli &#8222;zmie\u0144 nasze zdanie&#8221;. Chcemy pokaza\u0107, \u017ce Polska mo\u017ce rozwija\u0107 si\u0119 inaczej, lepiej. Jeste\u015bmy gotowi rozmawia\u0107 w \u015brodowiskach cz\u0119sto wobec nas bardzo nie\u017cyczliwych \u2014 oznajmi\u0142 polityk, nawi\u0105zuj\u0105c do ameryka\u0144skiego aktywisty, jednego z lider\u00f3w protrumpowskiego ruchu &#8222;Make America Great Again&#8221; Charliego Kirka. <a href=\"https:\/\/wiadomosci.onet.pl\/swiat\/charlie-kirk-nie-zyje-byl-jednym-z-liderow-protrumpowskiego-ruchu-maga\/gnb0060\" id=\"662b4d9b-e095-4158-82a2-a8adf027e4de\" rel=\"nofollow noopener\" target=\"_blank\">M\u0119\u017cczyzna zosta\u0142 \u015bmiertelnie postrzelony podczas wiecu na jednej z uczelni. <\/a><\/p>\n","protected":false},"excerpt":{"rendered":"Du\u017co czytania, a ma\u0142o czasu? Sprawd\u017a\u00a0skr\u00f3t\u00a0artyku\u0142u \u2014 Nasza partia jest ambitna i widzi interes Polski, wie, \u017ce ma&hellip;\n","protected":false},"author":2,"featured_media":139228,"comment_status":"","ping_status":"","sticky":false,"template":"","format":"standard","meta":{"footnotes":""},"categories":[12],"tags":[32,33,2517,36,37,27,67,422,34,35,28,31,53,25,52,68,51,26831,55,42,38,40,39,41,868,47,29,30,9517,65,50,26],"class_list":{"0":"post-139227","1":"post","2":"type-post","3":"status-publish","4":"format-standard","5":"has-post-thumbnail","7":"category-polska","8":"tag-breaking-news","9":"tag-breakingnews","10":"tag-charlie_kirk","11":"tag-featured-news","12":"tag-featurednews","13":"tag-headlines","14":"tag-intextvideo_splayer","15":"tag-jaroslaw_kaczynski","16":"tag-latest-news","17":"tag-latestnews","18":"tag-naglowki","19":"tag-najwazniejsze-artykuly","20":"tag-new_header","21":"tag-news","22":"tag-onet3","23":"tag-onet3d","24":"tag-onet3d_2i","25":"tag-patryk_jaki","26":"tag-phx","27":"tag-pl","28":"tag-poland","29":"tag-polish","30":"tag-polska","31":"tag-polski","32":"tag-prawo_i_sprawiedliwosc_pis","33":"tag-screening_general","34":"tag-top-stories","35":"tag-topstories","36":"tag-uczelnie_wyzsze_uczelnia_wyzsza_szkola_wyzsza_student_studentka_studenci_studentki","37":"tag-update_me","38":"tag-v2021","39":"tag-wiadomosci"},"share_on_mastodon":{"url":"","error":"Validation failed: Text character limit of 500 exceeded"},"_links":{"self":[{"href":"https:\/\/www.europesays.com\/pl\/wp-json\/wp\/v2\/posts\/139227","targetHints":{"allow":["GET"]}}],"collection":[{"href":"https:\/\/www.europesays.com\/pl\/wp-json\/wp\/v2\/posts"}],"about":[{"href":"https:\/\/www.europesays.com\/pl\/wp-json\/wp\/v2\/types\/post"}],"author":[{"embeddable":true,"href":"https:\/\/www.europesays.com\/pl\/wp-json\/wp\/v2\/users\/2"}],"replies":[{"embeddable":true,"href":"https:\/\/www.europesays.com\/pl\/wp-json\/wp\/v2\/comments?post=139227"}],"version-history":[{"count":0,"href":"https:\/\/www.europesays.com\/pl\/wp-json\/wp\/v2\/posts\/139227\/revisions"}],"wp:featuredmedia":[{"embeddable":true,"href":"https:\/\/www.europesays.com\/pl\/wp-json\/wp\/v2\/media\/139228"}],"wp:attachment":[{"href":"https:\/\/www.europesays.com\/pl\/wp-json\/wp\/v2\/media?parent=139227"}],"wp:term":[{"taxonomy":"category","embeddable":true,"href":"https:\/\/www.europesays.com\/pl\/wp-json\/wp\/v2\/categories?post=139227"},{"taxonomy":"post_tag","embeddable":true,"href":"https:\/\/www.europesays.com\/pl\/wp-json\/wp\/v2\/tags?post=139227"}],"curies":[{"name":"wp","href":"https:\/\/api.w.org\/{rel}","templated":true}]}}