{"id":139251,"date":"2025-12-08T13:51:09","date_gmt":"2025-12-08T13:51:09","guid":{"rendered":"https:\/\/www.europesays.com\/pl\/139251\/"},"modified":"2025-12-08T13:51:09","modified_gmt":"2025-12-08T13:51:09","slug":"poznalismy-mlodziezowe-slowo-roku-2025-plebiscyt-pwn-rozstrzygniety","status":"publish","type":"post","link":"https:\/\/www.europesays.com\/pl\/139251\/","title":{"rendered":"Poznali\u015bmy M\u0142odzie\u017cowe S\u0142owo Roku 2025. Plebiscyt PWN rozstrzygni\u0119ty"},"content":{"rendered":"<ul class=\"list-summary__items summary\">\n<li>Jakie s\u0142owo wygra\u0142o plebiscyt na M\u0142odzie\u017cowe S\u0142owo Roku 2025.<\/li>\n<li>Kto jest organizatorem tego plebiscytu.<\/li>\n<li>Jakie s\u0142owo zwyci\u0119\u017cy\u0142o w plebiscycie organizowanym przez uniwersytet w Oksfordzie.<\/li>\n<\/ul>\n<p>    <a name=\"eztoc36104761_0_5\" id=\"eztoc36104761_0_5\"\/>M\u0142odzie\u017cowe S\u0142owo Roku 2025. Znamy zwyci\u0119zc\u0119<\/p>\n<p>\n<a href=\"https:\/\/wiadomosci.radiozet.pl\/tag\/kategoria\/mlodziezowe-slowo-roku\" target=\"_self\" rel=\"dofollow noopener\">M\u0142odzie\u017cowe S\u0142owo Roku<\/a> to konkurs organizowany przez Wydawnictwo Naukowe PWN w trzech etapach. Internauci zg\u0142aszaj\u0105 swoje propozycje, potem, w internetowym g\u0142osowaniu, wy\u0142aniaj\u0105 fina\u0142ow\u0105 pi\u0119tnastk\u0119, a zwyci\u0119zc\u0119 wybiera kapitu\u0142a z\u0142o\u017cona z j\u0119zykoznawc\u00f3w. W ubieg\u0142ym roku wygra\u0142o s\u0142owo &#8222;sigma\u201d &#8211; oznaczaj\u0105ce osob\u0119 wybitn\u0105, wart\u0105 na\u015bladowania.<\/p>\n<p>W tegorocznym plebiscycie zwyci\u0119\u017cy\u0142o s\u0142owo szponci\u0107. Co to znaczy?<\/p>\n<p>Szponci\u0107\/Szpont &#8211; s\u0142owo u\u017cywane albo z dezaprobat\u0105: robi\u0107 co\u015b niew\u0142a\u015bciwego, z\u0142ego, szkodliwego, igra\u0107 z czym\u015b, wyg\u0142upia\u0107 si\u0119, cwaniaczy\u0107, albo z podziwem: robi\u0107 co\u015b ciekawego, szalonego, organizowa\u0107 co\u015b, flirtowa\u0107. Wyst\u0119powa\u0142o niegdy\u015b tak\u017ce w gwarach miejskich i j\u0119zyku przest\u0119pczym ze znaczeniem \u201ekombinowa\u0107, intrygowa\u0107, powodowa\u0107 nieporozumienia\u201d. Rzeczownik szpont odnosi si\u0119 w zale\u017cno\u015bci od kontekstu do m.in. \u201ezamieszania, wydarzenia, b\u0142\u0119du lub triku\u201d.<\/p>\n<p><a name=\"eztoc36104761_0_6\" id=\"eztoc36104761_0_6\"\/>Fina\u0142owa &#8222;15&#8221; plebiscytu PWN<\/p>\n<p>\n<a href=\"https:\/\/wiadomosci.radiozet.pl\/polska\/mlodziezowe-slowo-roku-2025-finalowa-lista-znaczenie\" target=\"_self\" rel=\"dofollow noopener\">W fina\u0142owej &#8222;15&#8221; w plebiscycie na\u00a0M\u0142odzie\u017cowe S\u0142owo Roku 2025<\/a> znalaz\u0142y si\u0119 ponadto takie zwroty jak\u00a0&#8222;skibidi&#8221;, &#8222;klasa&#8221;, &#8222;twin&#8221;, &#8222;lowkey&#8221;, &#8222;OKPA&#8221;, &#8222;brainrot&#8221;, &#8222;bro&#8221;, &#8222;fr&#8221;, &#8222;freaky&#8221;, &#8222;GOAT&#8221;, &#8222;slay&#8221;, &#8222;szacun&#8221;, &#8222;szponci\u0107\/szpont&#8221;, &#8222;tuff&#8221;, oraz liczbowy zwrot &#8222;6-7&#8221;.<\/p>\n<p>Wcze\u015bniej wybrano r\u00f3wnie\u017c s\u0142owo roku w plebiscycie organizowanym przez uniwersytet w Oksfordzie.<br \/>\n<a href=\"https:\/\/wiadomosci.radiozet.pl\/swiat\/slowo-roku-2025-oxford-university-press-wybrane-budzi-kontrowersje\" target=\"_self\" rel=\"dofollow noopener\">Tam zwyci\u0119\u017cy\u0142 zwrot &#8222;rage baiting&#8221;<\/a> (z angielskiego: kuszenie z\u0142o\u015bci\u0105), kt\u00f3ry oznacza manipulacyjn\u0105 taktyk\u0119 polegaj\u0105c\u0105 na zwi\u0119kszaniu zasi\u0119g\u00f3w kontrowersyjnymi tre\u015bciami.\u00a0<\/p>\n<p>\u0179r\u00f3d\u0142o: Radio ZET\/PWN<\/p>\n<p>By\u0142e\u015b \u015bwiadkiem czego\u015b niespodziewanego? Masz temat, kt\u00f3rym powinni\u015bmy si\u0119 zaj\u0105\u0107?<\/p>\n<p>Zg\u0142o\u015b spraw\u0119 przez <a href=\"https:\/\/wiadomosci.radiozet.pl\/czerwony-telefon\" target=\"_blank\" title=\"Czerwony telefon Radia Zet\" rel=\"nofollow noopener\">Czerwony telefon Radia ZET<\/a><\/p>\n","protected":false},"excerpt":{"rendered":"Jakie s\u0142owo wygra\u0142o plebiscyt na M\u0142odzie\u017cowe S\u0142owo Roku 2025. Kto jest organizatorem tego plebiscytu. Jakie s\u0142owo zwyci\u0119\u017cy\u0142o w&hellip;\n","protected":false},"author":2,"featured_media":139252,"comment_status":"","ping_status":"","sticky":false,"template":"","format":"standard","meta":{"footnotes":""},"categories":[12],"tags":[32,33,36,37,27,34,35,28560,28,31,25,42,38,40,39,41,29,30,14881,26],"class_list":{"0":"post-139251","1":"post","2":"type-post","3":"status-publish","4":"format-standard","5":"has-post-thumbnail","7":"category-polska","8":"tag-breaking-news","9":"tag-breakingnews","10":"tag-featured-news","11":"tag-featurednews","12":"tag-headlines","13":"tag-latest-news","14":"tag-latestnews","15":"tag-mlodziezowe-slowo-roku","16":"tag-naglowki","17":"tag-najwazniejsze-artykuly","18":"tag-news","19":"tag-pl","20":"tag-poland","21":"tag-polish","22":"tag-polska","23":"tag-polski","24":"tag-top-stories","25":"tag-topstories","26":"tag-uniwersytet","27":"tag-wiadomosci"},"share_on_mastodon":{"url":"https:\/\/pubeurope.com\/@pl\/115684277349488121","error":""},"_links":{"self":[{"href":"https:\/\/www.europesays.com\/pl\/wp-json\/wp\/v2\/posts\/139251","targetHints":{"allow":["GET"]}}],"collection":[{"href":"https:\/\/www.europesays.com\/pl\/wp-json\/wp\/v2\/posts"}],"about":[{"href":"https:\/\/www.europesays.com\/pl\/wp-json\/wp\/v2\/types\/post"}],"author":[{"embeddable":true,"href":"https:\/\/www.europesays.com\/pl\/wp-json\/wp\/v2\/users\/2"}],"replies":[{"embeddable":true,"href":"https:\/\/www.europesays.com\/pl\/wp-json\/wp\/v2\/comments?post=139251"}],"version-history":[{"count":0,"href":"https:\/\/www.europesays.com\/pl\/wp-json\/wp\/v2\/posts\/139251\/revisions"}],"wp:featuredmedia":[{"embeddable":true,"href":"https:\/\/www.europesays.com\/pl\/wp-json\/wp\/v2\/media\/139252"}],"wp:attachment":[{"href":"https:\/\/www.europesays.com\/pl\/wp-json\/wp\/v2\/media?parent=139251"}],"wp:term":[{"taxonomy":"category","embeddable":true,"href":"https:\/\/www.europesays.com\/pl\/wp-json\/wp\/v2\/categories?post=139251"},{"taxonomy":"post_tag","embeddable":true,"href":"https:\/\/www.europesays.com\/pl\/wp-json\/wp\/v2\/tags?post=139251"}],"curies":[{"name":"wp","href":"https:\/\/api.w.org\/{rel}","templated":true}]}}