{"id":139279,"date":"2025-12-08T14:07:11","date_gmt":"2025-12-08T14:07:11","guid":{"rendered":"https:\/\/www.europesays.com\/pl\/139279\/"},"modified":"2025-12-08T14:07:11","modified_gmt":"2025-12-08T14:07:11","slug":"kontuzja-reprezentanta-polski-chwile-wczesniej-cudowna-asysta-wideo","status":"publish","type":"post","link":"https:\/\/www.europesays.com\/pl\/139279\/","title":{"rendered":"Kontuzja reprezentanta Polski. Chwil\u0119 wcze\u015bniej cudowna asysta [WIDEO]"},"content":{"rendered":"<p>Filip R\u00f3zga zanotowa\u0142 znakomit\u0105 asyst\u0119 w meczu Sturmu Graz z Grazer AK. Chwil\u0119 p\u00f3\u017aniej Polak musia\u0142 jednak opu\u015bci\u0107 plac gry.<\/p>\n<p>W niedzielne popo\u0142udnie Sturm Graz mierzy\u0142 si\u0119 w derbowym spotkaniu z Grazer AK w 16. kolejce austriackiej ekstraklasy. Gospodarze otworzyli wynik w si\u00f3dmej minucie. Do siatki trafi\u0142 Jeyland Mitchell.<\/p>\n<p>Dalsza cz\u0119\u015b\u0107 tekstu pod wideo<\/p>\n<p>Nast\u0119pne trafienia mia\u0142y miejsce ju\u017c po przerwie. W 67. minucie b\u0142ysn\u0105\u0142 Filip R\u00f3zga. Reprezentant Polski przechwyci\u0142 pi\u0142k\u0119 po niecelnym wybiciu Jakoba Meierhofera i pop\u0119dzi\u0142 skrzyd\u0142em w stron\u0119 bramki.<\/p>\n<p>Nast\u0119pnie pomocnik wpad\u0142 w pole karne, przedryblowa\u0142 dw\u00f3ch oponent\u00f3w, po czym niemal z linii ko\u0144cowej do\u015brodkowa\u0142 do Maurice&#8217;a Malone&#8217;a. Temu pozosta\u0142o wy\u0142\u0105cznie umie\u015bci\u0107 pi\u0142k\u0119 w siatce z najbli\u017cszej odleg\u0142o\u015bci.<\/p>\n<p>Po chwili Polak musia\u0142 jednak opu\u015bci\u0107 boisko. Po faulu Tobiasa Kocha nie by\u0142 w stanie kontynuowa\u0107 gry i zszed\u0142 z boiska, wyra\u017anie utykaj\u0105c. W 81. minucie starcia zast\u0105pi\u0142 go Jacob Hodl.<\/p>\n<p>Jak na razie klub nie wyda\u0142 \u017cadnego komunikatu na temat stanu zdrowia pomocnika. Najpewniej w poniedzia\u0142ek przejdzie on kompleksowe badania, po kt\u00f3rych wszystko b\u0119dzie ju\u017c jasne.<\/p>\n<p>W 100. minucie do kontaktu doprowadzi\u0142 Christian Lichtenberger. Na wi\u0119cej goli go\u015bciom zabrak\u0142o jednak czasu. Sko\u0144czy\u0142o si\u0119 2:1. Sturm Graz zajmuje drugie, a Grazer AK &#8211; 11. miejsce.<\/p>\n<p>Dla R\u00f3zgi by\u0142a to druga asysta w trwaj\u0105cych rozgrywkach. Opr\u00f3cz tego wychowanek Cracovii zaliczy\u0142 dwa trafienia na przestrzeni 20 wyst\u0119p\u00f3w. Portal Transfermarkt wycenia go na dwa i p\u00f3\u0142 miliona euro.<\/p>\n","protected":false},"excerpt":{"rendered":"Filip R\u00f3zga zanotowa\u0142 znakomit\u0105 asyst\u0119 w meczu Sturmu Graz z Grazer AK. Chwil\u0119 p\u00f3\u017aniej Polak musia\u0142 jednak opu\u015bci\u0107&hellip;\n","protected":false},"author":2,"featured_media":139280,"comment_status":"","ping_status":"","sticky":false,"template":"","format":"standard","meta":{"footnotes":""},"categories":[24],"tags":[42,38,40,39,41,127,126],"class_list":{"0":"post-139279","1":"post","2":"type-post","3":"status-publish","4":"format-standard","5":"has-post-thumbnail","7":"category-sport","8":"tag-pl","9":"tag-poland","10":"tag-polish","11":"tag-polska","12":"tag-polski","13":"tag-sport","14":"tag-sports"},"share_on_mastodon":{"url":"https:\/\/pubeurope.com\/@pl\/115684340278429720","error":""},"_links":{"self":[{"href":"https:\/\/www.europesays.com\/pl\/wp-json\/wp\/v2\/posts\/139279","targetHints":{"allow":["GET"]}}],"collection":[{"href":"https:\/\/www.europesays.com\/pl\/wp-json\/wp\/v2\/posts"}],"about":[{"href":"https:\/\/www.europesays.com\/pl\/wp-json\/wp\/v2\/types\/post"}],"author":[{"embeddable":true,"href":"https:\/\/www.europesays.com\/pl\/wp-json\/wp\/v2\/users\/2"}],"replies":[{"embeddable":true,"href":"https:\/\/www.europesays.com\/pl\/wp-json\/wp\/v2\/comments?post=139279"}],"version-history":[{"count":0,"href":"https:\/\/www.europesays.com\/pl\/wp-json\/wp\/v2\/posts\/139279\/revisions"}],"wp:featuredmedia":[{"embeddable":true,"href":"https:\/\/www.europesays.com\/pl\/wp-json\/wp\/v2\/media\/139280"}],"wp:attachment":[{"href":"https:\/\/www.europesays.com\/pl\/wp-json\/wp\/v2\/media?parent=139279"}],"wp:term":[{"taxonomy":"category","embeddable":true,"href":"https:\/\/www.europesays.com\/pl\/wp-json\/wp\/v2\/categories?post=139279"},{"taxonomy":"post_tag","embeddable":true,"href":"https:\/\/www.europesays.com\/pl\/wp-json\/wp\/v2\/tags?post=139279"}],"curies":[{"name":"wp","href":"https:\/\/api.w.org\/{rel}","templated":true}]}}