{"id":139311,"date":"2025-12-08T14:26:09","date_gmt":"2025-12-08T14:26:09","guid":{"rendered":"https:\/\/www.europesays.com\/pl\/139311\/"},"modified":"2025-12-08T14:26:09","modified_gmt":"2025-12-08T14:26:09","slug":"sondaz-dla-polsat-news-jaroslaw-kaczynski-komentuje-wynik-pis","status":"publish","type":"post","link":"https:\/\/www.europesays.com\/pl\/139311\/","title":{"rendered":"Sonda\u017c dla Polsat News. Jaros\u0142aw Kaczy\u0144ski komentuje wynik PiS"},"content":{"rendered":"<ul class=\"typography ids-typeset-body ids-typeset-body--preset-large list ids-list ids-list--unordered ids-list--size-large \" datatype=\"disc\">\n<li class=\"ids-list-item\">\n<p>Jaros\u0142aw Kaczy\u0144ski t\u0142umaczy spadek poparcia PiS operacj\u0105 hejtersk\u0105 oraz przewag\u0105 narracyjn\u0105 przeciwnik\u00f3w.<\/p>\n<\/li>\n<li class=\"ids-list-item\">\n<p>Nowy sonda\u017c IBRiS dla Polsat News wskazuje Koalicj\u0119 Obywatelsk\u0105 jako lidera z niemal 31 proc. poparcia, PiS na drugim miejscu z 25,5 proc.<\/p>\n<\/li>\n<li class=\"ids-list-item\">\n<p>Kaczy\u0144ski wyklucza mo\u017cliwo\u015b\u0107 koalicji z Konfederacj\u0105 Korony Polskiej, deklaruje otwarto\u015b\u0107 na wsp\u00f3\u0142prac\u0119 z racjonalnymi ugrupowaniami po prawej stronie.<\/p>\n<\/li>\n<li class=\"ids-list-item\">Wi\u0119cej wa\u017cnych informacji znajdziesz na <a class=\"ids-undecorated-link link ids-link link\" href=\"https:\/\/www.interia.pl\/#utm_source=wydarzenia&amp;utm_medium=bullet&amp;utm_campaign=powrot_z_wew&amp;iwa_source=bullet\" target=\"_blank\" rel=\"nofollow noopener\">stronie g\u0142\u00f3wnej Interii<\/a><\/li>\n<\/ul>\n<p class=\"typography ids-typeset-body ids-typeset-body--preset-large link paragraph ids-paragraph ids-paragraph--default\">Na najnowsze wyniki zareagowa\u0142 podczas konferencji prasowej w siedzibie PiS lider partii.<\/p>\n<p class=\"typography ids-typeset-body ids-typeset-body--preset-large link paragraph ids-paragraph ids-paragraph--default\">&#8211; Wspominam sytuacj\u0119 z prze\u0142omu 2012 i 2013. Wtedy PiS mia\u0142o 19 proc., a PO 60 proc. I przypominam w tym miejscu wynik z 2015 roku (PiS si\u0119gn\u0119\u0142o po w\u0142adz\u0119 na kolejne dwie kadencje &#8211; red.).\u00a0My\u00a0w tej chwili nie my\u015blimy o koalicji a zwyci\u0119stwie &#8211; powiedzia\u0142 <a href=\"https:\/\/wydarzenia.interia.pl\/tematy-jaroslaw-kaczynski,gsbi,3\" rel=\"nofollow noopener\" target=\"_blank\">Jaros\u0142aw Kaczy\u0144ski<\/a>.<\/p>\n<p class=\"typography ids-typeset-body ids-typeset-body--preset-large link paragraph ids-paragraph ids-paragraph--default\">Dopytywany o spadek poparcia ugrupowania poni\u017cej 30 proc. lider PiS stwierdzi\u0142, \u017ce to wina jego politycznych oponent\u00f3w.<\/p>\n<p>Nowy sonda\u017c dla Polsat News. Jaros\u0142aw Kaczy\u0144ski komentuje wynik PiS<\/p>\n<p class=\"typography ids-typeset-body ids-typeset-body--preset-large link paragraph ids-paragraph ids-paragraph--default\">&#8211; Powodem jest ta pot\u0119\u017cna operacja hejterska, te metody niestety s\u0105 skuteczne. Po prostu jest przewaga narracyjna przeciwnik\u00f3w &#8211; oceni\u0142.<\/p>\n<p class=\"typography ids-typeset-body ids-typeset-body--preset-large link paragraph ids-paragraph ids-paragraph--default\">IBRiS zapyta\u0142 tak\u017ce ankietowanych Polak\u00f3w o potencjalne koalicje powyborcze. Okaza\u0142o si\u0119, i\u017c najwi\u0119cej przeciwnik\u00f3w ma teoretyczna umowa mi\u0119dzy KO a Konfederacj\u0105, jednak nieco mniej ni\u017c 2\/3 respondent\u00f3w nie chce koalicji PiS z Konfederacj\u0105 Korony Polskiej. Jak na te wyniki zapatruje si\u0119 Jaros\u0142aw Kaczy\u0144ski?<\/p>\n<p class=\"typography ids-typeset-body ids-typeset-body--preset-large link paragraph ids-paragraph ids-paragraph--default\">&#8211; Jeste\u015bmy gotowi do koalicji z tymi, oczywi\u015bcie z tej naszej strony, patriotycznej, tak bym j\u0105 nazwa\u0142, ale tymi, kt\u00f3rzy s\u0105 gotowi racjonalnie rz\u0105dzi\u0107. \u0141atwo jest opowiada\u0107 r\u00f3\u017cne rzeczy, ale (&#8230;) partnerami mog\u0105 by\u0107 tylko ci, kt\u00f3rzy zdaj\u0105 sobie spraw\u0119, jaka jest ta sytuacja &#8211; powiedzia\u0142 szef prawicowego ugrupowania.<\/p>\n<p class=\"typography ids-typeset-body ids-typeset-body--preset-large link paragraph ids-paragraph ids-paragraph--default\">Jednocze\u015bnie polityk wyrazi\u0142 zgodno\u015b\u0107 pogl\u0105d\u00f3w z prezydentem Polski wobec Wsp\u00f3lnoty Europejskiej. &#8211; My jeste\u015bmy za tym, \u017ceby by\u0107 w UE, za UE, tylko \u017ce t\u0119 UE trzeba bardzo radykalnie przebudowa\u0107, wr\u00f3ci\u0107 do jej \u017ar\u00f3de\u0142 &#8211; zapewnia\u0142.<\/p>\n<p>PiS w koalicji z Braunem? Kaczy\u0144ski zwr\u00f3ci si\u0119 do &#8222;zwolennik\u00f3w prawej strony&#8221;<\/p>\n<p class=\"typography ids-typeset-body ids-typeset-body--preset-large link paragraph ids-paragraph ids-paragraph--default\">Dziennikarze dopytywali prezesa PiS o potencjalny sojusz z Grzegorzem Braunem.<\/p>\n<p class=\"typography ids-typeset-body ids-typeset-body--preset-large link paragraph ids-paragraph ids-paragraph--default\">Polityk nie chcia\u0142 wprost odpowied\u017a na t\u0119 kwesti\u0119, zapewni\u0142 jednak, \u017ce w czasie kampanii przedwyborczej zamierza &#8222;przekona\u0107 wielu zwolennik\u00f3w prawej strony&#8221; do g\u0142osowania na PiS, gdy\u017c g\u0142osowanie na denialist\u00f3w historycznych jest &#8222;tropem prowadz\u0105cym kompletnie do niczego&#8221;.<\/p>\n<p class=\"typography ids-typeset-body ids-typeset-body--preset-large link paragraph ids-paragraph ids-paragraph--default\">&#8211; Jeste\u015bmy gotowi wsp\u00f3\u0142pracowa\u0107 z tymi, kt\u00f3rzy mog\u0105 w wielu sprawach mie\u0107 inne pogl\u0105dy ni\u017c my, ale funkcjonuj\u0105 w ramach polityki racjonalnej. My prowadzili\u015bmy polityk\u0119 racjonaln\u0105, oczywi\u015bcie zdarza\u0142y nam si\u0119 b\u0142\u0119dy, ale trzymali\u015bmy si\u0119 ziemi i tej ziemi trzeba si\u0119 w dalszym ci\u0105gu trzyma\u0107 &#8211; doda\u0142 Kaczy\u0144ski.<\/p>\n<p>Gawkowski w &#8222;Graffiti&#8221; o Musku: Szale\u0144czy komentatorPolsat News<\/p>\n<p><a class=\"ids-undecorated-link source ids-page-info--source__link\" href=\"https:\/\/www.interia.pl\" rel=\"nofollow noopener\" target=\"_blank\"><img decoding=\"async\" class=\"ids-image-holder__img\" loading=\"lazy\" alt=\"\" title=\"\" height=\"24px\" src=\"https:\/\/www.europesays.com\/pl\/wp-content\/uploads\/2025\/12\/1765115054_874_0009A60QQ5I2TYF7-C202-F4.webp.webp\"\/><\/a><\/p>\n<p>Masz sugestie, uwagi albo widzisz b\u0142\u0105d? Napisz do nas<\/p>\n","protected":false},"excerpt":{"rendered":"Jaros\u0142aw Kaczy\u0144ski t\u0142umaczy spadek poparcia PiS operacj\u0105 hejtersk\u0105 oraz przewag\u0105 narracyjn\u0105 przeciwnik\u00f3w. Nowy sonda\u017c IBRiS dla Polsat News&hellip;\n","protected":false},"author":2,"featured_media":139312,"comment_status":"","ping_status":"","sticky":false,"template":"","format":"standard","meta":{"footnotes":""},"categories":[12],"tags":[32,33,36,37,27,34,35,28,31,25,42,38,40,39,41,29,30,26],"class_list":{"0":"post-139311","1":"post","2":"type-post","3":"status-publish","4":"format-standard","5":"has-post-thumbnail","7":"category-polska","8":"tag-breaking-news","9":"tag-breakingnews","10":"tag-featured-news","11":"tag-featurednews","12":"tag-headlines","13":"tag-latest-news","14":"tag-latestnews","15":"tag-naglowki","16":"tag-najwazniejsze-artykuly","17":"tag-news","18":"tag-pl","19":"tag-poland","20":"tag-polish","21":"tag-polska","22":"tag-polski","23":"tag-top-stories","24":"tag-topstories","25":"tag-wiadomosci"},"share_on_mastodon":{"url":"https:\/\/pubeurope.com\/@pl\/115684415106922177","error":""},"_links":{"self":[{"href":"https:\/\/www.europesays.com\/pl\/wp-json\/wp\/v2\/posts\/139311","targetHints":{"allow":["GET"]}}],"collection":[{"href":"https:\/\/www.europesays.com\/pl\/wp-json\/wp\/v2\/posts"}],"about":[{"href":"https:\/\/www.europesays.com\/pl\/wp-json\/wp\/v2\/types\/post"}],"author":[{"embeddable":true,"href":"https:\/\/www.europesays.com\/pl\/wp-json\/wp\/v2\/users\/2"}],"replies":[{"embeddable":true,"href":"https:\/\/www.europesays.com\/pl\/wp-json\/wp\/v2\/comments?post=139311"}],"version-history":[{"count":0,"href":"https:\/\/www.europesays.com\/pl\/wp-json\/wp\/v2\/posts\/139311\/revisions"}],"wp:featuredmedia":[{"embeddable":true,"href":"https:\/\/www.europesays.com\/pl\/wp-json\/wp\/v2\/media\/139312"}],"wp:attachment":[{"href":"https:\/\/www.europesays.com\/pl\/wp-json\/wp\/v2\/media?parent=139311"}],"wp:term":[{"taxonomy":"category","embeddable":true,"href":"https:\/\/www.europesays.com\/pl\/wp-json\/wp\/v2\/categories?post=139311"},{"taxonomy":"post_tag","embeddable":true,"href":"https:\/\/www.europesays.com\/pl\/wp-json\/wp\/v2\/tags?post=139311"}],"curies":[{"name":"wp","href":"https:\/\/api.w.org\/{rel}","templated":true}]}}