{"id":139315,"date":"2025-12-08T14:33:08","date_gmt":"2025-12-08T14:33:08","guid":{"rendered":"https:\/\/www.europesays.com\/pl\/139315\/"},"modified":"2025-12-08T14:33:08","modified_gmt":"2025-12-08T14:33:08","slug":"tragiczny-wypadek-na-drodze-nie-zyje-20-latek-onet","status":"publish","type":"post","link":"https:\/\/www.europesays.com\/pl\/139315\/","title":{"rendered":"Tragiczny wypadek na drodze. Nie \u017cyje 20-latek &#8211; Onet"},"content":{"rendered":"<ol>\n<li><a href=\"https:\/\/news.google.com\/rss\/articles\/CBMivgFBVV95cUxOYnNXREtQWEdfWnZ5OHdYNzVielY5Z1daQzViUDZjUU0wUnVUZDc1T2V2endHNzRuSzlmVVNUVjZpcGhTdGhab1NWcmgteEx5T1YwbTJ3VW85Z0tqM0hDbUxXOXZWOVZNMDlSZFA5UzNiMVVpZjllOTRrdUVSXzMyLXh6TGI4N2NxNGF6WGtoOVpMa1dxT0tERTh5TTNNejhtajhXNlBrd1QyNnR1djFIWVEyRTAtaUViTEhuc0Jn?oc=5\" target=\"_blank\" rel=\"nofollow noopener\">Tragiczny wypadek na drodze. Nie \u017cyje 20-latek<\/a>&nbsp;&nbsp;Onet<\/li>\n<li><a href=\"https:\/\/news.google.com\/rss\/articles\/CBMitAFBVV95cUxNRWdEWXdadFhodWhDMGFHSHhGUEtiZ0FrWmxkMWg3eFRfUnhyMWREaWx2bUhyXzF2cnFVUVBiNjBiRl9nejNVcmdidjM2XzNkUzVWWnBNRElCLWdfSUNadF85a2tBXzQxcmY2RHMzUHpBQmU0cFBqQ1R5NWhLaGJ4VXZpcWlfdEdUSVpsaVlRNUZCbG14Z2tvSEVnNVByTmlIX0o4eWdlOWM2X0dyMUdhUXpNYXo?oc=5\" target=\"_blank\" rel=\"nofollow noopener\">\u015amiertelny wypadek pod Kruszwic\u0105. Zgin\u0105\u0142 m\u0142ody kierowca audi<\/a>&nbsp;&nbsp;Bydgoszcz.Wyborcza.pl<\/li>\n<li><a href=\"https:\/\/news.google.com\/rss\/articles\/CBMiuAFBVV95cUxNTEFTcl9YemxhWk1nV0NmNi0tZ3FVYmpxLTdUOGxjLTh6eHQwQ3pkV3RySDBZbTgyV1Atc2Y4NFBDY09ieDdtaGJDUExLSGNYUGRjc2ZlZEhzdVpsRG95dW5NU3h6TWplQTNHTzU4Tkw3a3Q0cWR1bllOenExNVJidGZrb3J4X2tXejl6eGpUeno3eHktV1VvRlppb3pRdWk5dXYxQ0pTNWQ0b043ejRqdUNicW5WcENx?oc=5\" target=\"_blank\" rel=\"nofollow noopener\">Audi roztrzaska\u0142o si\u0119 na drzewie w gminie Kruszwica. Zmar\u0142 m\u0142ody m\u0119\u017cczyzna<\/a>&nbsp;&nbsp;Express Bydgoski<\/li>\n<li><a href=\"https:\/\/news.google.com\/rss\/articles\/CBMirAFBVV95cUxPMmhWazM2Wl9XajlCd3h2VXIwQ1lCSXhfYVgzT1FpZ0sySU9XX0JZSVVESVYtQzdCMTZJUHF4dUVNVkQ3dktZeDVyempBSGRQOWt6YS1yUDJfRFl1Wm9lYkQyQXdJd19kckNHRWRYaVp4UWFsUTFfNnNMeVNvcFZ3X216LVBZQ1o0V2hOS0FTTmNxZnB0TFlYWkIwOHBwak15bnRrRF8xZVdtM3Zy?oc=5\" target=\"_blank\" rel=\"nofollow noopener\">Region: W nocy dosz\u0142o do \u015bmiertelnego wypadku. Zgin\u0105\u0142 20-latek<\/a>&nbsp;&nbsp;ddtorun.pl<\/li>\n<li><a href=\"https:\/\/news.google.com\/rss\/articles\/CBMiqAFBVV95cUxQZXNTQmpJQ1lsc0lWb2YyUGI3VWlXbU5HRVJXVEdIN2NjYWgtZXRUUnc1eVp6YXlGWl8zQUtqc1RoS0xEczdmUDZYNnFOUVZSWkxVRXBkOWROT0xYOFl3SmJwNzJuOFZnS3hRWC02OWUtVDM0OXRLQU9ud1JfNkhYZjU1Qk9LUXd6UWFkX2JGU1dSSW5hY0MtWm5DUWFVd3pLYUx4UWhwWGs?oc=5\" target=\"_blank\" rel=\"nofollow noopener\">\u015amiertelny wypadek pod Kruszwic\u0105. Nie \u017cyje m\u0142ody kierowca<\/a>&nbsp;&nbsp;TVP Bydgoszcz<\/li>\n<\/ol>\n","protected":false},"excerpt":{"rendered":"Tragiczny wypadek na drodze. Nie \u017cyje 20-latek&nbsp;&nbsp;Onet \u015amiertelny wypadek pod Kruszwic\u0105. Zgin\u0105\u0142 m\u0142ody kierowca audi&nbsp;&nbsp;Bydgoszcz.Wyborcza.pl Audi roztrzaska\u0142o si\u0119&hellip;\n","protected":false},"author":2,"featured_media":139316,"comment_status":"","ping_status":"","sticky":false,"template":"","format":"standard","meta":{"footnotes":""},"categories":[12],"tags":[32,33,36,37,27,34,35,28,31,53,25,52,68,51,55,42,38,251,40,39,41,5652,47,29,30,65,50,26],"class_list":{"0":"post-139315","1":"post","2":"type-post","3":"status-publish","4":"format-standard","5":"has-post-thumbnail","7":"category-polska","8":"tag-breaking-news","9":"tag-breakingnews","10":"tag-featured-news","11":"tag-featurednews","12":"tag-headlines","13":"tag-latest-news","14":"tag-latestnews","15":"tag-naglowki","16":"tag-najwazniejsze-artykuly","17":"tag-new_header","18":"tag-news","19":"tag-onet3","20":"tag-onet3d","21":"tag-onet3d_2i","22":"tag-phx","23":"tag-pl","24":"tag-poland","25":"tag-policja_policjanci_policjant_policjantka_policjantki","26":"tag-polish","27":"tag-polska","28":"tag-polski","29":"tag-samochody_samochod_osobowy_ciezarowy_auto_auta_prawo_jazdy_kodeks_drogowy","30":"tag-screening_general","31":"tag-top-stories","32":"tag-topstories","33":"tag-update_me","34":"tag-v2021","35":"tag-wiadomosci"},"share_on_mastodon":{"url":"https:\/\/pubeurope.com\/@pl\/115684442544148163","error":""},"_links":{"self":[{"href":"https:\/\/www.europesays.com\/pl\/wp-json\/wp\/v2\/posts\/139315","targetHints":{"allow":["GET"]}}],"collection":[{"href":"https:\/\/www.europesays.com\/pl\/wp-json\/wp\/v2\/posts"}],"about":[{"href":"https:\/\/www.europesays.com\/pl\/wp-json\/wp\/v2\/types\/post"}],"author":[{"embeddable":true,"href":"https:\/\/www.europesays.com\/pl\/wp-json\/wp\/v2\/users\/2"}],"replies":[{"embeddable":true,"href":"https:\/\/www.europesays.com\/pl\/wp-json\/wp\/v2\/comments?post=139315"}],"version-history":[{"count":0,"href":"https:\/\/www.europesays.com\/pl\/wp-json\/wp\/v2\/posts\/139315\/revisions"}],"wp:featuredmedia":[{"embeddable":true,"href":"https:\/\/www.europesays.com\/pl\/wp-json\/wp\/v2\/media\/139316"}],"wp:attachment":[{"href":"https:\/\/www.europesays.com\/pl\/wp-json\/wp\/v2\/media?parent=139315"}],"wp:term":[{"taxonomy":"category","embeddable":true,"href":"https:\/\/www.europesays.com\/pl\/wp-json\/wp\/v2\/categories?post=139315"},{"taxonomy":"post_tag","embeddable":true,"href":"https:\/\/www.europesays.com\/pl\/wp-json\/wp\/v2\/tags?post=139315"}],"curies":[{"name":"wp","href":"https:\/\/api.w.org\/{rel}","templated":true}]}}