{"id":139317,"date":"2025-12-08T14:34:08","date_gmt":"2025-12-08T14:34:08","guid":{"rendered":"https:\/\/www.europesays.com\/pl\/139317\/"},"modified":"2025-12-08T14:34:08","modified_gmt":"2025-12-08T14:34:08","slug":"marta-nawrocka-w-ogniu-krytyki-to-powazna-wizerunkowa-wpadka","status":"publish","type":"post","link":"https:\/\/www.europesays.com\/pl\/139317\/","title":{"rendered":"Marta Nawrocka w ogniu krytyki. &#8222;To powa\u017cna wizerunkowa wpadka&#8221;"},"content":{"rendered":"<ul class=\"breadcrumbs\" data-section=\"breadcrumbsClick\">\n<li class=\"bcItem\">\n            <a class=\"bcUrl\" href=\"https:\/\/www.ofeminin.pl\" rel=\"nofollow noopener\" target=\"_blank\">Ofeminin<\/a>\n        <\/li>\n<li class=\"bcItem\">\n                <a class=\"bcUrl\" href=\"https:\/\/www.ofeminin.pl\/moda\" rel=\"nofollow noopener\" target=\"_blank\">Moda<\/a>\n            <\/li>\n<li class=\"bcItem\">Marta Nawrocka w ogniu krytyki. &#8222;To powa\u017cna wizerunkowa wpadka&#8221;<\/li>\n<\/ul>\n<p>    udost\u0119pnij artyku\u0142<\/p>\n<ul class=\"buttons\" data-mobile=\"false\" data-run-module=\"local\/main.share\">\n<li class=\"button\" style=\"position: relative\">\n<p>                    Udost\u0119pnij artyku\u0142 przez:<\/p>\n<\/li>\n<li class=\"button\">\n            <a data-section=\"shareButtonClickEmail\" class=\"shareLink\" target=\"_blank\" href=\"mailto:?subject=Przeczytaj%20artyku%C5%82: Marta%20Nawrocka%20w%20ogniu%20krytyki.%20%22To%20powa%C5%BCna%20wizerunkowa%20wpadka%22%20%20%7C%20Ofeminin&amp;body=Marta%20Nawrocka%20w%20ogniu%20krytyki.%20%22To%20powa%C5%BCna%20wizerunkowa%20wpadka%22%20%20%7C%20Ofeminin%0D%0A%0D%0Ahttps:\/\/www.ofeminin.pl\/moda\/marta-nawrocka-w-ogniu-krytyki-to-powazna-wizerunkowa-wpadka\/pbb3z2m\"><\/p>\n<p>            <\/a>\n        <\/li>\n<\/ul>\n<p>Marta Nawrocka coraz cz\u0119\u015bciej zbiera pochwa\u0142y za swoje stylizacje, jednak od czasu do czasu pojawiaj\u0105 si\u0119 te\u017c drobne wpadki. Tak by\u0142o podczas ostatniej wizyty Chociwle w wojew\u00f3dztwie zachodniopomorskim, gdzie piersza dama wzi\u0119\u0142a udzia\u0142 w akcji charytatywnej &#8222;Paczka dla Rodaka i Bohatera na Kresach&#8221;. Stylistki Ewa Rubasi\u0144ska-Ianiro i R\u00f3\u017ca Augustyniak w rozmowie z serwisem Plotek oceni\u0142y stylizacj\u0119 Marty Nawrockiej, jednak nie oby\u0142o si\u0119 bez gorzkich s\u0142\u00f3w.<\/p>\n<p class=\"paragraph\">Podczas chatytatywnego wydarzenia, podczas kt\u00f3rego Marta Nawrocka pakowa\u0142a paczki, pierwsza dama wyst\u0105pi\u0142a w jasnoszarym garniturze, kt\u00f3ry po\u0142\u0105czy\u0142a z jedwabn\u0105 bluzk\u0105 w modnym kolorze. Cho\u0107 zestaw by\u0142 elegancki, stylistki Ewa Rubasi\u0144ska-Ianiro i R\u00f3\u017ca Augustyniak zgodnie uzna\u0142y, \u017ce wyb\u00f3r ten nie by\u0142 odpowiedni do okoliczno\u015bci.<\/p>\n<p>        &#8222;Powa\u017cna wizerunkowa wpadka&#8221;<\/p>\n<p class=\"paragraph\">\u2014 Okoliczno\u015bci sprzyja\u0142y raczej wizerunkowi typu &#8222;czas na dobr\u0105 robot\u0119&#8221; i pomagamy \u2014 oceni\u0142a Ewa Rubasi\u0144ska-Ianiro w rozmowie z Plotkiem. Stylistka doda\u0142a, \u017ce garnitur, cho\u0107 efektowny, nie by\u0142 praktycznym wyborem na te okazj\u0119, poniewa\u017c by\u0142o na nim wida\u0107 wszystkie niedoskona\u0142o\u015bci, jak zabrudzenia i pognieciony materia\u0142.<\/p>\n<p>    <a name=\"image_ef1165e2-82a5-40f2-afb2-2902a23b8abe\" class=\"imageAnchor\"\/><\/p>\n<p>            <img loading=\"lazy\" decoding=\"async\" class=\"image\" src=\"https:\/\/www.europesays.com\/pl\/wp-content\/uploads\/2025\/12\/8EJk9kpTURBXy8wMzE2MzY5MzcyZWU3MzYwMmZmODEzMmNiYTdkNWRiMC5qcGeSlQLNAyAAwsOVAgDNAljCw94AAqEwBaExAA.webp\" alt=\"Marta Nawrocka w garniturze\" width=\"400\" height=\"600\"\/><\/p>\n<p>                Marta Nawrocka w garniturze<\/p>\n<p>                Foto: <\/p>\n<p>                        Zygmunt Karwowski<\/p>\n<p>                        \/<\/p>\n<p>                east news<\/p>\n<p class=\"paragraph\">\u2014 Mimo pozor\u00f3w elegancji to powa\u017cna wizerunkowa wpadka, bo sygnalizuje brak znajomo\u015bci dress code\u2019u adekwatnego do kontekstu. Osoba publiczna, szczeg\u00f3lnie pe\u0142ni\u0105ca funkcj\u0119 reprezentacyjn\u0105, musi wiedzie\u0107, kiedy postawi\u0107 na formalno\u015b\u0107, a kiedy na funkcjonalno\u015b\u0107. W przeciwnym razie komunikat jest prosty: &#8222;nie jestem przygotowana do reali\u00f3w sytuacji. Nie jestem wiarygodna tu i teraz&#8221; \u2014 doda\u0142a R\u00f3\u017ca Augustyniak, przy okazji zwracaj\u0105c uwag\u0119 na kiepski dob\u00f3r materia\u0142u garnituru.<\/p>\n<p>        Marta Nawrocka udekorowa\u0142a Pa\u0142ac Prezydencki na \u015bwi\u0119ta<\/p>\n<p class=\"paragraph\">Grudzie\u0144 to pracowity czas dla Marty Nawrockiej. Przypomnijmy, \u017ce dwa dni temu pierwsza dama wraz z uczniami liceum plastycznego w Zakopanem ubra\u0142a choink\u0119 w Pa\u0142acu Prezydenckim. Tego dnia wyst\u0105pi\u0142a w prostej welurowej sukience, do kt\u00f3rej dobra\u0142a szerok\u0105 opask\u0119 w tym samym kolorze.<\/p>\n<p>    udost\u0119pnij artyku\u0142<\/p>\n<ul class=\"buttons\" data-mobile=\"false\" data-run-module=\"local\/main.share\">\n<li class=\"button\" style=\"position: relative\">\n<p>                    Udost\u0119pnij artyku\u0142 przez:<\/p>\n<\/li>\n<li class=\"button\">\n            <a data-section=\"shareButtonClickEmail\" class=\"shareLink\" target=\"_blank\" href=\"mailto:?subject=Przeczytaj%20artyku%C5%82: Marta%20Nawrocka%20w%20ogniu%20krytyki.%20%22To%20powa%C5%BCna%20wizerunkowa%20wpadka%22%20%20%7C%20Ofeminin&amp;body=Marta%20Nawrocka%20w%20ogniu%20krytyki.%20%22To%20powa%C5%BCna%20wizerunkowa%20wpadka%22%20%20%7C%20Ofeminin%0D%0A%0D%0Ahttps:\/\/www.ofeminin.pl\/moda\/marta-nawrocka-w-ogniu-krytyki-to-powazna-wizerunkowa-wpadka\/pbb3z2m\"><\/p>\n<p>            <\/a>\n        <\/li>\n<\/ul>\n","protected":false},"excerpt":{"rendered":"Ofeminin Moda Marta Nawrocka w ogniu krytyki. &#8222;To powa\u017cna wizerunkowa wpadka&#8221; udost\u0119pnij artyku\u0142 Udost\u0119pnij artyku\u0142 przez: Marta Nawrocka&hellip;\n","protected":false},"author":2,"featured_media":139318,"comment_status":"","ping_status":"","sticky":false,"template":"","format":"standard","meta":{"footnotes":""},"categories":[5],"tags":[32,33,36,37,27,34,35,28,31,25,42,38,40,39,41,29,30,26],"class_list":{"0":"post-139317","1":"post","2":"type-post","3":"status-publish","4":"format-standard","5":"has-post-thumbnail","7":"category-naglowki","8":"tag-breaking-news","9":"tag-breakingnews","10":"tag-featured-news","11":"tag-featurednews","12":"tag-headlines","13":"tag-latest-news","14":"tag-latestnews","15":"tag-naglowki","16":"tag-najwazniejsze-artykuly","17":"tag-news","18":"tag-pl","19":"tag-poland","20":"tag-polish","21":"tag-polska","22":"tag-polski","23":"tag-top-stories","24":"tag-topstories","25":"tag-wiadomosci"},"share_on_mastodon":{"url":"https:\/\/pubeurope.com\/@pl\/115684446616532470","error":""},"_links":{"self":[{"href":"https:\/\/www.europesays.com\/pl\/wp-json\/wp\/v2\/posts\/139317","targetHints":{"allow":["GET"]}}],"collection":[{"href":"https:\/\/www.europesays.com\/pl\/wp-json\/wp\/v2\/posts"}],"about":[{"href":"https:\/\/www.europesays.com\/pl\/wp-json\/wp\/v2\/types\/post"}],"author":[{"embeddable":true,"href":"https:\/\/www.europesays.com\/pl\/wp-json\/wp\/v2\/users\/2"}],"replies":[{"embeddable":true,"href":"https:\/\/www.europesays.com\/pl\/wp-json\/wp\/v2\/comments?post=139317"}],"version-history":[{"count":0,"href":"https:\/\/www.europesays.com\/pl\/wp-json\/wp\/v2\/posts\/139317\/revisions"}],"wp:featuredmedia":[{"embeddable":true,"href":"https:\/\/www.europesays.com\/pl\/wp-json\/wp\/v2\/media\/139318"}],"wp:attachment":[{"href":"https:\/\/www.europesays.com\/pl\/wp-json\/wp\/v2\/media?parent=139317"}],"wp:term":[{"taxonomy":"category","embeddable":true,"href":"https:\/\/www.europesays.com\/pl\/wp-json\/wp\/v2\/categories?post=139317"},{"taxonomy":"post_tag","embeddable":true,"href":"https:\/\/www.europesays.com\/pl\/wp-json\/wp\/v2\/tags?post=139317"}],"curies":[{"name":"wp","href":"https:\/\/api.w.org\/{rel}","templated":true}]}}