{"id":139326,"date":"2025-12-08T14:41:08","date_gmt":"2025-12-08T14:41:08","guid":{"rendered":"https:\/\/www.europesays.com\/pl\/139326\/"},"modified":"2025-12-08T14:41:08","modified_gmt":"2025-12-08T14:41:08","slug":"to-jest-kolejne-oszustwo-kaczynski-grzmi-po-decyzji-ws-relokacji-migrantow","status":"publish","type":"post","link":"https:\/\/www.europesays.com\/pl\/139326\/","title":{"rendered":"&#8222;To jest kolejne oszustwo&#8221;. Kaczy\u0144ski grzmi po decyzji ws. relokacji migrant\u00f3w"},"content":{"rendered":"<p>&#8222;Tak, jak zapowiada\u0142em, Polska zosta\u0142a zwolniona&#8221; &#8211;\u00a0doda\u0142 w\u00a0serwisie X\u00a0premier Donald Tusk.<\/p>\n<p>Agnieszka Kaczorowska po\u00a0raz pierwszy o\u00a0rozwodzie. &#8222;Ciesz\u0119 si\u0119, \u017ce nie trwa\u0142 latami, tylko sko\u0144czy\u0142o si\u0119 na\u00a0pierwszej rozprawie&#8221; (WIDEO) <\/p>\n<p>Do sprawy odni\u00f3s\u0142 si\u0119 tak\u017ce prezes PiS. &#8211;\u00a0Je\u017celi chodzi o\u00a0zgod\u0119 na relokacj\u0119, to zostali\u015bmy zaliczeni do drugiego koszyka, a\u00a0nie do pierwszego, tak jak wyra\u017anie sugerowa\u0142 swego czasu, m\u00f3wi\u0105c o\u00a0naszych korzy\u015bciach z\u00a0relokacji, Tusk &#8211;\u00a0m\u00f3wi\u0142 w\u00a0poniedzia\u0142ek mediom podczas konferencji prasowej Kaczy\u0144ski.<\/p>\n<p>Kaczy\u0144ski uderza w\u00a0Tuska ws. relokacji migrant\u00f3w  <\/p>\n<p>Jak stwierdzi\u0142, &#8222;to daje mo\u017cliwo\u015b\u0107 odwlekania o\u00a0rok pe\u0142nego zwolnienia albo cz\u0119\u015bciowego zwolnienia, ale to w\u00a0\u017cadnym wypadku nie jest tak, \u017ce w\u00a0zwi\u0105zku z\u00a0tym b\u0119dziemy otrzymywali jak\u0105\u015b pomoc&#8221;. Przypomnia\u0142 jednocze\u015bnie, \u017ce &#8222;przez Polsk\u0119 przewin\u0119\u0142o si\u0119 w\u00a0ci\u0105gu ostatnich kilku lat par\u0119 milion\u00f3w migrant\u00f3w&#8221;, a\u00a0zatem jest to &#8222;g\u0142\u0119boko niesprawiedliwe, \u017ce my takiej pomocy mamy nie otrzymywa\u0107&#8221;.<\/p>\n<p>&#8211; To jest po prostu gra, jak s\u0105dzimy, zwi\u0105zana przede wszystkim z\u00a0perspektyw\u0105 wybor\u00f3w w\u00a0wielu wa\u017cnych krajach europejskich, a\u00a0Polska jest wa\u017cnym krajem europejskim &#8211;\u00a0uwa\u017ca Kaczy\u0144ski. <\/p>\n<p>&#8211; Po prostu nam uda\u0142o si\u0119 za naszych rz\u0105d\u00f3w od\u0142o\u017cy\u0107 to na pi\u0119\u0107 lat. P\u00f3\u017aniej te rz\u0105dy si\u0119 sko\u0144czy\u0142y i\u00a0natychmiast Tusk si\u0119 zgodzi\u0142 na to, wi\u0119c tutaj m\u00f3wienie o\u00a0jakim\u015b sukcesie to jest kolejne oszustwo &#8211;\u00a0stwierdzi\u0142 prezes PiS. &#8211;\u00a0W og\u00f3le ca\u0142a polityka Tuska sk\u0142ada si\u0119 z\u00a0jednego, wielkiego, co dzie\u0144 powtarzanego oszustwa &#8211;\u00a0grzmia\u0142.<\/p>\n","protected":false},"excerpt":{"rendered":"&#8222;Tak, jak zapowiada\u0142em, Polska zosta\u0142a zwolniona&#8221; &#8211;\u00a0doda\u0142 w\u00a0serwisie X\u00a0premier Donald Tusk. Agnieszka Kaczorowska po\u00a0raz pierwszy o\u00a0rozwodzie. &#8222;Ciesz\u0119 si\u0119,&hellip;\n","protected":false},"author":2,"featured_media":139327,"comment_status":"","ping_status":"","sticky":false,"template":"","format":"standard","meta":{"footnotes":""},"categories":[5],"tags":[32,33,36,37,27,34,35,28,31,25,42,38,40,39,41,29,30,26],"class_list":{"0":"post-139326","1":"post","2":"type-post","3":"status-publish","4":"format-standard","5":"has-post-thumbnail","7":"category-naglowki","8":"tag-breaking-news","9":"tag-breakingnews","10":"tag-featured-news","11":"tag-featurednews","12":"tag-headlines","13":"tag-latest-news","14":"tag-latestnews","15":"tag-naglowki","16":"tag-najwazniejsze-artykuly","17":"tag-news","18":"tag-pl","19":"tag-poland","20":"tag-polish","21":"tag-polska","22":"tag-polski","23":"tag-top-stories","24":"tag-topstories","25":"tag-wiadomosci"},"share_on_mastodon":{"url":"https:\/\/pubeurope.com\/@pl\/115684473777749910","error":""},"_links":{"self":[{"href":"https:\/\/www.europesays.com\/pl\/wp-json\/wp\/v2\/posts\/139326","targetHints":{"allow":["GET"]}}],"collection":[{"href":"https:\/\/www.europesays.com\/pl\/wp-json\/wp\/v2\/posts"}],"about":[{"href":"https:\/\/www.europesays.com\/pl\/wp-json\/wp\/v2\/types\/post"}],"author":[{"embeddable":true,"href":"https:\/\/www.europesays.com\/pl\/wp-json\/wp\/v2\/users\/2"}],"replies":[{"embeddable":true,"href":"https:\/\/www.europesays.com\/pl\/wp-json\/wp\/v2\/comments?post=139326"}],"version-history":[{"count":0,"href":"https:\/\/www.europesays.com\/pl\/wp-json\/wp\/v2\/posts\/139326\/revisions"}],"wp:featuredmedia":[{"embeddable":true,"href":"https:\/\/www.europesays.com\/pl\/wp-json\/wp\/v2\/media\/139327"}],"wp:attachment":[{"href":"https:\/\/www.europesays.com\/pl\/wp-json\/wp\/v2\/media?parent=139326"}],"wp:term":[{"taxonomy":"category","embeddable":true,"href":"https:\/\/www.europesays.com\/pl\/wp-json\/wp\/v2\/categories?post=139326"},{"taxonomy":"post_tag","embeddable":true,"href":"https:\/\/www.europesays.com\/pl\/wp-json\/wp\/v2\/tags?post=139326"}],"curies":[{"name":"wp","href":"https:\/\/api.w.org\/{rel}","templated":true}]}}