{"id":139361,"date":"2025-12-08T15:07:07","date_gmt":"2025-12-08T15:07:07","guid":{"rendered":"https:\/\/www.europesays.com\/pl\/139361\/"},"modified":"2025-12-08T15:07:07","modified_gmt":"2025-12-08T15:07:07","slug":"viktor-orban-straszy-wojna-ue-z-rosja-wskazuje-termin-zbieraja-sie-ciemne-chmury","status":"publish","type":"post","link":"https:\/\/www.europesays.com\/pl\/139361\/","title":{"rendered":"Viktor Orban straszy wojn\u0105 UE z Rosj\u0105, wskazuje termin. &#8222;Zbieraj\u0105 si\u0119 ciemne chmury&#8221;"},"content":{"rendered":"<ul class=\"typography ids-typeset-body ids-typeset-body--preset-large list ids-list ids-list--unordered ids-list--size-large \" datatype=\"disc\">\n<li class=\"ids-list-item\">\n<p>Viktor Orban ostrzega przed mo\u017cliw\u0105 wojn\u0105 mi\u0119dzy UE a Rosj\u0105.<\/p>\n<\/li>\n<li class=\"ids-list-item\">\n<p>Premier W\u0119gier uwa\u017ca, \u017ce przyj\u0119cie Ukrainy do UE w trakcie wojny mo\u017ce automatycznie wci\u0105gn\u0105\u0107 Wsp\u00f3lnot\u0119 w konflikt zbrojny.<\/p>\n<\/li>\n<li class=\"ids-list-item\">\n<p>Przed nadchodz\u0105cymi wyborami parlamentarnymi na W\u0119grzech Orban przestrzega przed nieodwracalnymi decyzjami politycznymi i komentuje rosn\u0105ce poparcie dla opozycyjnej partii TISZA.<\/p>\n<\/li>\n<li class=\"ids-list-item\">Wi\u0119cej wa\u017cnych informacji znajdziesz na <a class=\"ids-undecorated-link link ids-link link\" href=\"https:\/\/www.interia.pl\/#utm_source=wydarzenia&amp;utm_medium=bullet&amp;utm_campaign=powrot_z_wew&amp;iwa_source=bullet\" target=\"_blank\" rel=\"nofollow noopener\">stronie g\u0142\u00f3wnej Interii<\/a><\/li>\n<\/ul>\n<p class=\"typography ids-typeset-body ids-typeset-body--preset-large link paragraph ids-paragraph ids-paragraph--default\">&#8222;<a href=\"https:\/\/wydarzenia.interia.pl\/tematy-bruksela,gsbi,4402\" rel=\"nofollow noopener\" target=\"_blank\">Bruksela<\/a> przygotowuje si\u0119 do rozpocz\u0119cia wojny z <a href=\"https:\/\/wydarzenia.interia.pl\/tematy-rosja,gsbi,3125\" rel=\"nofollow noopener\" target=\"_blank\">Rosj\u0105<\/a> i ma ju\u017c wyznaczon\u0105 dat\u0119: 2030 rok&#8221; &#8211; stwierdzi\u0142 w\u0119gierski premier we wpisie na Facebooku.<\/p>\n<p class=\"typography ids-typeset-body ids-typeset-body--preset-large link paragraph ids-paragraph ids-paragraph--default\">Jak wskaza\u0142 Orban, unijny plan zbrojeniowy (Gotowo\u015b\u0107 2030 &#8211; red.) zak\u0142ada osi\u0105gni\u0119cie pe\u0142nej gotowo\u015bci operacyjnej wsp\u00f3lnoty do tego w\u0142a\u015bnie roku.<\/p>\n<p class=\"typography ids-typeset-body ids-typeset-body--preset-large link paragraph ids-paragraph ids-paragraph--default\">&#8222;Rok 2030 jest r\u00f3wnie\u017c dat\u0105 docelow\u0105 przy\u015bpieszonej akcesji <a href=\"https:\/\/wydarzenia.interia.pl\/tematy-ukraina,gsbi,3144\" rel=\"nofollow noopener\" target=\"_blank\">Ukrainy<\/a> do UE&#8221; &#8211; stwierdzi\u0142 premier W\u0119gier.<\/p>\n<p class=\"typography ids-typeset-body ids-typeset-body--preset-large link paragraph ids-paragraph ids-paragraph--default\">Jak stanowi art. 42(7) Traktatu o <a href=\"https:\/\/wydarzenia.interia.pl\/tematy-unia-europejska,gsbi,46\" rel=\"nofollow noopener\" target=\"_blank\">Unii Europejskiej<\/a> &#8211; na kt\u00f3ry powo\u0142uje si\u0119 Orban &#8211; w przypadku, gdy jakiekolwiek pa\u0144stwo cz\u0142onkowskie stanie si\u0119 ofiar\u0105 napa\u015bci zbrojnej, pozosta\u0142e kraje &#8222;maj\u0105 wobec niego obowi\u0105zek udzielenia pomocy i wsparcia przy zastosowaniu wszelkich dost\u0119pnych im \u015brodk\u00f3w&#8221;.<\/p>\n<p class=\"typography ids-typeset-body ids-typeset-body--preset-large link paragraph ids-paragraph ids-paragraph--default\">&#8222;A zatem przyj\u0119cie Ukrainy, kt\u00f3ra jest w stanie wojny, skutkowa\u0142oby natychmiastowym wej\u015bciem UE do tego konfliktu&#8221; &#8211; stwierdzi\u0142 w\u0119gierski premier.<\/p>\n<p class=\"typography ids-typeset-body ids-typeset-body--preset-large link paragraph ids-paragraph ids-paragraph--default\">Tymczasem Zach\u00f3d i UE stawiaj\u0105 na inwestowanie w obronno\u015b\u0107 z uwagi na imperialistyczne zakusy Rosji i naciski prezydenta USA Donalda Trumpa, kt\u00f3ry apelowa\u0142 wielokrotnie, by Europa samodzielnie zadba\u0142a o swoje bezpiecze\u0144stwo militarne.<\/p>\n<p>W\u0119gry. Viktor Orban grzmi o nadchodz\u0105cej wojnie UE z Rosj\u0105<\/p>\n<p class=\"typography ids-typeset-body ids-typeset-body--preset-large link paragraph ids-paragraph ids-paragraph--default\">We wpisie <a href=\"https:\/\/wydarzenia.interia.pl\/tematy-viktor-orban,gsbi,15\" rel=\"nofollow noopener\" target=\"_blank\">Viktor Orban<\/a> przypomnia\u0142 r\u00f3wnie\u017c o nadchodz\u0105cych wyborach parlamentarnych na\u00a0<a href=\"https:\/\/wydarzenia.interia.pl\/tematy-wegry,gsbi,3515\" rel=\"nofollow noopener\" target=\"_blank\">W\u0119grzech<\/a>, kt\u00f3re odb\u0119d\u0105 si\u0119 w kwietniu 2026 roku. Ostrzeg\u0142, \u017ce &#8222;mog\u0105 si\u0119 one okaza\u0107 ostatnimi, kiedy wci\u0105\u017c naprawd\u0119 decydujemy o sprawach wojny i pokoju&#8221;.<\/p>\n<p class=\"typography ids-typeset-body ids-typeset-body--preset-large link paragraph ids-paragraph ids-paragraph--default\">W\u0119gierski przyw\u00f3dca przypomina tak\u017ce kryzys migracyjny z 2015 roku, kt\u00f3ry jego zdaniem przekona\u0142 jego rodak\u00f3w, \u017ce &#8222;istniej\u0105 decyzje, kt\u00f3rych nie da si\u0119 p\u00f3\u017aniej naprawi\u0107&#8221;.<\/p>\n<p class=\"typography ids-typeset-body ids-typeset-body--preset-large link paragraph ids-paragraph ids-paragraph--default\">&#8222;Gdyby\u015bmy w 2015 roku nie postawili muru, migranci byliby tu ju\u017c teraz. Je\u015bli podejmiemy z\u0142\u0105 decyzj\u0119 w 2026 roku, to podczas kolejnych wybor\u00f3w w 2030 roku b\u0119dzie ju\u017c za p\u00f3\u017ano na jak\u0105kolwiek korekt\u0119. Tu nie ma \u017cart\u00f3w&#8221; &#8211; podsumowa\u0142.<\/p>\n<p>TISZA prowadzi w sonda\u017cach. Fidesz powoli nadgania<\/p>\n<p class=\"typography ids-typeset-body ids-typeset-body--preset-large link paragraph ids-paragraph ids-paragraph--default\">Przed nadchodzacymi wyborami wi\u0119kszo\u015b\u0107 sonda\u017cy daje przewag\u0119 opozycyjnej partii TISZA nad rz\u0105dz\u0105cym Fideszem, ale w ostatnich badaniach r\u00f3\u017cnica pomi\u0119dzy dwiema g\u0142\u00f3wnymi partiami zmala\u0142a.<\/p>\n<p class=\"typography ids-typeset-body ids-typeset-body--preset-large link paragraph ids-paragraph ids-paragraph--default\">Wed\u0142ug wynik\u00f3w sonda\u017cu think tanku 21 Research Center z ko\u0144ca listopada ugrupowanie Magyara wyprzedza Fidesz o 4 pkt. proc. W\u015br\u00f3d badanych, kt\u00f3rzy wiedz\u0105, jak b\u0119d\u0105 g\u0142osowa\u0107, przewaga ta wynosi 7 pkt. proc. W por\u00f3wnaniu z wynikami z pa\u017adziernika r\u00f3\u017cnica zmniejszy\u0142a si\u0119 z 10 proc.<\/p>\n<p class=\"typography ids-typeset-body ids-typeset-body--preset-large link paragraph ids-paragraph ids-paragraph--default\">Orban okre\u015bla sw\u00f3j gabinet mianem &#8222;rz\u0105du narodowego&#8221;, a swojego g\u0142\u00f3wnego rywala Petera Magyara i jego ugrupowanie oskar\u017ca o zale\u017cno\u015b\u0107 od urz\u0119dnik\u00f3w Unii Europejskiej i kierowanie si\u0119 ich priorytetami.<\/p>\n<ul class=\"typography ids-typeset-body ids-typeset-body--preset-small list--article-list ids-list ids-list--unordered ids-list--size-small \" datatype=\"disc\">\n<li class=\"ids-list-item ids-list-item__content brief-list-item\"><a class=\"ids-undecorated-link link ids-link \" data-spons=\"false\" href=\"https:\/\/wydarzenia.interia.pl\/kraj\/news-tusk-ostro-o-slowach-orbana-zada-natychmiastowego-zablokowan,nId,22457167\" rel=\"nofollow noopener\" target=\"_blank\">Tusk ostro o s\u0142owach Orbana. &#8222;\u017b\u0105da natychmiastowego zablokowania&#8221;<\/a><\/li>\n<li class=\"ids-list-item ids-list-item__content brief-list-item\"><a class=\"ids-undecorated-link link ids-link \" data-spons=\"false\" href=\"https:\/\/wydarzenia.interia.pl\/zagranica\/news-czeka-nas-wojna-z-rosja-orban-ostrzega-przed-wspieraniem-ukr,nId,22457111\" rel=\"nofollow noopener\" target=\"_blank\">&#8222;Czeka nas wojna z Rosj\u0105&#8221;. Orban ostrzega przed wspieraniem Ukrainy<\/a><\/li>\n<\/ul>\n<p>Gawkowski w &#8222;Graffiti&#8221; o nowej strategii USA: Mam wra\u017cenie, \u017ce ta polityka nie jest przemy\u015blanaPolsat News<\/p>\n<p><a class=\"ids-undecorated-link source ids-page-info--source__link\" href=\"https:\/\/p.iplsc.com\/-\/000L0SCEGA4O3ESS.pdf\" rel=\"nofollow noopener\" target=\"_blank\"><img decoding=\"async\" class=\"ids-image-holder__img\" loading=\"lazy\" alt=\"\" title=\"\" height=\"24px\" src=\"https:\/\/www.europesays.com\/pl\/wp-content\/uploads\/2025\/11\/1763506629_520_0009A6098CYXTC6T-C202-F4.webp.webp\"\/><\/a><a class=\"ids-undecorated-link source ids-page-info--source__link\" href=\"https:\/\/www.interia.pl\" rel=\"nofollow noopener\" target=\"_blank\"><img decoding=\"async\" class=\"ids-image-holder__img\" loading=\"lazy\" alt=\"\" title=\"\" height=\"24px\" src=\"https:\/\/www.europesays.com\/pl\/wp-content\/uploads\/2025\/12\/1765115054_874_0009A60QQ5I2TYF7-C202-F4.webp.webp\"\/><\/a><\/p>\n<p>Masz sugestie, uwagi albo widzisz b\u0142\u0105d? Napisz do nas<\/p>\n","protected":false},"excerpt":{"rendered":"Viktor Orban ostrzega przed mo\u017cliw\u0105 wojn\u0105 mi\u0119dzy UE a Rosj\u0105. Premier W\u0119gier uwa\u017ca, \u017ce przyj\u0119cie Ukrainy do UE&hellip;\n","protected":false},"author":2,"featured_media":139362,"comment_status":"","ping_status":"","sticky":false,"template":"","format":"standard","meta":{"footnotes":""},"categories":[14],"tags":[32,33,27,34,35,28,31,25,40,41,80,29,30,26,82,83,84],"class_list":{"0":"post-139361","1":"post","2":"type-post","3":"status-publish","4":"format-standard","5":"has-post-thumbnail","7":"category-swiat","8":"tag-breaking-news","9":"tag-breakingnews","10":"tag-headlines","11":"tag-latest-news","12":"tag-latestnews","13":"tag-naglowki","14":"tag-najwazniejsze-artykuly","15":"tag-news","16":"tag-polish","17":"tag-polski","18":"tag-swiat","19":"tag-top-stories","20":"tag-topstories","21":"tag-wiadomosci","22":"tag-world","23":"tag-world-news","24":"tag-worldnews"},"share_on_mastodon":{"url":"https:\/\/pubeurope.com\/@pl\/115684576189028362","error":""},"_links":{"self":[{"href":"https:\/\/www.europesays.com\/pl\/wp-json\/wp\/v2\/posts\/139361","targetHints":{"allow":["GET"]}}],"collection":[{"href":"https:\/\/www.europesays.com\/pl\/wp-json\/wp\/v2\/posts"}],"about":[{"href":"https:\/\/www.europesays.com\/pl\/wp-json\/wp\/v2\/types\/post"}],"author":[{"embeddable":true,"href":"https:\/\/www.europesays.com\/pl\/wp-json\/wp\/v2\/users\/2"}],"replies":[{"embeddable":true,"href":"https:\/\/www.europesays.com\/pl\/wp-json\/wp\/v2\/comments?post=139361"}],"version-history":[{"count":0,"href":"https:\/\/www.europesays.com\/pl\/wp-json\/wp\/v2\/posts\/139361\/revisions"}],"wp:featuredmedia":[{"embeddable":true,"href":"https:\/\/www.europesays.com\/pl\/wp-json\/wp\/v2\/media\/139362"}],"wp:attachment":[{"href":"https:\/\/www.europesays.com\/pl\/wp-json\/wp\/v2\/media?parent=139361"}],"wp:term":[{"taxonomy":"category","embeddable":true,"href":"https:\/\/www.europesays.com\/pl\/wp-json\/wp\/v2\/categories?post=139361"},{"taxonomy":"post_tag","embeddable":true,"href":"https:\/\/www.europesays.com\/pl\/wp-json\/wp\/v2\/tags?post=139361"}],"curies":[{"name":"wp","href":"https:\/\/api.w.org\/{rel}","templated":true}]}}