{"id":139363,"date":"2025-12-08T15:08:08","date_gmt":"2025-12-08T15:08:08","guid":{"rendered":"https:\/\/www.europesays.com\/pl\/139363\/"},"modified":"2025-12-08T15:08:08","modified_gmt":"2025-12-08T15:08:08","slug":"kolejny-incydent-przy-torach-sluzby-zatrzymaly-brazylijczykow","status":"publish","type":"post","link":"https:\/\/www.europesays.com\/pl\/139363\/","title":{"rendered":"Kolejny incydent przy torach. S\u0142u\u017cby zatrzyma\u0142y Brazylijczyk\u00f3w"},"content":{"rendered":"<p class=\"ods-c-paragraph \">Wi\u0119cej informacji wkr\u00f3tce.<\/p>\n<p class=\"ods-c-paragraph \">Do zatrzymania Brazylijczyk\u00f3w dosz\u0142o 3 grudnia niedaleko tor\u00f3w kolejowych w okolicach Przemy\u015bla. \u2014 Osoby zosta\u0142y przes\u0142uchane i nie przedstawiono im na chwil\u0119 obecn\u0105 jeszcze zarzut\u00f3w. \u015aledztwo jest prowadzone w kierunku szpiegostwa, dzia\u0142ania na rzecz obcego wywiadu \u2014 poinformowa\u0142a prok. Marta P\u0119tkowska.<\/p>\n<p>Dalszy ci\u0105g artyku\u0142u pod materia\u0142em wideo<\/p>\n<p> Dlaczego zatrzymano Brazylijczyk\u00f3w? <\/p>\n<p> Jakie przedmioty zabezpieczono podczas zatrzymania? <\/p>\n<p> Kiedy Brazylijczycy zostali zatrzymani? <\/p>\n<p> Co zadecydowa\u0142o o zatrzymaniu tych os\u00f3b? <\/p>\n<p class=\"ods-c-paragraph \">Podkre\u015bli\u0142a, \u017ce istotn\u0105 rol\u0119 w zatrzymaniu odegra\u0142 jeden z mieszka\u0144c\u00f3w okolic Przemy\u015bla, kt\u00f3ry zauwa\u017cy\u0142 podejrzane zachowanie i zg\u0142osi\u0142 je s\u0142u\u017cbom. \u2014 \u015aledztwo jest w toku i na ten moment nie udzielamy innych informacji \u2014 o\u015bwiadczy\u0142a rzeczniczka Prokuratury Okr\u0119gowej w Przemy\u015blu.<\/p>\n<p class=\"ods-c-paragraph \">Zatrzymani Brazylijczycy po przes\u0142uchaniu zostali wypuszczeni na wolno\u015b\u0107. Z ustale\u0144 \u015bledczych wynika, \u017ce na terenie Przemy\u015bla mieli przebywa\u0107 od listopada.<\/p>\n<p>Akty dywersji na kolei. Europejski Nakaz Aresztowania za poszukiwanymi Ukrai\u0144cami   <\/p>\n<p class=\"ods-c-paragraph \">W ostatnich tygodniach w Polsce dosz\u0142o do kilku akt\u00f3w dywersji na torach, za kt\u00f3rymi w ocenie \u015bledczych sta\u0142y rosyjskie s\u0142u\u017cby. <a href=\"https:\/\/wiadomosci.onet.pl\/kraj\/dywersja-na-kolei-prokuratura-wyslala-wniosek-o-czerwona-note-interpolu\/kpzs5mv\" id=\"f38638d1-9c3c-4e03-b2a2-05692c3dc978\" rel=\"nofollow noopener\" target=\"_blank\">S\u0105d Okr\u0119gowy w Warszawie wyda\u0142 europejski nakaz aresztowania za O\u0142eksandrem Kononowem i Jewhenijem Iwanowem.<\/a><\/p>\n<p class=\"ods-c-paragraph \">Obywatele Ukrainy podejrzani s\u0105 o to, \u017ce na zlecenie rosyjskich s\u0142u\u017cb specjalnych uszkodzili tory przy u\u017cyciu \u0142adunku wybuchowego w okolicach miejscowo\u015bci Mika w wojew\u00f3dztwie mazowieckim, a tak\u017ce o drugi incydent, w okolicach Pu\u0142aw w miejscowo\u015bci Go\u0142\u0105b, r\u00f3wnie\u017c na linii kolejowej nr 7 \u0142\u0105cz\u0105cej Warszaw\u0119 z Dorohuskiem. Tam uszkodzona zosta\u0142a cz\u0119\u015b\u0107 sieci trakcyjnej i zamontowane zosta\u0142y elementy metalowe na torze, kt\u00f3re r\u00f3wnie\u017c mog\u0142y spowodowa\u0107 wykolejenie poci\u0105gu.<\/p>\n<p class=\"ods-c-paragraph \">Zachowania te sprowadzi\u0142y bezpo\u015brednie niebezpiecze\u0144stwo katastrofy w ruchu l\u0105dowym w postaci wykolejenia poci\u0105g\u00f3w, stanowi\u0105ce zagro\u017cenie dla \u017cycia i zdrowia wielu os\u00f3b oraz mienia w wielkich rozmiarach.<\/p>\n","protected":false},"excerpt":{"rendered":"Wi\u0119cej informacji wkr\u00f3tce. Do zatrzymania Brazylijczyk\u00f3w dosz\u0142o 3 grudnia niedaleko tor\u00f3w kolejowych w okolicach Przemy\u015bla. \u2014 Osoby zosta\u0142y&hellip;\n","protected":false},"author":2,"featured_media":139364,"comment_status":"","ping_status":"","sticky":false,"template":"","format":"standard","meta":{"footnotes":""},"categories":[12],"tags":[32,33,4096,36,37,27,363,49,34,35,28,31,48,25,46,42,38,40,39,41,1627,47,29,30,26],"class_list":{"0":"post-139363","1":"post","2":"type-post","3":"status-publish","4":"format-standard","5":"has-post-thumbnail","7":"category-polska","8":"tag-breaking-news","9":"tag-breakingnews","10":"tag-dywersja","11":"tag-featured-news","12":"tag-featurednews","13":"tag-headlines","14":"tag-kolej_pociagi_transport_kolejowy","15":"tag-kraj","16":"tag-latest-news","17":"tag-latestnews","18":"tag-naglowki","19":"tag-najwazniejsze-artykuly","20":"tag-nat_styl","21":"tag-news","22":"tag-omp","23":"tag-pl","24":"tag-poland","25":"tag-polish","26":"tag-polska","27":"tag-polski","28":"tag-prokuratura","29":"tag-screening_general","30":"tag-top-stories","31":"tag-topstories","32":"tag-wiadomosci"},"share_on_mastodon":{"url":"https:\/\/pubeurope.com\/@pl\/115684580102301318","error":""},"_links":{"self":[{"href":"https:\/\/www.europesays.com\/pl\/wp-json\/wp\/v2\/posts\/139363","targetHints":{"allow":["GET"]}}],"collection":[{"href":"https:\/\/www.europesays.com\/pl\/wp-json\/wp\/v2\/posts"}],"about":[{"href":"https:\/\/www.europesays.com\/pl\/wp-json\/wp\/v2\/types\/post"}],"author":[{"embeddable":true,"href":"https:\/\/www.europesays.com\/pl\/wp-json\/wp\/v2\/users\/2"}],"replies":[{"embeddable":true,"href":"https:\/\/www.europesays.com\/pl\/wp-json\/wp\/v2\/comments?post=139363"}],"version-history":[{"count":0,"href":"https:\/\/www.europesays.com\/pl\/wp-json\/wp\/v2\/posts\/139363\/revisions"}],"wp:featuredmedia":[{"embeddable":true,"href":"https:\/\/www.europesays.com\/pl\/wp-json\/wp\/v2\/media\/139364"}],"wp:attachment":[{"href":"https:\/\/www.europesays.com\/pl\/wp-json\/wp\/v2\/media?parent=139363"}],"wp:term":[{"taxonomy":"category","embeddable":true,"href":"https:\/\/www.europesays.com\/pl\/wp-json\/wp\/v2\/categories?post=139363"},{"taxonomy":"post_tag","embeddable":true,"href":"https:\/\/www.europesays.com\/pl\/wp-json\/wp\/v2\/tags?post=139363"}],"curies":[{"name":"wp","href":"https:\/\/api.w.org\/{rel}","templated":true}]}}