{"id":139365,"date":"2025-12-08T15:09:07","date_gmt":"2025-12-08T15:09:07","guid":{"rendered":"https:\/\/www.europesays.com\/pl\/139365\/"},"modified":"2025-12-08T15:09:07","modified_gmt":"2025-12-08T15:09:07","slug":"nieoficjalnie-prezes-pge-odwolany-oto-nastepca-money-pl","status":"publish","type":"post","link":"https:\/\/www.europesays.com\/pl\/139365\/","title":{"rendered":"Nieoficjalnie: Prezes PGE odwo\u0142any. Oto nast\u0119pca &#8211; Money.pl"},"content":{"rendered":"<ol>\n<li><a href=\"https:\/\/news.google.com\/rss\/articles\/CBMiowFBVV95cUxPVzduUEhvdDgzOHlVYnF2d2J2UUs0SnJCWVctQXJiQU16ZXhHUDlTaFpIeFJ1RGlGVkdSVVowRml6QnFkNnl2b294UFZ5Mm45elVFN1lEbUJZZXdfZzh6dlVpUWM4ZnZ6VmVnYjRTNGU3TGtUSzRhOTZpdmU4NVNlaERTMlVWOG9CSF9FU2IycGxCaXBHTE1Ic0lyTlR1QXFfeHBF?oc=5\" target=\"_blank\" rel=\"nofollow noopener\">Nieoficjalnie: Prezes PGE odwo\u0142any. Oto nast\u0119pca<\/a>&nbsp;&nbsp;Money.pl<\/li>\n<li><a href=\"https:\/\/news.google.com\/rss\/articles\/CBMipAFBVV95cUxPNmZxV1FQcWZvTEZXY0k3T09oODFhNmRRbi1reno1RHg3N21kekFTOVN5THl6LVM5Y2dieUNkVm51aFA5WFdQUXVWclZXc3J1alBjLU52X1VWX29oN3lVcjdFY0RjSVoxc2dycG8xN2R6eG5ndzhldUpwVXBpRXV5SENFT1J3dGFDWFRfNExEUkRoYnllVHpCMHdoaFJ2dlFiWFJROQ?oc=5\" target=\"_blank\" rel=\"nofollow noopener\">Rz\u0105d odwo\u0142uje prezesa PGE. Wiemy, kto go zast\u0105pi<\/a>&nbsp;&nbsp;Business Insider Polska<\/li>\n<li><a href=\"https:\/\/news.google.com\/rss\/articles\/CBMipwFBVV95cUxPMjVPRmlOeVJoSUtBQ0xMVHN0M0VRT2wxeDFwSHhvbmVOdE9ITTdNQjlRYmNTVDZlZGd1YmNOOER0QjE2QlZaZWktRUxZTEcyaXhyal9VbnhLN0NQcl9jWWs3V1JkSWVBR1lYM29SQzd3OExuNTdRN1BLNFRmOURWRXdyT0VXdmlmUTM2a29KMzc1UXhlRi1kZFBCV3F0WTdCNDJ2eWpDNNIBpgFBVV95cUxQbVIwSW1SdENZcWdLcVFRY1Q1b2ZpWEZqb21IVkJQcVBQRkdqbHdOWkxZSWxQOE5jLXNpVmFzaHhrZ0FGVmZjZU9sQ09seFNDQ0lvNGI4M0Z5U2lncjF0TTU5c2NwTUNPaDhkRkRRelZ6MGptM1ZzNFJ0YVpRLUNWbUJIU19mZk9uUHoyRWZ4WVR6ckJTcTI0SG40Umw2NnFuaGY2Wkdn?oc=5\" target=\"_blank\" rel=\"nofollow noopener\">PGE bez prezesa. Dariusz Marzec zosta\u0142 odwo\u0142any z funkcji<\/a>&nbsp;&nbsp;Bankier.pl<\/li>\n<li><a href=\"https:\/\/news.google.com\/rss\/articles\/CBMiwgFBVV95cUxQYV9QM293MVRVZTRSQkZnOVJTMnVCUVFoZEJtZnpnemozQkZZUGlkaFczTlFLdEs4TzJnU1lacnkwNmdOSjVrNWRWcXUzejdOc1pTazNtcDZIRFJNbC1FV0JYNlZCRWNlb09OUEZBME5oSl8yLWpkbDY1WGZGUHdRbnJpbHlyenJoT01PR0dLQ1RZTnU5UmRjMlo2QUdoOVAyTWpGcGFyR0JkQzBRSDFoQ210eXFjd0h6WUpjM3JORmY5QQ?oc=5\" target=\"_blank\" rel=\"nofollow noopener\">Kadrowe przetasowania w radzie nadzorczej PGE. Nadzwyczajne walne na \u017c\u0105danie ministra<\/a>&nbsp;&nbsp;wnp.pl<\/li>\n<li><a href=\"https:\/\/news.google.com\/rss\/articles\/CBMiqAFBVV95cUxQeXlBODJocm1LZWVOR0h1QnM0UUczbnNVc3dmYWcxN2R2aXd5cGk2RVJlT2ZiWDVxblpBaDB2T085VmU1eHhVVzNxVVRGNFd5elFwcEJOcWpGMHdCRjQ0NDJRdUFudzhkSlhRODAxOHAxN2dOOWNaeFdNMjNQUFRTUVhwZTVTc0Zyc1FIdE95MHpscnVLVi1UWUhyUkZKWUF6Q1pyZmUwLTI?oc=5\" target=\"_blank\" rel=\"nofollow noopener\">Media: Prezes PGE odwo\u0142any. Pad\u0142o nazwisko jego zast\u0119pcy<\/a>&nbsp;&nbsp;Next Gazeta.pl<\/li>\n<\/ol>\n","protected":false},"excerpt":{"rendered":"Nieoficjalnie: Prezes PGE odwo\u0142any. Oto nast\u0119pca&nbsp;&nbsp;Money.pl Rz\u0105d odwo\u0142uje prezesa PGE. Wiemy, kto go zast\u0105pi&nbsp;&nbsp;Business Insider Polska PGE bez&hellip;\n","protected":false},"author":2,"featured_media":139350,"comment_status":"","ping_status":"","sticky":false,"template":"","format":"standard","meta":{"footnotes":""},"categories":[5],"tags":[32,33,36,37,27,34,35,28,31,25,42,38,40,39,41,29,30,26],"class_list":{"0":"post-139365","1":"post","2":"type-post","3":"status-publish","4":"format-standard","5":"has-post-thumbnail","7":"category-naglowki","8":"tag-breaking-news","9":"tag-breakingnews","10":"tag-featured-news","11":"tag-featurednews","12":"tag-headlines","13":"tag-latest-news","14":"tag-latestnews","15":"tag-naglowki","16":"tag-najwazniejsze-artykuly","17":"tag-news","18":"tag-pl","19":"tag-poland","20":"tag-polish","21":"tag-polska","22":"tag-polski","23":"tag-top-stories","24":"tag-topstories","25":"tag-wiadomosci"},"share_on_mastodon":{"url":"https:\/\/pubeurope.com\/@pl\/115684583925051163","error":""},"_links":{"self":[{"href":"https:\/\/www.europesays.com\/pl\/wp-json\/wp\/v2\/posts\/139365","targetHints":{"allow":["GET"]}}],"collection":[{"href":"https:\/\/www.europesays.com\/pl\/wp-json\/wp\/v2\/posts"}],"about":[{"href":"https:\/\/www.europesays.com\/pl\/wp-json\/wp\/v2\/types\/post"}],"author":[{"embeddable":true,"href":"https:\/\/www.europesays.com\/pl\/wp-json\/wp\/v2\/users\/2"}],"replies":[{"embeddable":true,"href":"https:\/\/www.europesays.com\/pl\/wp-json\/wp\/v2\/comments?post=139365"}],"version-history":[{"count":0,"href":"https:\/\/www.europesays.com\/pl\/wp-json\/wp\/v2\/posts\/139365\/revisions"}],"wp:featuredmedia":[{"embeddable":true,"href":"https:\/\/www.europesays.com\/pl\/wp-json\/wp\/v2\/media\/139350"}],"wp:attachment":[{"href":"https:\/\/www.europesays.com\/pl\/wp-json\/wp\/v2\/media?parent=139365"}],"wp:term":[{"taxonomy":"category","embeddable":true,"href":"https:\/\/www.europesays.com\/pl\/wp-json\/wp\/v2\/categories?post=139365"},{"taxonomy":"post_tag","embeddable":true,"href":"https:\/\/www.europesays.com\/pl\/wp-json\/wp\/v2\/tags?post=139365"}],"curies":[{"name":"wp","href":"https:\/\/api.w.org\/{rel}","templated":true}]}}