{"id":139374,"date":"2025-12-08T15:16:07","date_gmt":"2025-12-08T15:16:07","guid":{"rendered":"https:\/\/www.europesays.com\/pl\/139374\/"},"modified":"2025-12-08T15:16:07","modified_gmt":"2025-12-08T15:16:07","slug":"silne-trzesienie-ziemi-w-japonii-jest-ostrzezenie-przed-tsunami-onet","status":"publish","type":"post","link":"https:\/\/www.europesays.com\/pl\/139374\/","title":{"rendered":"Silne trz\u0119sienie ziemi w Japonii. Jest ostrze\u017cenie przed tsunami &#8211; Onet"},"content":{"rendered":"<ol>\n<li><a href=\"https:\/\/news.google.com\/rss\/articles\/CBMixAFBVV95cUxNVzJUbjE3aWdqSEZLdHRfWXI2aWJRblVYbTN6WVpkVFd0N0pSemJjaDlyZ3FMSzV0Qm5aWVgzMnlLLTBTOUxHb3FXYkRMYklYb24xTjRxTDVFN0dtWlJTaC1TQjdfc2lYc3p3YWstejcxcXA5WGJCdHliaVc2bVF1bXhrN2thbXp6dVFNMXd4dEdoRlJ6OGM3UTlqa2IwTm1aWDh6U29DREkycFJyQ3A2N1Nkcmd2c2Itc1czNm04UE1HTWlL?oc=5\" target=\"_blank\" rel=\"nofollow noopener\">Silne trz\u0119sienie ziemi w Japonii. Jest ostrze\u017cenie przed tsunami<\/a>&nbsp;&nbsp;Onet<\/li>\n<li><a href=\"https:\/\/news.google.com\/rss\/articles\/CBMipgFBVV95cUxOQk5GV05PanUtVlNaTDNlNTJoNmhjYl9zb0xSM2FVdjBnaWI3VDh6ZjlYbk56TFlFc0NkdjlOZGt3MWd4a2ZtUjViOTJrQXJLbzlxYktpQkJwY3FhWDBvRDJ6bFpuNS00cWFIWlRmZVA5ejBIRmRJS0pyUEdrUWMyYnF2aVVUWm5kM0xvRF9xREVic0NkeGxrQmRDZ1BpMll2dUtvR2J3?oc=5\" target=\"_blank\" rel=\"nofollow noopener\">Nawet trzymetrowe fale. Do Japonii zbli\u017ca si\u0119 tsunami<\/a>&nbsp;&nbsp;Wyborcza.pl<\/li>\n<li><a href=\"https:\/\/news.google.com\/rss\/articles\/CBMitgFBVV95cUxNdmJQcjViS2YyNzFrTUxzVW8wcWdSSEhzMkdvT09YQkpfcWlhNkM4Q0VKbnVFZGVBZGtSUERmYlRRRjZIUktjSzFiREw0QWhaLTIyemM4RWdCa1BQNGIzeUVzMXVjdENpdnBaOW1oNGxDWGdhbGk4b29uUE9ISWlHbXp1VUFaY2RJTzU4U190TUl3TTRMQ20yVjIwSVpyWVUtdTU4cWpWVEFfMlUydDNUTzVHTFpKUQ?oc=5\" target=\"_blank\" rel=\"nofollow noopener\">Silne trz\u0119sienie ziemi w pobli\u017cu Japonii. Ostrze\u017cenie przed tsunami<\/a>&nbsp;&nbsp;Polskie Radio 24<\/li>\n<li><a href=\"https:\/\/news.google.com\/rss\/articles\/CBMirgFBVV95cUxOTkNXVjJSb2Y3Vy1jMTdhcUNVZnQ1ZC0tLVFwUXBtdWFqOFgyNE1JeG1NS2RvRVpfNGZmRHJkbVBmZ1ZBSjM2NG1zUjZFWjBIOVJnVVBSYm1kRmstRE9zNm1xNjFrempDb2tpcDZOazZSTGRGd0FFbUh0UHVjT2dPRi16M0h5a0lISTlGSTk1RGxrTzZOYVVsdzVVeExKeTk5M19xT0s4eE4tTldTZ3c?oc=5\" target=\"_blank\" rel=\"nofollow noopener\">Trz\u0119sienie ziemi w Japonii. Wydano ostrze\u017cenie przed tsunami<\/a>&nbsp;&nbsp;RMF24<\/li>\n<li><a href=\"https:\/\/news.google.com\/rss\/articles\/CBMirgFBVV95cUxObGJXbm1fcDQxUWl4b2ZQZU5IdHJRQUhIay0yeHBObzFJVVh6Q0FMc0wyMXdsalZ1TTY5aWNTdXlJX2M4VHUxTlhhbzhYRnYtSDM4cTl1WGl3Ump4MDB6SU5IUHVSaGdUSmp4ZDk4cU1ycjV1MmNOQktiM0lfd1B5NEpPWXpyanhNVE5ma0dYdUgwN0ZWY0U3X3F5WW5DUkU2SndZRXRXTElFVUlmWVE?oc=5\" target=\"_blank\" rel=\"nofollow noopener\">Silne trz\u0119sienie ziemi w Japonii. Ostrze\u017cenie przed tsunami<\/a>&nbsp;&nbsp;TVN24<\/li>\n<\/ol>\n","protected":false},"excerpt":{"rendered":"Silne trz\u0119sienie ziemi w Japonii. Jest ostrze\u017cenie przed tsunami&nbsp;&nbsp;Onet Nawet trzymetrowe fale. Do Japonii zbli\u017ca si\u0119 tsunami&nbsp;&nbsp;Wyborcza.pl Silne&hellip;\n","protected":false},"author":2,"featured_media":7993,"comment_status":"","ping_status":"","sticky":false,"template":"","format":"standard","meta":{"footnotes":""},"categories":[5],"tags":[32,33,36,37,27,8285,34,35,28,31,53,25,52,68,51,55,42,38,40,39,41,47,29,30,1933,28602,50,26],"class_list":{"0":"post-139374","1":"post","2":"type-post","3":"status-publish","4":"format-standard","5":"has-post-thumbnail","7":"category-naglowki","8":"tag-breaking-news","9":"tag-breakingnews","10":"tag-featured-news","11":"tag-featurednews","12":"tag-headlines","13":"tag-japonia_kraj","14":"tag-latest-news","15":"tag-latestnews","16":"tag-naglowki","17":"tag-najwazniejsze-artykuly","18":"tag-new_header","19":"tag-news","20":"tag-onet3","21":"tag-onet3d","22":"tag-onet3d_2i","23":"tag-phx","24":"tag-pl","25":"tag-poland","26":"tag-polish","27":"tag-polska","28":"tag-polski","29":"tag-screening_general","30":"tag-top-stories","31":"tag-topstories","32":"tag-trzesienie_ziemi","33":"tag-tsunami_fala_oceaniczna","34":"tag-v2021","35":"tag-wiadomosci"},"share_on_mastodon":{"url":"https:\/\/pubeurope.com\/@pl\/115684611675053066","error":""},"_links":{"self":[{"href":"https:\/\/www.europesays.com\/pl\/wp-json\/wp\/v2\/posts\/139374","targetHints":{"allow":["GET"]}}],"collection":[{"href":"https:\/\/www.europesays.com\/pl\/wp-json\/wp\/v2\/posts"}],"about":[{"href":"https:\/\/www.europesays.com\/pl\/wp-json\/wp\/v2\/types\/post"}],"author":[{"embeddable":true,"href":"https:\/\/www.europesays.com\/pl\/wp-json\/wp\/v2\/users\/2"}],"replies":[{"embeddable":true,"href":"https:\/\/www.europesays.com\/pl\/wp-json\/wp\/v2\/comments?post=139374"}],"version-history":[{"count":0,"href":"https:\/\/www.europesays.com\/pl\/wp-json\/wp\/v2\/posts\/139374\/revisions"}],"wp:featuredmedia":[{"embeddable":true,"href":"https:\/\/www.europesays.com\/pl\/wp-json\/wp\/v2\/media\/7993"}],"wp:attachment":[{"href":"https:\/\/www.europesays.com\/pl\/wp-json\/wp\/v2\/media?parent=139374"}],"wp:term":[{"taxonomy":"category","embeddable":true,"href":"https:\/\/www.europesays.com\/pl\/wp-json\/wp\/v2\/categories?post=139374"},{"taxonomy":"post_tag","embeddable":true,"href":"https:\/\/www.europesays.com\/pl\/wp-json\/wp\/v2\/tags?post=139374"}],"curies":[{"name":"wp","href":"https:\/\/api.w.org\/{rel}","templated":true}]}}