{"id":139383,"date":"2025-12-08T15:21:05","date_gmt":"2025-12-08T15:21:05","guid":{"rendered":"https:\/\/www.europesays.com\/pl\/139383\/"},"modified":"2025-12-08T15:21:05","modified_gmt":"2025-12-08T15:21:05","slug":"trump-jestem-rozczarowany-bo-zelenski-nie-przeczytal-propozycji-pokojowej-na-zywo-wyborcza-pl","status":"publish","type":"post","link":"https:\/\/www.europesays.com\/pl\/139383\/","title":{"rendered":"Trump: jestem rozczarowany, bo Ze\u0142enski nie przeczyta\u0142 propozycji pokojowej [NA \u017bYWO] &#8211; Wyborcza.pl"},"content":{"rendered":"<ol>\n<li><a href=\"https:\/\/news.google.com\/rss\/articles\/CBMiYEFVX3lxTE16Uy1Fazg4QXBBTHByX2d4VmZEMkJwMUpzczFrTWpTbjU1Slk4WXNhaTJVU0lyUmVUNkttRHdSazczaWNmMmVPT0VGY1dqYUtLMXR4OG50MEF5SGU5REdhUg?oc=5\" target=\"_blank\" rel=\"nofollow noopener\">Trump: jestem rozczarowany, bo Ze\u0142enski nie przeczyta\u0142 propozycji pokojowej [NA \u017bYWO]<\/a>&nbsp;&nbsp;Wyborcza.pl<\/li>\n<li><a href=\"https:\/\/news.google.com\/rss\/articles\/CBMivwFBVV95cUxQX0xjaldUZ0xmbV8wb1dPN25zcjI0RjlHcTBCcDRmejFJaUk5Q3QzdVdicjBBOVpCM055bk9LVmFZazRjQlZwM2lxY0d1NUwwTlFGZWlMSlRmeElxUW1ieWZkX1RxaHN2d2RweHdtNjdNMTlTMWZZd25mLUdKaDZiQmdmMHVXbzhuWU4xcFhZYklVRWNIajd3YW1xZEVYVE5QQWpYZzJreldIWVJSdVd4d2J0emRmLWM2czEyRGRoaw?oc=5\" target=\"_blank\" rel=\"nofollow noopener\">Trump zwi\u0119ksza presj\u0119 na Ze\u0142enskiego, a Kreml tylko zaciera r\u0119ce. Dyplomatyczna gra nerw\u00f3w wchodzi w decyduj\u0105c\u0105 faz\u0119<\/a>&nbsp;&nbsp;Onet Wiadomo\u015bci<\/li>\n<li><a href=\"https:\/\/news.google.com\/rss\/articles\/CBMivwFBVV95cUxOR1FIa2FaYUltMzRGTHg0MVctQURQZFF2VkRmNzhPX2t2RWIzVW85NWpuZkYzbHFoXzBNbG1fZTVqb2NkR19mYWRMU0FYY201N2dJMkRnOGFDOXYyejVhMEVrb1NOVFQ2eVNSMDZmbk5LNVZrNHplSWxra0VVU0hJR0RWWk1wNGpWdm5OVXdQSkVuY3kwRnhkNEE5UVFsWlJNZFVjY25LSjBIOHltZnVCajZIcko5YUJkNWlxLVZLcw?oc=5\" target=\"_blank\" rel=\"nofollow noopener\">Trump uderzy\u0142 w Ze\u0142enskiego, nadesz\u0142a odpowied\u017a. Ze\u0142enskiemu wystarczy\u0142o kilka s\u0142\u00f3w<\/a>&nbsp;&nbsp;Wydarzenia Interia<\/li>\n<li><a href=\"https:\/\/news.google.com\/rss\/articles\/CBMirwFBVV95cUxOS1BFQ21YckJMTE9na3kwdW04V2FnY29UMm9qRExCMF9yOHpRM21xelhqUTNOcXl2aWlCMEtVbVQ1UVBsaUFLSlFiVUZsM18tcFJpdFlRQUNkOEhYV2FoVTdUdzg3eDNLM1MxT0l3TUo2VzRLV2lCMlFMZHpHM1plNjF5eDV1d1dUczB0R3pjOXdzWHhKZHl3MGQ2cU9LOHBDUG5RT0JManpSTDFFeHNz0gGuAUFVX3lxTE5DZGg5akM0UGpHY1JQTTYwVTdBd2hhQTlLaTJ4Zk9mTTBJQkdnbVVmR3Z6WjJMM1VQemVvcFdIcFNENE05cnN5dG1mTnRUNngtT3N0MkpSaERqaWh1RTdTVENHMVVtelo2LXZWQ243WG1teGVPaktONnlJbVYwUVFzN094ZVlGZmJNTW1aX1FhUzVJVmFyeUZSSEV0emV0V1BfS1ZIMWluZDgwQzVTZw?oc=5\" target=\"_blank\" rel=\"nofollow noopener\">Ukraina pod presj\u0105. USA chc\u0105 szybkiego przyj\u0119cia planu pokojowego<\/a>&nbsp;&nbsp;Bankier.pl<\/li>\n<li><a href=\"https:\/\/news.google.com\/rss\/articles\/CBMirgFBVV95cUxPRm5mcHRxMXJQUkF4ZlVlRUVuVGJ2UmpXTW84aTRUV1RSMWF4dF9xcFFZQThfNmxpRW0xZTRTc0VxUHViRmJkWl9ZTHBmZXZONG5KTzJ5dFo5VjJSd2hrR2RXdUVFZUxOZ0c2VTdwZ1dFMWNEMUROLUxPUElCZHdNcVRlWlY4MzRmZXlSdkgyR2d3a1ZKOFJMVk1WMk1DdGQ1U0NIX3lTRURReW0yRWc?oc=5\" target=\"_blank\" rel=\"nofollow noopener\">Kij\u00f3w odpowiada na s\u0142owa Trumpa. &#8222;Ze\u0142enski czyta wszystkie dokumenty\u201d<\/a>&nbsp;&nbsp;WP Wiadomo\u015bci<\/li>\n<\/ol>\n","protected":false},"excerpt":{"rendered":"Trump: jestem rozczarowany, bo Ze\u0142enski nie przeczyta\u0142 propozycji pokojowej [NA \u017bYWO]&nbsp;&nbsp;Wyborcza.pl Trump zwi\u0119ksza presj\u0119 na Ze\u0142enskiego, a Kreml&hellip;\n","protected":false},"author":2,"featured_media":139384,"comment_status":"","ping_status":"","sticky":false,"template":"","format":"standard","meta":{"footnotes":""},"categories":[14],"tags":[32,33,27,34,35,28,31,25,40,41,80,29,30,26,82,83,84],"class_list":{"0":"post-139383","1":"post","2":"type-post","3":"status-publish","4":"format-standard","5":"has-post-thumbnail","7":"category-swiat","8":"tag-breaking-news","9":"tag-breakingnews","10":"tag-headlines","11":"tag-latest-news","12":"tag-latestnews","13":"tag-naglowki","14":"tag-najwazniejsze-artykuly","15":"tag-news","16":"tag-polish","17":"tag-polski","18":"tag-swiat","19":"tag-top-stories","20":"tag-topstories","21":"tag-wiadomosci","22":"tag-world","23":"tag-world-news","24":"tag-worldnews"},"share_on_mastodon":{"url":"","error":""},"_links":{"self":[{"href":"https:\/\/www.europesays.com\/pl\/wp-json\/wp\/v2\/posts\/139383","targetHints":{"allow":["GET"]}}],"collection":[{"href":"https:\/\/www.europesays.com\/pl\/wp-json\/wp\/v2\/posts"}],"about":[{"href":"https:\/\/www.europesays.com\/pl\/wp-json\/wp\/v2\/types\/post"}],"author":[{"embeddable":true,"href":"https:\/\/www.europesays.com\/pl\/wp-json\/wp\/v2\/users\/2"}],"replies":[{"embeddable":true,"href":"https:\/\/www.europesays.com\/pl\/wp-json\/wp\/v2\/comments?post=139383"}],"version-history":[{"count":0,"href":"https:\/\/www.europesays.com\/pl\/wp-json\/wp\/v2\/posts\/139383\/revisions"}],"wp:featuredmedia":[{"embeddable":true,"href":"https:\/\/www.europesays.com\/pl\/wp-json\/wp\/v2\/media\/139384"}],"wp:attachment":[{"href":"https:\/\/www.europesays.com\/pl\/wp-json\/wp\/v2\/media?parent=139383"}],"wp:term":[{"taxonomy":"category","embeddable":true,"href":"https:\/\/www.europesays.com\/pl\/wp-json\/wp\/v2\/categories?post=139383"},{"taxonomy":"post_tag","embeddable":true,"href":"https:\/\/www.europesays.com\/pl\/wp-json\/wp\/v2\/tags?post=139383"}],"curies":[{"name":"wp","href":"https:\/\/api.w.org\/{rel}","templated":true}]}}