{"id":139407,"date":"2025-12-08T15:43:10","date_gmt":"2025-12-08T15:43:10","guid":{"rendered":"https:\/\/www.europesays.com\/pl\/139407\/"},"modified":"2025-12-08T15:43:10","modified_gmt":"2025-12-08T15:43:10","slug":"z-kim-pis-stworzy-koalicje-kaczynski-odpowiedzial","status":"publish","type":"post","link":"https:\/\/www.europesays.com\/pl\/139407\/","title":{"rendered":"Z kim PiS stworzy koalicj\u0119? Kaczy\u0144ski odpowiedzia\u0142"},"content":{"rendered":"\n<p>&#13;<br \/>\nZgodnie z\u00a0nowym sonda\u017cem IBRiS dla\u00a0Polsat News najwi\u0119kszym poparciem cieszy si\u0119 Koalicja Obywatelska, na\u00a0kt\u00f3r\u0105 ch\u0119\u0107 oddania g\u0142osu zadeklarowa\u0142o 30,9 proc. respondent\u00f3w. &#13;\n<\/p>\n<p>&#13;<br \/>\nDrugie miejsce zajmuje Prawo i\u00a0Sprawiedliwo\u015b\u0107 <a href=\"https:\/\/dorzeczy.pl\/sondaz\/816740\/tych-koalicji-nie-chca-polacy-najnowszy-sondaz.html\" rel=\"nofollow noopener\" target=\"_blank\">z poparciem na\u00a0poziomie 25,5 proc.<\/a> &#13;\n<\/p>\n<p>&#13;<br \/>\nPodium zamyka Konfederacja, na\u00a0kt\u00f3ra chce zag\u0142osowa\u0107 13,6 proc. badanych. &#13;\n<\/p>\n<p>&#13;<br \/>\nDo Sejmu dosta\u0142aby si\u0119 jeszcze Lewica (8,2 proc.) oraz\u00a0Konfederacja Korony Polskiej z\u00a0poparciem na\u00a0poziomie 7,1 proc. &#13;\n<\/p>\n<p>PSL, Partia Razem i\u00a0Polska 2050 poza Sejmem<\/p>\n<p>&#13;<br \/>\nProgu wyborczego nie\u00a0przekroczy\u0142yby: PSL (4 proc.), Partia Razem (3,6 proc.) oraz\u00a0Polska 2050 (1,5 proc.). 5,7 proc. ankietowanych nie\u00a0potrafi\u0142o wskaza\u0107, na\u00a0kogo odda\u0142oby g\u0142os w\u00a0wyborach. &#13;\n<\/p>\n<p>Z kim PiS m\u00f3g\u0142by stworzy\u0107 koalicj\u0119 rz\u0105dz\u0105c\u0105?<\/p>\n<p>&#13;<br \/>\nO wyniki sonda\u017cu oraz\u00a0o\u00a0to, <a href=\"https:\/\/dorzeczy.pl\/opinie\/772590\/koalicja-pis-konfederacja-kaczynski-mial-dac-sygnal.html\" rel=\"nofollow noopener\" target=\"_blank\">z kim PiS m\u00f3g\u0142by stworzy\u0107 koalicj\u0119<\/a>, zosta\u0142 zapytany na\u00a0konferencji prasowej Jaros\u0142aw Kaczy\u0144ski. &#13;\n<\/p>\n<p>&#13;<br \/>\n\u2013 Je\u017celi chodzi o\u00a0ewentualne koalicje, to\u00a0my jeste\u015bmy gotowi do\u00a0koalicji z\u00a0tymi \u2013\u00a0oczywi\u015bcie z\u00a0tej naszej strony, patriotycznej, tak bym j\u0105 nazwa\u0142 \u2013\u00a0ale\u00a0tymi, kt\u00f3rzy s\u0105 gotowi racjonalnie rz\u0105dzi\u0107 \u2013\u00a0odpowiedzia\u0142. &#13;\n<\/p>\n<p>&#13;<br \/>\nPrezes PiS zauwa\u017cy\u0142, \u017ce\u00a0\u201e\u0142atwo jest opowiada\u0107 r\u00f3\u017cne rzeczy, ale\u00a0je\u017celi nast\u0119pnie odnie\u015b\u0107 si\u0119 do\u00a0realnej sytuacji w\u00a0\u015bwiecie, przecie\u017c musimy si\u0119 w\u00a0tej sytuacji w\u00a0\u015bwiecie i\u00a0w\u00a0Europie jako\u015b odnajdywa\u0107, to\u00a0partnerami mog\u0105 by\u0107 tylko ci, kt\u00f3rzy zdaj\u0105 sobie spraw\u0119, jaka jest ta\u00a0sytuacja\u201d. &#13;\n<\/p>\n<p>&#13;<br \/>\nJaros\u0142aw Kaczy\u0144ski podkre\u015bli\u0142, \u017ce\u00a0zdaje sobie spraw\u0119 z\u00a0tego, \u017ce\u00a0\u201eprzy pe\u0142nym zdecydowaniu, przy jednoznaczno\u015bci naszych pogl\u0105d\u00f3w, w\u00a0szczeg\u00f3lno\u015bci tego pogl\u0105du, \u017ce\u00a0UE taka jak dzisiaj, jest po\u00a0prostu ci\u0119\u017ck\u0105 chorob\u0105 i\u00a0t\u0119 chorob\u0119 trzeba uleczy\u0107, podtrzymujemy ten pogl\u0105d, kt\u00f3ry wyrazi\u0142 ju\u017c pan prezydent, \u017ce\u00a0my jeste\u015bmy za\u00a0tym, \u017ceby by\u0107 w\u00a0UE, za\u00a0UE, tylko \u017ce\u00a0t\u0119 UE trzeba bardzo radykalnie przebudowa\u0107\u201d. &#13;\n<\/p>\n<p>&#13;<br \/>\nCzytaj te\u017c:<br \/><a href=\"https:\/\/dorzeczy.pl\/sondaz\/816740\/tych-koalicji-nie-chca-polacy-najnowszy-sondaz.html\" rel=\"follow nofollow noopener\" data-schema=\"DORZECZY\" data-image=\"https:\/\/img.dorzeczy.pl\/_thumb\/0c\/c6\/e922511a23b40cbff33565350102.jpeg\" target=\"_blank\">Tych koalicji nie\u00a0chc\u0105 Polacy. Najnowszy sonda\u017c<\/a>Czytaj te\u017c:<br \/><a href=\"https:\/\/dorzeczy.pl\/ekonomia\/815891\/sondaz-tusk-radzi-sobie-z-gospodarka-gorzej-niz-pis-polacy-odpowiedzieli.html\" rel=\"follow nofollow noopener\" data-schema=\"DORZECZY\" data-image=\"https:\/\/img.dorzeczy.pl\/_thumb\/5a\/66\/01fc98a38836b0e940aceb93963f.jpeg\" target=\"_blank\">Z\u0142a wiadomo\u015b\u0107 dla\u00a0Tuska. Sonda\u017c nie\u00a0zostawia z\u0142udze\u0144<\/a> &#13;<\/p>\n","protected":false},"excerpt":{"rendered":"&#13; Zgodnie z\u00a0nowym sonda\u017cem IBRiS dla\u00a0Polsat News najwi\u0119kszym poparciem cieszy si\u0119 Koalicja Obywatelska, na\u00a0kt\u00f3r\u0105 ch\u0119\u0107 oddania g\u0142osu zadeklarowa\u0142o&hellip;\n","protected":false},"author":2,"featured_media":139408,"comment_status":"","ping_status":"","sticky":false,"template":"","format":"standard","meta":{"footnotes":""},"categories":[12],"tags":[32,33,98,36,37,27,25656,8526,866,1006,22086,49,34,35,28,31,25,102,529,42,38,40,39,41,366,29,30,26],"class_list":{"0":"post-139407","1":"post","2":"type-post","3":"status-publish","4":"format-standard","5":"has-post-thumbnail","7":"category-polska","8":"tag-breaking-news","9":"tag-breakingnews","10":"tag-dorzeczy","11":"tag-featured-news","12":"tag-featurednews","13":"tag-headlines","14":"tag-ibris","15":"tag-jaroslaw-kaczynski","16":"tag-koalicja","17":"tag-konfederacja","18":"tag-konfederacja-korony-polskiej","19":"tag-kraj","20":"tag-latest-news","21":"tag-latestnews","22":"tag-naglowki","23":"tag-najwazniejsze-artykuly","24":"tag-news","25":"tag-opinie","26":"tag-pis","27":"tag-pl","28":"tag-poland","29":"tag-polish","30":"tag-polska","31":"tag-polski","32":"tag-sondaz","33":"tag-top-stories","34":"tag-topstories","35":"tag-wiadomosci"},"share_on_mastodon":{"url":"https:\/\/pubeurope.com\/@pl\/115684717669476019","error":""},"_links":{"self":[{"href":"https:\/\/www.europesays.com\/pl\/wp-json\/wp\/v2\/posts\/139407","targetHints":{"allow":["GET"]}}],"collection":[{"href":"https:\/\/www.europesays.com\/pl\/wp-json\/wp\/v2\/posts"}],"about":[{"href":"https:\/\/www.europesays.com\/pl\/wp-json\/wp\/v2\/types\/post"}],"author":[{"embeddable":true,"href":"https:\/\/www.europesays.com\/pl\/wp-json\/wp\/v2\/users\/2"}],"replies":[{"embeddable":true,"href":"https:\/\/www.europesays.com\/pl\/wp-json\/wp\/v2\/comments?post=139407"}],"version-history":[{"count":0,"href":"https:\/\/www.europesays.com\/pl\/wp-json\/wp\/v2\/posts\/139407\/revisions"}],"wp:featuredmedia":[{"embeddable":true,"href":"https:\/\/www.europesays.com\/pl\/wp-json\/wp\/v2\/media\/139408"}],"wp:attachment":[{"href":"https:\/\/www.europesays.com\/pl\/wp-json\/wp\/v2\/media?parent=139407"}],"wp:term":[{"taxonomy":"category","embeddable":true,"href":"https:\/\/www.europesays.com\/pl\/wp-json\/wp\/v2\/categories?post=139407"},{"taxonomy":"post_tag","embeddable":true,"href":"https:\/\/www.europesays.com\/pl\/wp-json\/wp\/v2\/tags?post=139407"}],"curies":[{"name":"wp","href":"https:\/\/api.w.org\/{rel}","templated":true}]}}