{"id":139425,"date":"2025-12-08T15:52:08","date_gmt":"2025-12-08T15:52:08","guid":{"rendered":"https:\/\/www.europesays.com\/pl\/139425\/"},"modified":"2025-12-08T15:52:08","modified_gmt":"2025-12-08T15:52:08","slug":"wreszcie-polak-z-pierwszym-golem-w-serie-a-sami-zobaczcie-przeglad-sportowy-onet","status":"publish","type":"post","link":"https:\/\/www.europesays.com\/pl\/139425\/","title":{"rendered":"Wreszcie! Polak z pierwszym golem w Serie A. Sami zobaczcie &#8211; Przegl\u0105d Sportowy Onet"},"content":{"rendered":"<ol>\n<li><a href=\"https:\/\/news.google.com\/rss\/articles\/CBMiygFBVV95cUxQZ0pobnVlMkE5alA2OXZqb1VCN2Vzbm9CSmhicU90OXZYQ1ZyOVhiTmFOZFkwbVVmSm1EVDNoMUJ0WEFDQWNLXzEzc0UtcWJYbkJqekI2V2dfQ3lsWGpucVFDVkhhR1VkYWpMWFM0bTZRZENLcE1qSXowUGU0RjlwTXdjbnBsNUliemlES1o3WktzM05LMXI1R1Z2aFFJcThBYzcwbkp5cE1ONEcwSUZqNm9qZl9CTFBBVnFoMVYtNy1mYXptS185MVh3?oc=5\" target=\"_blank\" rel=\"nofollow noopener\">Wreszcie! Polak z pierwszym golem w Serie A. Sami zobaczcie<\/a>&nbsp;&nbsp;Przegl\u0105d Sportowy Onet<\/li>\n<li><a href=\"https:\/\/news.google.com\/rss\/articles\/CBMiqAFBVV95cUxQa3dUdjFJajBVQ3lSaGRvMDA0Vm1FUUQwek8xVUQ2cGR3ZnkyRGNFbE9MVjFqRFFOd2xXUVh2QWVjdXJxM3FKVXJJMUZZZ29sTzlLY1NVdEFHeEFjdWNGRXJ5U2dIWS0zWjRFcFRiSmtmVF9QRnRFRWx2MG51c2NZUXhrQmNtcE5sTnRrM2ZNRXhJbnI1WWN5dHNJWlRwa3VqcDR5bTh0WEY?oc=5\" target=\"_blank\" rel=\"nofollow noopener\">Pierwszy gol w Serie A. Wielka chwila polskiego napastnika<\/a>&nbsp;&nbsp;SportoweFakty<\/li>\n<li><a href=\"https:\/\/news.google.com\/rss\/articles\/CBMinwFBVV95cUxNOXUxcEU5NWF3V3h5MlZ5Z3BNM2VIV2VSZjlmYy03QjlhaVpKV1hQVWJOYzZWSzY3bU92MnQzLTBGVlRqYi0wRnI0RlB6YVZpS01qWXlTTlZsQ25INy10MlB6dFVGd2NGX0YwTVlKNWphakx5OU1hUzIwYi01cEVPcGlYUUFVd0JCdDNtS00wZTlOSjZxcHhhbkhydzVuZWs?oc=5\" target=\"_blank\" rel=\"nofollow noopener\">Polak z golem w Serie A! W ko\u0144cu si\u0119 doczeka\u0142 [WIDEO]<\/a>&nbsp;&nbsp;Meczyki.pl<\/li>\n<li><a href=\"https:\/\/news.google.com\/rss\/articles\/CBMirwFBVV95cUxOYlVhU0FyZU11M0xEdHpkOFZVZlI5SVZ6QVlHX0pKc2pSYkZOaGlQZF94MWFRYUNBbGlzVnctV19PTS1xZG5XemFGZkpvd2p2NHFRUnVmemxMT2o1REJzbFA3bGJRZzMwYzhOMnNuTW44Vm9GdGJQai1aRWVHMUJfMXB6eDlSdzZOYUlqMW1pbmYtQ091bFUxRm1UcWlFa2h0bVZwcTBsTk5QRWRpUTJZ?oc=5\" target=\"_blank\" rel=\"nofollow noopener\">Gol Polaka nie pom\u00f3g\u0142! Wyniki i skr\u00f3ty czwartkowych mecz\u00f3w Coppa Italia<\/a>&nbsp;&nbsp;www.polsatsport.pl<\/li>\n<li><a href=\"https:\/\/news.google.com\/rss\/articles\/CBMivAFBVV95cUxQNDJta1NaSUlzRlJOZ3UzdHVDNEx2OGRqQ0UtSDJsUWt4RDRuanlBUjJsYy1kcnVQRVIwbUNoWF91ZWlLYS0yWGF0aDBFbGx1aTBmU3ljQW14UU8xODAxZk12cU4zejFMLWJ0Q1pDdXo5MjNVNVQ1YjBLbjEzQ2VQOFc0RmZ1MlNJM0gzaWNTWnhSYzBreGNvZUNETHJNNWNHejZadGl2WXB3M3ZoVEVNRmVJUVNZcFduSnU0UdIBwgFBVV95cUxNLURWMXJLQjVobXVBSDdHQndHMzJpRmoxaXBrd29tUE1LbmU1dGJ2Q2VKc1VoUlJYQURFcjhwakUyLTl2d25sMUJIUjBzVkp0ZjVvR1pCR3M1MTY4dGk5TnZVM1FTNUxiT3kxQUs2U0ljQzFCZXI3UF81cG9kcUZQTExUR29yZ1Yzdi1RQTNkczNqSy1kc29nQlF0OFNuUTJKLW5Iamo5anlSYXhnbHNyMW1rZHhlZDN3QWtNb01YVVFOQQ?oc=5\" target=\"_blank\" rel=\"nofollow noopener\">Puchar W\u0142och. Adrian Benedyczak zdobywc\u0105 jedynego gola Parmy w przegranym starciu z Boloni\u0105<\/a>&nbsp;&nbsp;sport.tvp.pl<\/li>\n<\/ol>\n","protected":false},"excerpt":{"rendered":"Wreszcie! Polak z pierwszym golem w Serie A. Sami zobaczcie&nbsp;&nbsp;Przegl\u0105d Sportowy Onet Pierwszy gol w Serie A. Wielka&hellip;\n","protected":false},"author":2,"featured_media":139426,"comment_status":"","ping_status":"","sticky":false,"template":"","format":"standard","meta":{"footnotes":""},"categories":[24],"tags":[28607,67,28608,549,42,38,40,39,41,136,128,47,4079,127,135,126,130],"class_list":{"0":"post-139425","1":"post","2":"type-post","3":"status-publish","4":"format-standard","5":"has-post-thumbnail","7":"category-sport","8":"tag-adrian_benedyczak","9":"tag-intextvideo_splayer","10":"tag-parma_calcio","11":"tag-pber","12":"tag-pl","13":"tag-poland","14":"tag-polish","15":"tag-polska","16":"tag-polski","17":"tag-ps_detal_new","18":"tag-psv2","19":"tag-screening_general","20":"tag-serie_a","21":"tag-sport","22":"tag-sport_sport","23":"tag-sports","24":"tag-wiadomosci_sportowe"},"share_on_mastodon":{"url":"https:\/\/pubeurope.com\/@pl\/115684753130208410","error":""},"_links":{"self":[{"href":"https:\/\/www.europesays.com\/pl\/wp-json\/wp\/v2\/posts\/139425","targetHints":{"allow":["GET"]}}],"collection":[{"href":"https:\/\/www.europesays.com\/pl\/wp-json\/wp\/v2\/posts"}],"about":[{"href":"https:\/\/www.europesays.com\/pl\/wp-json\/wp\/v2\/types\/post"}],"author":[{"embeddable":true,"href":"https:\/\/www.europesays.com\/pl\/wp-json\/wp\/v2\/users\/2"}],"replies":[{"embeddable":true,"href":"https:\/\/www.europesays.com\/pl\/wp-json\/wp\/v2\/comments?post=139425"}],"version-history":[{"count":0,"href":"https:\/\/www.europesays.com\/pl\/wp-json\/wp\/v2\/posts\/139425\/revisions"}],"wp:featuredmedia":[{"embeddable":true,"href":"https:\/\/www.europesays.com\/pl\/wp-json\/wp\/v2\/media\/139426"}],"wp:attachment":[{"href":"https:\/\/www.europesays.com\/pl\/wp-json\/wp\/v2\/media?parent=139425"}],"wp:term":[{"taxonomy":"category","embeddable":true,"href":"https:\/\/www.europesays.com\/pl\/wp-json\/wp\/v2\/categories?post=139425"},{"taxonomy":"post_tag","embeddable":true,"href":"https:\/\/www.europesays.com\/pl\/wp-json\/wp\/v2\/tags?post=139425"}],"curies":[{"name":"wp","href":"https:\/\/api.w.org\/{rel}","templated":true}]}}