{"id":139438,"date":"2025-12-08T16:00:13","date_gmt":"2025-12-08T16:00:13","guid":{"rendered":"https:\/\/www.europesays.com\/pl\/139438\/"},"modified":"2025-12-08T16:00:13","modified_gmt":"2025-12-08T16:00:13","slug":"rozwod-aktora-arkadiusza-janiczka-sad-podjal-decyzje","status":"publish","type":"post","link":"https:\/\/www.europesays.com\/pl\/139438\/","title":{"rendered":"Rozw\u00f3d aktora Arkadiusza Janiczka. S\u0105d podj\u0105\u0142 decyzj\u0119"},"content":{"rendered":"<p class=\"article-p\" data-section=\"detail-body\">Rozw\u00f3d Anny i Arkadiusza Janiczk\u00f3w od miesi\u0119cy budzi ogromne emocje. Para, kt\u00f3ra przez lata uchodzi\u0142a szcz\u0119\u015bliwe ma\u0142\u017ce\u0144stwo, znalaz\u0142a si\u0119 w centrum medialnych doniesie\u0144 po informacjach o powa\u017cnym konflikcie. Aktor, znany m.in. z filmu &#8222;Plac Zbawiciela&#8221; oraz seriali &#8222;Korona Kr\u00f3l\u00f3w&#8221; czy &#8222;Stulecie Winnych&#8221; w wywiadach cz\u0119sto podkre\u015bla\u0142, jak wa\u017cne s\u0105 dla niego warto\u015bci rodzinne, wsp\u00f3lne modlitwy i pielgrzymki. <\/p>\n<p>        Kiedy sko\u0144czy si\u0119 sprawa rozwodowa Anny i Arkadiusza Janiczk\u00f3w<\/p>\n<p class=\"article-p\" data-section=\"detail-body\">W 2023 r. na jaw wysz\u0142y pierwsze sygna\u0142y \u015bwiadcz\u0105ce o kryzysie w ma\u0142\u017ce\u0144stwie Arkadiusza i Anny Janiczk\u00f3w. Informacja o tym, \u017ce \u017cona aktora z\u0142o\u017cy\u0142a pozew o rozw\u00f3d, zaskoczy\u0142a opini\u0119 publiczn\u0105, bo dot\u0105d uchodzili za zgodn\u0105 i stabiln\u0105 par\u0119. W listopadzie 2023 r. Anna Janiczek w rozmowie z Pudelkiem potwierdzi\u0142a, \u017ce od ponad roku d\u0105\u017cy do formalnego zako\u0144czenia relacji. Podkre\u015bli\u0142a te\u017c, \u017ce nie zamierza d\u0142u\u017cej tolerowa\u0107 sytuacji, w kt\u00f3rej jej m\u0105\u017c \u2014 wbrew faktom \u2014 przedstawia mediom ich zwi\u0105zek jako wzorcowy.<\/p>\n<p class=\"article-p\" data-section=\"detail-body\">Od tego czasu przes\u0142uchano wielu \u015bwiadk\u00f3w, w tym koleg\u00f3w Arkadiusza Janiczka z bran\u017cy filmowej. Jak donosi\u0142 tygodnik &#8222;\u017bycie na gor\u0105co&#8221;, jednym z kluczowych w\u0105tk\u00f3w post\u0119powania mia\u0142o by\u0107 badanie relacji aktora z jego nastoletnimi c\u00f3rkami. Sytuacja jest skomplikowana, poniewa\u017c m\u0142odsza z c\u00f3rek ma orzeczony zakaz kontakt\u00f3w z ojcem. Dodatkowo s\u0105d nie zgodzi\u0142 si\u0119 na obni\u017cenie aliment\u00f3w, o co wnioskowa\u0142 aktor.<\/p>\n<p class=\"article-p\" data-section=\"detail-body\">To Anna z\u0142o\u017cy\u0142a pozew o rozw\u00f3d i eksmisj\u0119, lecz mimo to musia\u0142a opu\u015bci\u0107 mieszkanie, w kt\u00f3rym mieszka\u0142a z rodzin\u0105. Ko\u015bci\u0105 niezgody mi\u0119dzy ma\u0142\u017conkami s\u0105 kontakty z c\u00f3rkami. Jak zdradzi\u0142a Anna Janiczek w rozmowie z Pudelkiem, aktor nie utrzymuje kontaktu z c\u00f3rkami.<\/p>\n<p class=\"article-p\" data-section=\"detail-body\">Sprawa trafi\u0142a do Opiniodawczego Zespo\u0142u Specjalist\u00f3w S\u0105dowych. To organ pomocniczy, kt\u00f3ry na zlecenie s\u0105du wydaje opinie w sprawach rodzinnych, takich jak rozwody, w\u0142adza rodzicielska czy kontakty z dzie\u0107mi, oceniaj\u0105c kompetencje rodzicielskie, wi\u0119zi rodzinne, co jest kluczowe dla decyzji s\u0119dziego<\/p>\n<p class=\"article-p\" data-section=\"detail-body\">\u2014 On nie widuje si\u0119 z c\u00f3rkami. Jedyny kontakt mia\u0142 przy okazji badania w OZSS. Starsza c\u00f3rka nie chcia\u0142a z nim rozmawia\u0107, a wobec m\u0142odszej ma s\u0105dowy zakaz kontaktu \u2014 wyzna\u0142a \u017cona aktora.<\/p>\n<p class=\"article-p\" data-section=\"detail-body\">Jak ustali\u0142 &#8222;Super Express&#8221; na rozprawie, kt\u00f3ra odby\u0142a si\u0119 8 grudnia 2025 r., nie zapad\u0142 \u017caden wyrok. Arkadiusz Janiczek nadal zajmuje wsp\u00f3lne mieszkanie, podczas gdy Anna z c\u00f3rkami wynajmuje inne lokal. <\/p>\n<p class=\"article-p\" data-section=\"detail-body\"><a href=\"https:\/\/ludzie.fakt.pl\/sadowy-maraton-antoniego-krolikowskiego-rozwod-z-joanna-opozda-potrwa-cztery-lata\/0p91ycv\" id=\"bfe0d55b-28f7-4b02-b680-7681fd5f0ce9\" rel=\"nofollow noopener\" target=\"_blank\">Bardzo d\u0142ugi rozw\u00f3d Kr\u00f3likowskiego. Dlaczego nie mo\u017ce si\u0119 rozwie\u015b\u0107 od 2022 r?<\/a><\/p>\n<p class=\"article-p\" data-section=\"detail-body\"><a href=\"https:\/\/ludzie.fakt.pl\/zle-wiesci-o-rozwodzie-anny-jurksztowicz-i-krzesimira-debskiego-to-spory-klopot\/4d350h5\" id=\"6f80629d-7fcc-404c-b765-0a641ca93043\" rel=\"nofollow noopener\" target=\"_blank\">K\u0142opoty z rozwodem Anny Jurksztowicz i Krzesimira D\u0119bskiego. Z\u0142e wie\u015bci z s\u0105du<\/a><\/p>\n<p class=\"article-p\" data-section=\"detail-body\"><a href=\"https:\/\/ludzie.fakt.pl\/rozwod-romy-gasiorowskiej-i-michala-zurawskiego-aktorka-opuscila-sad-roztrzesiona\/250xf0x\" id=\"8f41ba1b-0d3a-4b61-8e03-3329819a0462\" rel=\"nofollow noopener\" target=\"_blank\">Rozw\u00f3d Romy G\u0105siorowskiej i Micha\u0142a \u017burawskiego. Aktorka opu\u015bci\u0142a s\u0105d roztrz\u0119siona<\/a><\/p>\n<p>        \/4<\/p>\n<p>                    <img decoding=\"async\" class=\"article-image-img\" loading=\"lazy\" alt=\"\" src=\"https:\/\/www.europesays.com\/pl\/wp-content\/uploads\/2025\/12\/8aGk9kuTURBXy84NThiMWY2NS03YzFmLTQzMjQtYTY1Ny1hOGFhZWVlZDQ0YjMuanBlZ5GTAs0DSM0B194AAqEwAaExAQ.jpeg\" width=\"840\" height=\"471\"\/><\/p>\n<p>                  Engelbrecht \/ AKPA<\/p>\n<p class=\"article-gallery-p\">\n        Arkadiusz Janiczek i Anna Janiczek.\n    <\/p>\n<p>        \/4<\/p>\n<p>                    <img decoding=\"async\" class=\"article-image-img\" loading=\"lazy\" alt=\"\" src=\"https:\/\/www.europesays.com\/pl\/wp-content\/uploads\/2025\/12\/3Sak9kuTURBXy84MzQ2MzliZC1iNmJkLTQ5YzQtYTUyMi1kMTk3NmNkMGZjMWIuanBlZ5GTAs0DSM0CL94AAqEwAaExAQ.jpeg\" width=\"840\" height=\"559\"\/><\/p>\n<p>                  &#8211; \/ Kapif<\/p>\n<p class=\"article-gallery-p\">\n        Arkadiusz Janiczek i Anna Janiczek.\n    <\/p>\n","protected":false},"excerpt":{"rendered":"Rozw\u00f3d Anny i Arkadiusza Janiczk\u00f3w od miesi\u0119cy budzi ogromne emocje. Para, kt\u00f3ra przez lata uchodzi\u0142a szcz\u0119\u015bliwe ma\u0142\u017ce\u0144stwo, znalaz\u0142a&hellip;\n","protected":false},"author":2,"featured_media":139439,"comment_status":"","ping_status":"","sticky":false,"template":"","format":"standard","meta":{"footnotes":""},"categories":[22],"tags":[122,42,38,40,39,41,123],"class_list":{"0":"post-139438","1":"post","2":"type-post","3":"status-publish","4":"format-standard","5":"has-post-thumbnail","7":"category-rozrywka","8":"tag-entertainment","9":"tag-pl","10":"tag-poland","11":"tag-polish","12":"tag-polska","13":"tag-polski","14":"tag-rozrywka"},"share_on_mastodon":{"url":"https:\/\/pubeurope.com\/@pl\/115684785078747377","error":""},"_links":{"self":[{"href":"https:\/\/www.europesays.com\/pl\/wp-json\/wp\/v2\/posts\/139438","targetHints":{"allow":["GET"]}}],"collection":[{"href":"https:\/\/www.europesays.com\/pl\/wp-json\/wp\/v2\/posts"}],"about":[{"href":"https:\/\/www.europesays.com\/pl\/wp-json\/wp\/v2\/types\/post"}],"author":[{"embeddable":true,"href":"https:\/\/www.europesays.com\/pl\/wp-json\/wp\/v2\/users\/2"}],"replies":[{"embeddable":true,"href":"https:\/\/www.europesays.com\/pl\/wp-json\/wp\/v2\/comments?post=139438"}],"version-history":[{"count":0,"href":"https:\/\/www.europesays.com\/pl\/wp-json\/wp\/v2\/posts\/139438\/revisions"}],"wp:featuredmedia":[{"embeddable":true,"href":"https:\/\/www.europesays.com\/pl\/wp-json\/wp\/v2\/media\/139439"}],"wp:attachment":[{"href":"https:\/\/www.europesays.com\/pl\/wp-json\/wp\/v2\/media?parent=139438"}],"wp:term":[{"taxonomy":"category","embeddable":true,"href":"https:\/\/www.europesays.com\/pl\/wp-json\/wp\/v2\/categories?post=139438"},{"taxonomy":"post_tag","embeddable":true,"href":"https:\/\/www.europesays.com\/pl\/wp-json\/wp\/v2\/tags?post=139438"}],"curies":[{"name":"wp","href":"https:\/\/api.w.org\/{rel}","templated":true}]}}