{"id":139473,"date":"2025-12-08T16:20:16","date_gmt":"2025-12-08T16:20:16","guid":{"rendered":"https:\/\/www.europesays.com\/pl\/139473\/"},"modified":"2025-12-08T16:20:16","modified_gmt":"2025-12-08T16:20:16","slug":"mma-jan-blachowicz-zremisowal-z-bogdanem-guskovem-uzbek-zabral-glos","status":"publish","type":"post","link":"https:\/\/www.europesays.com\/pl\/139473\/","title":{"rendered":"MMA. Jan B\u0142achowicz zremisowa\u0142 z Bogdanem Guskovem. Uzbek zabra\u0142 g\u0142os"},"content":{"rendered":"<p class=\"typography ids-typeset-body ids-typeset-body--preset-large link paragraph ids-paragraph ids-paragraph--default\">W nocy z soboty na niedziel\u0119 odby\u0142a si\u0119 gala UFC 323 w Las Vegas. <a href=\"https:\/\/sport.interia.pl\/mma\/news-szalona-koncowka-walki-blachowicza-polala-sie-krew-to-juz-cz,nId,22464626\" target=\"_self\" rel=\"nofollow noopener\">Kibice po raz kolejny w oktagonie mogli zobaczy\u0107 Jana B\u0142achowicza.<\/a> By\u0142y mistrz w kategorii p\u00f3\u0142ci\u0119\u017ckiej ci\u0105gle marzy o powrocie na szczyt. Tym razem nie da\u0142 rady Bogdanowi Guskovowi. Zawodnik z Uzbekistanu mia\u0142 &#8222;Cieszy\u0144skiego Ksi\u0119cia&#8221; na deskach w drugiej rundzie. B\u0142achowicz jednak si\u0119 wyratowa\u0142 z trudnej sytuacji. Ostatecznie zawodnicy oddali rozstrzygni\u0119cie w r\u0119ce s\u0119dzi\u00f3w. Orzekli oni wi\u0119kszo\u015bciowy remis.<\/p>\n<p>Co za s\u0142owa o B\u0142achowiczu. Rywal naprawd\u0119 to o nim powiedzia\u0142<\/p>\n<p class=\"typography ids-typeset-body ids-typeset-body--preset-large link paragraph ids-paragraph ids-paragraph--default\">Bogdan Guskov udzieli\u0142 wywiadu rosyjskiemu portalowi sport24.ru, w kt\u00f3rym w znacznej mierze doceni\u0142 polskiego rywala.<\/p>\n<blockquote role=\"blockquote\" class=\"quote ids-quote ids-quote--nosurface--short--medium\"><p>Ma du\u017ce do\u015bwiadczenie i \u015bwietnie si\u0119 broni. Nie mog\u0142em da\u0107 si\u0119 ponie\u015b\u0107 emocjom. Nie mia\u0142em pewno\u015bci, \u017ce uda\u0142oby si\u0119 go sko\u0144czy\u0107\u00a0przyzna\u0142 Uzbek.<\/p><\/blockquote>\n<p class=\"typography ids-typeset-body ids-typeset-body--preset-large link paragraph ids-paragraph ids-paragraph--default\">33-latek podkre\u015bli\u0142, \u017ce nie zrobi\u0142y na nim wra\u017cenia niskie kopni\u0119cia B\u0142achowicza. &#8211; Przeceni\u0142em je. Straci\u0142em wiele czasu na uniki, a to by\u0142o nic szczeg\u00f3lnego &#8211; powiedzia\u0142.<\/p>\n<p>B\u0119dzie rewan\u017c B\u0142achowicza z Guskovem? Uzbek komentuje<\/p>\n<p class=\"typography ids-typeset-body ids-typeset-body--preset-large link paragraph ids-paragraph ids-paragraph--default\">Uzbek zdradzi\u0142, \u017ce chcia\u0142by jak najszybciej wr\u00f3ci\u0107 do oktagonu. Wspomnia\u0142 o rewan\u017cu z B\u0142achowiczem. &#8211; Mo\u017ce rewan\u017c z B\u0142achowiczem ma sens. Czemu nie? Nadal b\u0119dzie wy\u017cej w rankingu ode mnie. Nie mam do niego pretensji, ale remis\u2026 Bardzo bym chcia\u0142. Tym razem to by\u0142o drobne potkni\u0119cie. Dzi\u0119ki Bogu, \u017ce to nie by\u0142a pora\u017cka &#8211; podsumowa\u0142.<\/p>\n<p class=\"typography ids-typeset-body ids-typeset-body--preset-large link paragraph ids-paragraph ids-paragraph--default\">Rosjanie mocno prze\u017cywali gal\u0119 UFC 323, gdy\u017c w walce wieczoru ich rodak &#8211; Petr Yan mierzy\u0142 si\u0119 z Merabem Davlishvilim. S\u0119dziowie po pi\u0119ciu rundach orzekli, \u017ce lepszy jest Yan, kt\u00f3ry zosta\u0142 nowym mistrzem UFC w wadze koguciej.<\/p>\n<p>Jan B\u0142achowicz: Je\u017celi Prochazka nie zmieni swojego stylu, to jest bardzo \u0142atwy do &#8222;ustrzelenia&#8221;. WIDEOPolsat SportPolsat Sport<\/p>\n<p><img decoding=\"async\" class=\"ids-image-holder__img\" loading=\"lazy\" alt=\"M\u0119\u017cczyzna z brod\u0105 w sportowej bluzie z logotypami UFC, Reebok i Volkswagena siedzi przy stole z mikrofonem w r\u0119ce i gestykuluje, za nim widoczna \u015bciana z logotypami sponsor\u00f3w.\" title=\"Jan B\u0142achowicz zawalczy na gali UFC w grudniu\" width=\"1024\" height=\"757\" src=\"https:\/\/www.europesays.com\/pl\/wp-content\/uploads\/2025\/12\/000LNK2RFN16SJBV-C322-F4.webp.webp\"\/><\/p>\n<p>Jan B\u0142achowicz zawalczy na gali UFC w grudniuJason SilvaAFP<\/p>\n<p><img decoding=\"async\" class=\"ids-image-holder__img\" loading=\"lazy\" alt=\"Jan B\u0142achowicz nie zawalczy na gali UFC 297\" title=\"Jan B\u0142achowicz nie zawalczy na gali UFC 297\" width=\"1800\" height=\"1249\" src=\"https:\/\/www.europesays.com\/pl\/wp-content\/uploads\/2025\/12\/000I653L5GTVUOVC-C322-F4.webp.webp\"\/><\/p>\n<p>Jan B\u0142achowicz nie zawalczy na gali UFC 297JASON SILVA \/ AGIF \/ AGIF via AFPAFP<\/p>\n<p><img decoding=\"async\" class=\"ids-image-holder__img\" loading=\"lazy\" alt=\"Jan B\u0142achowicz\" title=\"Jan B\u0142achowicz\" width=\"2950\" height=\"1970\" src=\"https:\/\/www.europesays.com\/pl\/wp-content\/uploads\/2025\/12\/000HZSC2VY4RIAWN-C322-F4.webp.webp\"\/><\/p>\n<p>Jan B\u0142achowiczAFP<\/p>\n<p><a class=\"ids-undecorated-link source ids-page-info--source__link\" href=\"https:\/\/www.interia.pl\" rel=\"nofollow noopener\" target=\"_blank\"><img decoding=\"async\" class=\"ids-image-holder__img\" loading=\"lazy\" alt=\"\" title=\"\" height=\"24px\" src=\"https:\/\/www.europesays.com\/pl\/wp-content\/uploads\/2025\/12\/1765115054_874_0009A60QQ5I2TYF7-C202-F4.webp.webp\"\/><\/a><\/p>\n<p>Masz sugestie, uwagi albo widzisz b\u0142\u0105d? Napisz do nas<\/p>\n","protected":false},"excerpt":{"rendered":"W nocy z soboty na niedziel\u0119 odby\u0142a si\u0119 gala UFC 323 w Las Vegas. Kibice po raz kolejny&hellip;\n","protected":false},"author":2,"featured_media":139474,"comment_status":"","ping_status":"","sticky":false,"template":"","format":"standard","meta":{"footnotes":""},"categories":[24],"tags":[42,38,40,39,41,127,126],"class_list":{"0":"post-139473","1":"post","2":"type-post","3":"status-publish","4":"format-standard","5":"has-post-thumbnail","7":"category-sport","8":"tag-pl","9":"tag-poland","10":"tag-polish","11":"tag-polska","12":"tag-polski","13":"tag-sport","14":"tag-sports"},"share_on_mastodon":{"url":"https:\/\/pubeurope.com\/@pl\/115684863716150835","error":""},"_links":{"self":[{"href":"https:\/\/www.europesays.com\/pl\/wp-json\/wp\/v2\/posts\/139473","targetHints":{"allow":["GET"]}}],"collection":[{"href":"https:\/\/www.europesays.com\/pl\/wp-json\/wp\/v2\/posts"}],"about":[{"href":"https:\/\/www.europesays.com\/pl\/wp-json\/wp\/v2\/types\/post"}],"author":[{"embeddable":true,"href":"https:\/\/www.europesays.com\/pl\/wp-json\/wp\/v2\/users\/2"}],"replies":[{"embeddable":true,"href":"https:\/\/www.europesays.com\/pl\/wp-json\/wp\/v2\/comments?post=139473"}],"version-history":[{"count":0,"href":"https:\/\/www.europesays.com\/pl\/wp-json\/wp\/v2\/posts\/139473\/revisions"}],"wp:featuredmedia":[{"embeddable":true,"href":"https:\/\/www.europesays.com\/pl\/wp-json\/wp\/v2\/media\/139474"}],"wp:attachment":[{"href":"https:\/\/www.europesays.com\/pl\/wp-json\/wp\/v2\/media?parent=139473"}],"wp:term":[{"taxonomy":"category","embeddable":true,"href":"https:\/\/www.europesays.com\/pl\/wp-json\/wp\/v2\/categories?post=139473"},{"taxonomy":"post_tag","embeddable":true,"href":"https:\/\/www.europesays.com\/pl\/wp-json\/wp\/v2\/tags?post=139473"}],"curies":[{"name":"wp","href":"https:\/\/api.w.org\/{rel}","templated":true}]}}