{"id":139483,"date":"2025-12-08T16:25:11","date_gmt":"2025-12-08T16:25:11","guid":{"rendered":"https:\/\/www.europesays.com\/pl\/139483\/"},"modified":"2025-12-08T16:25:11","modified_gmt":"2025-12-08T16:25:11","slug":"prezes-pis-uderza-w-grzegorza-brauna-my-prowadzimy-polityke-racjonalna-2","status":"publish","type":"post","link":"https:\/\/www.europesays.com\/pl\/139483\/","title":{"rendered":"Prezes PiS uderza w Grzegorza Brauna. &#8222;My prowadzimy polityk\u0119 racjonaln\u0105&#8221;"},"content":{"rendered":"<ul class=\"UnorderedList_container__nmfSl\">\n<li class=\"UnorderedList_listElement__Py7xi\" data-id=\"ai-summary-link\">Du\u017co czytania, a ma\u0142o czasu? Sprawd\u017a\u00a0skr\u00f3t\u00a0artyku\u0142u<\/li>\n<\/ul>\n<p class=\"Paragraph_desktopParagraph__U31Gm\">\u2014 Co innego r\u00f3\u017cne rzeczy opowiada\u0107, takie jak cho\u0107by negacjonizm, kt\u00f3ry pojawia si\u0119 w wielu wypowiedziach, chodzi tutaj o te komory gazowe, [a co innego g\u0142osowa\u0107]. Nie warto g\u0142osowa\u0107 na ludzi id\u0105cych tym tropem, bo to jest trop prowadz\u0105cy do niczego \u2014 oceni\u0142 szef PiS na <a href=\"https:\/\/wiadomosci.onet.pl\/kraj\/jaroslaw-kaczynski-oglasza-nowa-akcje-pis-nawiazal-do-amerykanskiego-aktywisty\/jr3svxe\" id=\"db41337f-4411-4ac8-8022-d54d276de08c\" rel=\"nofollow noopener\" target=\"_blank\">poniedzia\u0142kowej konferencji ugrupowania<\/a>.<\/p>\n<p class=\"Paragraph_desktopParagraph__U31Gm\">Jaros\u0142aw Kaczy\u0144ski wyja\u015bni\u0142, \u017ce &#8222;powiedzie\u0107 mo\u017cna wszystko&#8221;. \u2014 Jeste\u015bmy gotowi wsp\u00f3\u0142pracowa\u0107 z tymi, kt\u00f3rzy mog\u0105 w wielu sprawach mie\u0107 inne pogl\u0105dy ni\u017c my, ale funkcjonuj\u0105 w ramach polityki racjonalnej \u2014 podkre\u015bli\u0142.<\/p>\n<p class=\"Paragraph_desktopParagraph__U31Gm\">\u2014 My prowadzili\u015bmy polityk\u0119 racjonaln\u0105, oczywi\u015bcie zdarza\u0142y nam si\u0119 b\u0142\u0119dy, ale trzymali\u015bmy si\u0119 ziemi i tej ziemi trzeba si\u0119 w dalszym ci\u0105gu trzyma\u0107 \u2014 doda\u0142.<\/p>\n<p class=\"VideoPlayerText_videoPlayerText__iDwyz\">Dalszy ci\u0105g materia\u0142u pod wideo<\/p>\n<ul class=\"OchatFollowUps_wrapper__1ry7X\">\n<li class=\"OchatFollowUps_item__Dhyly OchatFollowUps_itemDesktop__R6aBv\">Dlaczego Jaros\u0142aw Kaczy\u0144ski krytykuje Grzegorza Brauna?<\/li>\n<li class=\"OchatFollowUps_item__Dhyly OchatFollowUps_itemDesktop__R6aBv\">Jakie b\u0142\u0119dy pope\u0142ni\u0142o Prawo i Sprawiedliwo\u015b\u0107?<\/li>\n<li class=\"OchatFollowUps_item__Dhyly OchatFollowUps_itemDesktop__R6aBv\">Co Kaczy\u0144ski s\u0105dzi o zwolennikach Brauna?<\/li>\n<li class=\"OchatFollowUps_item__Dhyly OchatFollowUps_itemDesktop__R6aBv\">Jakie jest stanowisko PiS wobec radykalnych tez w Polsce?<\/li>\n<\/ul>\n<p>Jaros\u0142aw Kaczy\u0144ski o zwolennikach Grzegorza Brauna. &#8222;B\u0119dziemy z nimi rozmawia\u0107&#8221; <\/p>\n<p class=\"Paragraph_desktopParagraph__U31Gm\">Prezes PiS oceni\u0142 tak\u017ce, \u017ce fakt, i\u017c &#8222;pewni ludzie z przyjemno\u015bci\u0105 s\u0142uchaj\u0105 bardzo radykalnych tez&#8221; jest wynikiem tego, &#8222;co wyprawia w Polsce ekipa Donalda Tuska&#8221;. \u2014 Jak si\u0119 pewne grupy spo\u0142eczne pozbawia retorycznie prawa do wybierania w\u0142adzy \u2014 przypominam te moherowe berety, pierwsze przem\u00f3wienie Donalda Tuska jednoznacznie m\u00f3wi\u0105ce: &#8222;wy nie macie prawa rz\u0105dzi\u0107, bo nie jeste\u015bcie tacy, jak powinni\u015bcie by\u0107&#8221; \u2014 to wszystko prowadzi p\u00f3\u017aniej do takich konsekwencji jak odradzania si\u0119 tendencji skrajnych \u2014 podkre\u015bli\u0142.<\/p>\n<p class=\"Paragraph_desktopParagraph__U31Gm\">\u2014 Dzisiaj pr\u00f3buje si\u0119 to odnowi\u0107 i uwa\u017camy to oczywi\u015bcie za rzecz bardzo niedobr\u0105. Nie oznacza to jednak, \u017ce ci ludzie, kt\u00f3rzy s\u0105 zwolennikami Grzegorza Brauna, to nie s\u0105 polscy obywatele, kt\u00f3rzy chcieliby dla Polski wszystkiego dobrego i nie s\u0105 patriotami. B\u0119dziemy ich przekonywa\u0107. To dotyczy tak\u017ce tych, kt\u00f3rzy s\u0105 tam aktywistami czy te\u017c pos\u0142ami. B\u0119dziemy z nimi rozmawia\u0107 \u2014 zaznaczy\u0142.<\/p>\n","protected":false},"excerpt":{"rendered":"Du\u017co czytania, a ma\u0142o czasu? Sprawd\u017a\u00a0skr\u00f3t\u00a0artyku\u0142u \u2014 Co innego r\u00f3\u017cne rzeczy opowiada\u0107, takie jak cho\u0107by negacjonizm, kt\u00f3ry pojawia&hellip;\n","protected":false},"author":2,"featured_media":139484,"comment_status":"","ping_status":"","sticky":false,"template":"","format":"standard","meta":{"footnotes":""},"categories":[12],"tags":[32,33,36,37,7514,27,67,422,7225,34,35,28,31,53,25222,25,52,68,51,55,42,38,40,39,41,47,29,30,65,50,26],"class_list":{"0":"post-139483","1":"post","2":"type-post","3":"status-publish","4":"format-standard","5":"has-post-thumbnail","7":"category-polska","8":"tag-breaking-news","9":"tag-breakingnews","10":"tag-featured-news","11":"tag-featurednews","12":"tag-grzegorz_braun_polityk_rezyser","13":"tag-headlines","14":"tag-intextvideo_splayer","15":"tag-jaroslaw_kaczynski","16":"tag-konfederacja_korony_polskiej_partia_polityczna","17":"tag-latest-news","18":"tag-latestnews","19":"tag-naglowki","20":"tag-najwazniejsze-artykuly","21":"tag-new_header","22":"tag-new_layout_tst2","23":"tag-news","24":"tag-onet3","25":"tag-onet3d","26":"tag-onet3d_2i","27":"tag-phx","28":"tag-pl","29":"tag-poland","30":"tag-polish","31":"tag-polska","32":"tag-polski","33":"tag-screening_general","34":"tag-top-stories","35":"tag-topstories","36":"tag-update_me","37":"tag-v2021","38":"tag-wiadomosci"},"share_on_mastodon":{"url":"","error":"Validation failed: Text character limit of 500 exceeded"},"_links":{"self":[{"href":"https:\/\/www.europesays.com\/pl\/wp-json\/wp\/v2\/posts\/139483","targetHints":{"allow":["GET"]}}],"collection":[{"href":"https:\/\/www.europesays.com\/pl\/wp-json\/wp\/v2\/posts"}],"about":[{"href":"https:\/\/www.europesays.com\/pl\/wp-json\/wp\/v2\/types\/post"}],"author":[{"embeddable":true,"href":"https:\/\/www.europesays.com\/pl\/wp-json\/wp\/v2\/users\/2"}],"replies":[{"embeddable":true,"href":"https:\/\/www.europesays.com\/pl\/wp-json\/wp\/v2\/comments?post=139483"}],"version-history":[{"count":0,"href":"https:\/\/www.europesays.com\/pl\/wp-json\/wp\/v2\/posts\/139483\/revisions"}],"wp:featuredmedia":[{"embeddable":true,"href":"https:\/\/www.europesays.com\/pl\/wp-json\/wp\/v2\/media\/139484"}],"wp:attachment":[{"href":"https:\/\/www.europesays.com\/pl\/wp-json\/wp\/v2\/media?parent=139483"}],"wp:term":[{"taxonomy":"category","embeddable":true,"href":"https:\/\/www.europesays.com\/pl\/wp-json\/wp\/v2\/categories?post=139483"},{"taxonomy":"post_tag","embeddable":true,"href":"https:\/\/www.europesays.com\/pl\/wp-json\/wp\/v2\/tags?post=139483"}],"curies":[{"name":"wp","href":"https:\/\/api.w.org\/{rel}","templated":true}]}}