{"id":139561,"date":"2025-12-08T17:08:08","date_gmt":"2025-12-08T17:08:08","guid":{"rendered":"https:\/\/www.europesays.com\/pl\/139561\/"},"modified":"2025-12-08T17:08:08","modified_gmt":"2025-12-08T17:08:08","slug":"hiszpanie-oglaszaja-kylian-mbappe-ze-zlamaniem-pilka-nozna","status":"publish","type":"post","link":"https:\/\/www.europesays.com\/pl\/139561\/","title":{"rendered":"Hiszpanie og\u0142aszaj\u0105: Kylian Mbappe ze z\u0142amaniem Pi\u0142ka no\u017cna"},"content":{"rendered":"<p class=\"art_paragraph\">Nie wida\u0107 ko\u0144ca problem\u00f3w <a href=\"https:\/\/www.sport.pl\/real-madryt#anchorLink\" rel=\"nofollow noopener\" target=\"_blank\">Realu Madryt<\/a>. Niewiele ponad miesi\u0105c temu &#8222;Kr\u00f3lewscy&#8221; mieli pi\u0119\u0107 punkt\u00f3w przewagi nad FC Barcelon\u0105, a teraz trac\u0105 ju\u017c cztery do Katalo\u0144czyk\u00f3w po kompromituj\u0105cej pora\u017cce 0:2 z Celt\u0105 Vigo. Fatalna <a href=\"https:\/\/www.sport.pl\/pilka\/7,64946,32371314,zalewski-wrocil-do-skladu-i-stalo-sie-to-trzech-polakow-w-hicie.html#anchorLink\" rel=\"nofollow noopener\" target=\"_blank\">seria<\/a> wynik\u00f3w sprawi\u0142a, \u017ce los Xabiego Alonso na \u0142awce zosta\u0142 praktycznie przypiecz\u0119towany i niewykluczone, \u017ce to s\u0105 jego ostatnie dni w roli trenera klubu, w kt\u00f3rego barwach gra\u0142 w latach 2009-2014. <a href=\"https:\/\/www.sport.pl\/pilka\/7,65082,32455659,dramat-gwiazdy-realu-fatalne-wiesci-nadeszly-w-poniedzialek.html#do_w=107&amp;do_v=819&amp;do_st=RS&amp;do_sid=1057&amp;do_a=1057&amp;s=SMT_Img_4&amp;do_upid=819_ti&amp;do_utid=32455659&amp;do_uvid=1765205640880\" class=\"art_link\" rel=\"dofollow noopener\" target=\"_blank\">Do tego znowu Real Madryt zmaga si\u0119 z mn\u00f3stwem kontuzji w obronie, czego najnowszym przyk\u0142adem jest sytuacja Edera Militao, kt\u00f3ry nie zagra przez najbli\u017csze cztery miesi\u0105ce.<\/a><\/p>\n<p>\n    Zobacz wideo Transfer Marcina Bu\u0142ki upad\u0142 w ostatniej chwili! Wstrz\u0105saj\u0105ca historia\n  <\/p>\n<p> Kylian Mbappe ze z\u0142amaniem palca? Oto informacje hiszpa\u0144skiego radia przed hitem Ligi Mistrz\u00f3w<\/p>\n<p class=\"art_paragraph\">W niedzielny wiecz\u00f3r Realu Madryt nie zdo\u0142a\u0142 uratowa\u0107 Kylian Mbappe, kt\u00f3ry w obecnym sezonie ma 25 bramek i cztery asysty w 21 spotkaniach. Ma\u0142o tego! Wed\u0142ug hiszpa\u0144skiego radia COPE w trakcie spotkania z Celt\u0105\u00a0Francuz nabawi\u0142 si\u0119 z\u0142amania\u00a0palca serdecznego lewej r\u0119ki.<\/p>\n<p class=\"art_paragraph\">Zobacz te\u017c:\u00a0<a href=\"https:\/\/www.sport.pl\/pilka\/7,65041,32455340,kleska-realu-madryt-tak-zareagowal-hansi-flick.html#do_w=107&amp;do_v=819&amp;do_st=RS&amp;do_sid=1060&amp;do_a=1060&amp;s=SMT_Img_7&amp;do_upid=819_ti&amp;do_utid=32455340&amp;do_uvid=1765201246077\" class=\"art_link\" rel=\"dofollow noopener\" target=\"_blank\">Kl\u0119ska Realu Madryt. Tak zareagowa\u0142 Hansi Flick<\/a><\/p>\n<p class=\"art_paragraph\">Jednocze\u015bnie zdaniem rozg\u0142o\u015bni Kylian Mbappe b\u0119dzie do dyspozycji Xabiego Alonso w najbli\u017cszych spotkaniach i ca\u0142a sytuacja sko\u0144czy\u0142a si\u0119 tylko na strachu. Trudno jednak oceni\u0107, czy ewentualny dyskomfort w jaki\u015b spos\u00f3b wp\u0142ynie na dyspozycj\u0119 boiskow\u0105 francuskiego napastnika.<\/p>\n<p class=\"art_paragraph\">Kolejny mecz Real Madryt rozegra ju\u017c w \u015brod\u0119 10 grudnia, gdy o godz. 21:00 podejmie na swoim stadionie <a href=\"https:\/\/www.sport.pl\/manchester-city#anchorLink\" rel=\"nofollow noopener\" target=\"_blank\">Manchester City<\/a> w ramach sz\u00f3stej kolejki <a href=\"https:\/\/www.sport.pl\/pilka\/0,65041.html#anchorLink\" rel=\"nofollow noopener\" target=\"_blank\">Ligi Mistrz\u00f3w<\/a>. Relacj\u0119 tekstow\u0105 z tego spotkania b\u0119dzie mo\u017cna \u015bledzi\u0107 na Sport.pl i w naszej aplikacji mobilnej Sport.pl LIVE.<\/p>\n","protected":false},"excerpt":{"rendered":"Nie wida\u0107 ko\u0144ca problem\u00f3w Realu Madryt. Niewiele ponad miesi\u0105c temu &#8222;Kr\u00f3lewscy&#8221; mieli pi\u0119\u0107 punkt\u00f3w przewagi nad FC Barcelon\u0105,&hellip;\n","protected":false},"author":2,"featured_media":139562,"comment_status":"","ping_status":"","sticky":false,"template":"","format":"standard","meta":{"footnotes":""},"categories":[5],"tags":[32,33,36,37,27,34,35,28,31,25,42,38,40,39,41,29,30,26],"class_list":{"0":"post-139561","1":"post","2":"type-post","3":"status-publish","4":"format-standard","5":"has-post-thumbnail","7":"category-naglowki","8":"tag-breaking-news","9":"tag-breakingnews","10":"tag-featured-news","11":"tag-featurednews","12":"tag-headlines","13":"tag-latest-news","14":"tag-latestnews","15":"tag-naglowki","16":"tag-najwazniejsze-artykuly","17":"tag-news","18":"tag-pl","19":"tag-poland","20":"tag-polish","21":"tag-polska","22":"tag-polski","23":"tag-top-stories","24":"tag-topstories","25":"tag-wiadomosci"},"share_on_mastodon":{"url":"","error":""},"_links":{"self":[{"href":"https:\/\/www.europesays.com\/pl\/wp-json\/wp\/v2\/posts\/139561","targetHints":{"allow":["GET"]}}],"collection":[{"href":"https:\/\/www.europesays.com\/pl\/wp-json\/wp\/v2\/posts"}],"about":[{"href":"https:\/\/www.europesays.com\/pl\/wp-json\/wp\/v2\/types\/post"}],"author":[{"embeddable":true,"href":"https:\/\/www.europesays.com\/pl\/wp-json\/wp\/v2\/users\/2"}],"replies":[{"embeddable":true,"href":"https:\/\/www.europesays.com\/pl\/wp-json\/wp\/v2\/comments?post=139561"}],"version-history":[{"count":0,"href":"https:\/\/www.europesays.com\/pl\/wp-json\/wp\/v2\/posts\/139561\/revisions"}],"wp:featuredmedia":[{"embeddable":true,"href":"https:\/\/www.europesays.com\/pl\/wp-json\/wp\/v2\/media\/139562"}],"wp:attachment":[{"href":"https:\/\/www.europesays.com\/pl\/wp-json\/wp\/v2\/media?parent=139561"}],"wp:term":[{"taxonomy":"category","embeddable":true,"href":"https:\/\/www.europesays.com\/pl\/wp-json\/wp\/v2\/categories?post=139561"},{"taxonomy":"post_tag","embeddable":true,"href":"https:\/\/www.europesays.com\/pl\/wp-json\/wp\/v2\/tags?post=139561"}],"curies":[{"name":"wp","href":"https:\/\/api.w.org\/{rel}","templated":true}]}}