{"id":13961,"date":"2025-09-24T20:00:07","date_gmt":"2025-09-24T20:00:07","guid":{"rendered":"https:\/\/www.europesays.com\/pl\/13961\/"},"modified":"2025-09-24T20:00:07","modified_gmt":"2025-09-24T20:00:07","slug":"tak-nazwal-relacje-igi-swiatek-z-daria-abramowicz-pojawia-sie-ryzyko-przeglad-sportowy-onet","status":"publish","type":"post","link":"https:\/\/www.europesays.com\/pl\/13961\/","title":{"rendered":"Tak nazwa\u0142 relacje Igi \u015awi\u0105tek z Dari\u0105 Abramowicz. &quot;Pojawia si\u0119 ryzyko&quot; &#8211; Przegl\u0105d Sportowy Onet"},"content":{"rendered":"<ol>\n<li><a href=\"https:\/\/news.google.com\/rss\/articles\/CBMitgFBVV95cUxPV3ltMHhtbTBtcGxqU3N3VGNBSVJKNE5waWk4aEpvWGFiNkdBWW56VmVXRl9GclhiTzdGNHY5WlBCYzVyVHg4UzdfSndyaUNGazBiRndIcHVGc1hzLTh2bFZwX0xXQ1dSZ0M0alBMc1FzR1lnblhUbTJOaG1aZ1lXTVhlUGlQejNTR090Z0F4UHRyNm16RU5KVlg1ZUl2LW56a2NycXI5NXVlY1gycFlJcGJ6ZWVLUQ?oc=5\" target=\"_blank\" rel=\"nofollow noopener\">Tak nazwa\u0142 relacje Igi \u015awi\u0105tek z Dari\u0105 Abramowicz. &#8222;Pojawia si\u0119 ryzyko&#8221;<\/a>&nbsp;&nbsp;Przegl\u0105d Sportowy Onet<\/li>\n<li><a href=\"https:\/\/news.google.com\/rss\/articles\/CBMitAFBVV95cUxPTE5WSE1GSFRBS2xmWGMxcXNqRW40QTJvSjAxWFF3UnR5ZWxxdHVpT2pyc0RQNExUOUJZdTgtVXp5TDBZRjZxNmtnYmR3ZFRIeHJYb2J3MEdHLXVPMFJLVUxQcGhOa0p2cUlDNjhiNU1jUU5sRHg1T2g4dWRNeGRMakM5ZjhBTEtKbVlHMGgzUUJ6NUNYOE9nWGgxRHV6Tko5SnlyS19TeE93b2RWNFh5LS1fbkg?oc=5\" target=\"_blank\" rel=\"nofollow noopener\">Wraca temat US Open. Stanowczy g\u0142os ws. Igi \u015awi\u0105tek. &#8222;Zbyt du\u017cy hejt&#8221;<\/a>&nbsp;&nbsp;Sport Interia<\/li>\n<li><a href=\"https:\/\/news.google.com\/rss\/articles\/CBMisgFBVV95cUxQNk51dEQxclZsejhrM1o2QldwbVdtZEJaVE13QU10WDVESFpubjBxY1JuV0RpeHdkdS1wZV9Wa0VBdUIwbnM1aDZLaWNNWmRJTFVkRWJzUGtaaVdicTZEeENBU3o3d0xZSTdwajRQeWY0NFp1TzFkX1pHUTQxbFh2ZHFXbGFGUGI5aXQ3UlRBVzFiZFM2bjdQZExTendOMkl5NEt4VF9iUkl0X09Oa1h4MzZR?oc=5\" target=\"_blank\" rel=\"nofollow noopener\">Pracowa\u0142 z Lewandowskim. Tak m\u00f3wi o relacji \u015awi\u0105tek z Abramowicz Tenis<\/a>&nbsp;&nbsp;Sport.pl<\/li>\n<li><a href=\"https:\/\/news.google.com\/rss\/articles\/CBMiqwFBVV95cUxQdU9ONVhtelBuaUZ5WWs1SnB4bmU2dUhmWWJFYm5RdzUteTAyTzZkQnFsVVdueUJMdTBzSTlLNGE5UV9tTlVYSlZSRXhMNmdkQzU4eVM0MTlGLVctZzFYakdCYjhBNlk2dzU3TUVSRDllblk2WlJYaWhMNWJtS3ZNbERIWUVBdC0yY09RTEtMZkRuV0dLLURpTjM5cE1sdElOYVl2SklBeGlYZ2s?oc=5\" target=\"_blank\" rel=\"nofollow noopener\">Trener mentalny gwiazd sportu: Relacja \u015awi\u0105tek z Abramowicz jest specyficzna [WYWIAD]<\/a>&nbsp;&nbsp;weszlo.com<\/li>\n<li><a href=\"https:\/\/news.google.com\/rss\/articles\/CBMi1wFBVV95cUxOYlpXM0ZXLVZYQlJIRkxXdDBGOUtlRGhSb1VqMnhJc2RNQkFXM1VXMjlnSnZHNDZsMmI0OEZ0a29VVUtzRmhIRnFYOFdNbFJHT3RaR3ozY3hRZnJiUkYwbGZaem9XamlCemFlM2lHc3NZb0xBblN1N08wTnR6N3RDRkhLdFN1eHpMd3RaTXJRRm9rSHBKTnpOX1ZtNmZKcXdzVGtRZ2c1VVhyUVdDemZDS2tHVFZfMU1UQU5ZUVFka3lzcVBtWHEtSTVNNUVMV1J5cE9qdnhqYw?oc=5\" target=\"_blank\" rel=\"nofollow noopener\">Sceny na treningu. \u015awi\u0105tek bliska wybuchu, do akcji wkroczy\u0142a Abramowicz<\/a>&nbsp;&nbsp;MSN<\/li>\n<\/ol>\n","protected":false},"excerpt":{"rendered":"Tak nazwa\u0142 relacje Igi \u015awi\u0105tek z Dari\u0105 Abramowicz. &#8222;Pojawia si\u0119 ryzyko&#8221;&nbsp;&nbsp;Przegl\u0105d Sportowy Onet Wraca temat US Open. Stanowczy&hellip;\n","protected":false},"author":2,"featured_media":13962,"comment_status":"","ping_status":"","sticky":false,"template":"","format":"standard","meta":{"footnotes":""},"categories":[24],"tags":[3350,252,5205,42,38,40,39,41,136,128,300,47,127,135,126,156,4562],"class_list":{"0":"post-13961","1":"post","2":"type-post","3":"status-publish","4":"format-standard","5":"has-post-thumbnail","7":"category-sport","8":"tag-daria_abramowicz","9":"tag-iga_swiatek","10":"tag-jakub_b-_baczek","11":"tag-pl","12":"tag-poland","13":"tag-polish","14":"tag-polska","15":"tag-polski","16":"tag-ps_detal_new","17":"tag-psv2","18":"tag-robert_lewandowski","19":"tag-screening_general","20":"tag-sport","21":"tag-sport_sport","22":"tag-sports","23":"tag-tenis","24":"tag-tka"},"share_on_mastodon":{"url":"","error":""},"_links":{"self":[{"href":"https:\/\/www.europesays.com\/pl\/wp-json\/wp\/v2\/posts\/13961","targetHints":{"allow":["GET"]}}],"collection":[{"href":"https:\/\/www.europesays.com\/pl\/wp-json\/wp\/v2\/posts"}],"about":[{"href":"https:\/\/www.europesays.com\/pl\/wp-json\/wp\/v2\/types\/post"}],"author":[{"embeddable":true,"href":"https:\/\/www.europesays.com\/pl\/wp-json\/wp\/v2\/users\/2"}],"replies":[{"embeddable":true,"href":"https:\/\/www.europesays.com\/pl\/wp-json\/wp\/v2\/comments?post=13961"}],"version-history":[{"count":0,"href":"https:\/\/www.europesays.com\/pl\/wp-json\/wp\/v2\/posts\/13961\/revisions"}],"wp:featuredmedia":[{"embeddable":true,"href":"https:\/\/www.europesays.com\/pl\/wp-json\/wp\/v2\/media\/13962"}],"wp:attachment":[{"href":"https:\/\/www.europesays.com\/pl\/wp-json\/wp\/v2\/media?parent=13961"}],"wp:term":[{"taxonomy":"category","embeddable":true,"href":"https:\/\/www.europesays.com\/pl\/wp-json\/wp\/v2\/categories?post=13961"},{"taxonomy":"post_tag","embeddable":true,"href":"https:\/\/www.europesays.com\/pl\/wp-json\/wp\/v2\/tags?post=13961"}],"curies":[{"name":"wp","href":"https:\/\/api.w.org\/{rel}","templated":true}]}}