{"id":139662,"date":"2025-12-08T18:01:11","date_gmt":"2025-12-08T18:01:11","guid":{"rendered":"https:\/\/www.europesays.com\/pl\/139662\/"},"modified":"2025-12-08T18:01:11","modified_gmt":"2025-12-08T18:01:11","slug":"jaworowski-trafil-do-zarzadu-bgk-zdecydowal-o-tym-tusk","status":"publish","type":"post","link":"https:\/\/www.europesays.com\/pl\/139662\/","title":{"rendered":"Jaworowski trafi\u0142 do zarz\u0105du BGK. Zdecydowa\u0142 o tym Tusk"},"content":{"rendered":"\n<p>&#13;<br \/>\n\u201ePremier Donald Tusk odwo\u0142a\u0142 Leszka Stypu\u0142kowskiego ze\u00a0sk\u0142adu zarz\u0105du Banku Gospodarstwa Krajowego, a\u00a0z\u00a0dniem 9\u00a0grudnia 2025 roku powo\u0142a\u0142 do\u00a0zarz\u0105du Jakuba Jaworowskiego\u201d \u2013\u00a0poinformowa\u0142 w\u00a0poniedzia\u0142ek w\u00a0komunikacie BGK. &#13;\n<\/p>\n<p>Kim jest Jakub Jaworowski?<\/p>\n<p>&#13;<br \/>\nJakub Jaworowski urodzi\u0142 si\u0119 w\u00a01981 roku. Jest <a href=\"https:\/\/dorzeczy.pl\/ekonomia\/661540\/prezes-pll-lot-odwolany-reaguje-minister-aktywow.html\" rel=\"nofollow noopener\" target=\"_blank\">absolwentem studi\u00f3w ekonomicznych<\/a> w\u00a0Szkole G\u0142\u00f3wnej Handlowej, kt\u00f3re uko\u0144czy\u0142 w\u00a02009 roku oraz\u00a0Polsko-Niemieckiego Forum Akademickiego, w\u00a0ramach kt\u00f3rego studiowa\u0142 finanse na\u00a0Uniwersytecie Jana Gutenberga w\u00a0Moguncji. W\u00a02009 roku uko\u0144czy\u0142 tak\u017ce studia historyczne na\u00a0Wydziale Historycznym Uniwersytetu Warszawskiego. Absolwent studi\u00f3w podyplomowych z\u00a0system\u00f3w podatkowych w\u00a0bran\u017cy paliwowej. By\u0142 te\u017c uczestnikiem programu Chartered Financial Analyst. &#13;\n<\/p>\n<p>&#13;<br \/>\nOd 2006 roku pracowa\u0142 jako korespondent agencji Reuters w\u00a0Warszawie. Od\u00a02012 do\u00a02014 roku zatrudniony by\u0142 jako analityk w\u00a0Departamencie Analiz Strategicznych Kancelarii Prezesa Rady Ministr\u00f3w. &#13;\n<\/p>\n<p>&#13;<br \/>\nW marcu 2014 roku zosta\u0142 podsekretarzem stanu w\u00a0Kancelarii Prezesa Rady Ministr\u00f3w. Jednocze\u015bnie zosta\u0142 sekretarzem Rady Gospodarczej przy premierze i\u00a0pe\u0142nomocnikiem premiera do\u00a0spraw Koordynacji Oceny Skutk\u00f3w Regulacji. W\u00a0styczniu 2015 roku zosta\u0142 sekretarzem stanu. Nast\u0119pnie rozpocz\u0105\u0142 prac\u0119 jako konsultant i\u00a0ekspert ds. polityki publicznej w\u00a0Boston Consulting Group, od\u00a0sierpnia 2017 roku przenosz\u0105c si\u0119 do\u00a0Dubaju. &#13;\n<\/p>\n<p>&#13;<br \/>\n13 maja 2024 roku zosta\u0142 powo\u0142any na\u00a0urz\u0105d ministra aktyw\u00f3w pa\u0144stwowych w\u00a0rz\u0105dzie Donalda Tuska. Zast\u0105pi\u0142 na\u00a0tym stanowisku Borysa Budk\u0119, kt\u00f3ry zosta\u0142 europos\u0142em. Funkcj\u0119 szefa MAP Jakub Jaworowski <a href=\"https:\/\/dorzeczy.pl\/ekonomia\/757605\/rekonstrukcja-rzadu-oto-odprawy-dla-odchodzacych-ministrow.html\" rel=\"nofollow noopener\" target=\"_blank\">sprawowa\u0142 do\u00a024 lipca 2025 roku.<\/a> Nowym ministrem aktyw\u00f3w pa\u0144stwowych zosta\u0142 wtedy Wojciech Balczun. &#13;\n<\/p>\n<p>&#13;<br \/>\nCzytaj te\u017c:<br \/><a href=\"https:\/\/dorzeczy.pl\/ekonomia\/816896\/nieoficjalnie-prezes-pge-dariusz-marzec-odwolany-ze-stanowiska.html\" rel=\"follow nofollow noopener\" data-schema=\"DORZECZY\" data-image=\"https:\/\/img.dorzeczy.pl\/_thumb\/61\/e7\/7e24bdabdc5bda3467bd3c78809c.jpeg\" target=\"_blank\">Nieoficjalnie: Prezes PGE odwo\u0142any ze\u00a0stanowiska<\/a>Czytaj te\u017c:<br \/><a href=\"https:\/\/dorzeczy.pl\/ekonomia\/815564\/pkp-cargo-zada-odszkodowania-roszczenie-do-premiera-i-szefa-map.html\" rel=\"follow nofollow noopener\" data-schema=\"DORZECZY\" data-image=\"https:\/\/img.dorzeczy.pl\/_thumb\/b1\/b6\/baf7257049655fe1dda52cd1817f.jpeg\" target=\"_blank\">Sp\u00f3\u0142ka \u017c\u0105da odszkodowania od\u00a0pa\u0144stwa. Gigantyczna kwota<\/a> &#13;<\/p>\n","protected":false},"excerpt":{"rendered":"&#13; \u201ePremier Donald Tusk odwo\u0142a\u0142 Leszka Stypu\u0142kowskiego ze\u00a0sk\u0142adu zarz\u0105du Banku Gospodarstwa Krajowego, a\u00a0z\u00a0dniem 9\u00a0grudnia 2025 roku powo\u0142a\u0142 do\u00a0zarz\u0105du&hellip;\n","protected":false},"author":2,"featured_media":139663,"comment_status":"","ping_status":"","sticky":false,"template":"","format":"standard","meta":{"footnotes":""},"categories":[16],"tags":[3331,5706,113,112,1345,98,105,28677,49,27973,42,38,40,39,41,3806],"class_list":{"0":"post-139662","1":"post","2":"type-post","3":"status-publish","4":"format-standard","5":"has-post-thumbnail","7":"category-biznes","8":"tag-bank","9":"tag-bgk","10":"tag-biznes","11":"tag-business","12":"tag-donald-tusk","13":"tag-dorzeczy","14":"tag-ekonomia","15":"tag-jakub-jaworowski","16":"tag-kraj","17":"tag-map","18":"tag-pl","19":"tag-poland","20":"tag-polish","21":"tag-polska","22":"tag-polski","23":"tag-zarzad"},"share_on_mastodon":{"url":"https:\/\/pubeurope.com\/@pl\/115685260319158740","error":""},"_links":{"self":[{"href":"https:\/\/www.europesays.com\/pl\/wp-json\/wp\/v2\/posts\/139662","targetHints":{"allow":["GET"]}}],"collection":[{"href":"https:\/\/www.europesays.com\/pl\/wp-json\/wp\/v2\/posts"}],"about":[{"href":"https:\/\/www.europesays.com\/pl\/wp-json\/wp\/v2\/types\/post"}],"author":[{"embeddable":true,"href":"https:\/\/www.europesays.com\/pl\/wp-json\/wp\/v2\/users\/2"}],"replies":[{"embeddable":true,"href":"https:\/\/www.europesays.com\/pl\/wp-json\/wp\/v2\/comments?post=139662"}],"version-history":[{"count":0,"href":"https:\/\/www.europesays.com\/pl\/wp-json\/wp\/v2\/posts\/139662\/revisions"}],"wp:featuredmedia":[{"embeddable":true,"href":"https:\/\/www.europesays.com\/pl\/wp-json\/wp\/v2\/media\/139663"}],"wp:attachment":[{"href":"https:\/\/www.europesays.com\/pl\/wp-json\/wp\/v2\/media?parent=139662"}],"wp:term":[{"taxonomy":"category","embeddable":true,"href":"https:\/\/www.europesays.com\/pl\/wp-json\/wp\/v2\/categories?post=139662"},{"taxonomy":"post_tag","embeddable":true,"href":"https:\/\/www.europesays.com\/pl\/wp-json\/wp\/v2\/tags?post=139662"}],"curies":[{"name":"wp","href":"https:\/\/api.w.org\/{rel}","templated":true}]}}