{"id":139687,"date":"2025-12-08T18:14:13","date_gmt":"2025-12-08T18:14:13","guid":{"rendered":"https:\/\/www.europesays.com\/pl\/139687\/"},"modified":"2025-12-08T18:14:13","modified_gmt":"2025-12-08T18:14:13","slug":"smartfon-z-europejskim-systemem-operacyjnym-ruszyla-przedsprzedaz","status":"publish","type":"post","link":"https:\/\/www.europesays.com\/pl\/139687\/","title":{"rendered":"Smartfon z europejskim systemem operacyjnym. Ruszy\u0142a przedsprzeda\u017c"},"content":{"rendered":"<p><img decoding=\"async\" src=\"https:\/\/std.wpcdn.pl\/images\/adv\/placeholder_wp.svg\" alt=\"\"\/><\/p>\n<p>\n                Pami\u0119tacie Joll\u0119? Fi\u0144ska firma powraca z\u00a0nowym smartfonem.\n            <\/p>\n<p>Historia tej marki si\u0119ga 2011 roku, kiedy to Nokia og\u0142osi\u0142a porzucenie stworzonego przez siebie systemu MeeGo oraz przyj\u0119cie Windows Phone\u2019a\u00a0jako g\u0142\u00f3wnej platformy dla jej smartfon\u00f3w.\u00a0Wstrzymanie rozwoju autorskiego systemu prze\u0142o\u017cy\u0142o si\u0119 na fal\u0119 zwolnie\u0144, ale Nokia uruchomi\u0142a program pomostowy dla by\u0142ych pracownik\u00f3w, dzi\u0119ki kt\u00f3remu cz\u0119\u015b\u0107 z\u00a0nich uruchomi\u0142o w\u0142asn\u0105 firm\u0119 &#8211; Jolla Oy. Na zgliszczach systemu MeeGo zbudowana zosta\u0142a platforma Sailfish OS, b\u0119d\u0105ca jego duchowym nast\u0119pc\u0105.\u00a0<\/p>\n<p>Cho\u0107 Jolla sw\u00f3j pierwszy smartfon wprowadzi\u0142a na rynek w\u00a02013 roku, nie jest to marka p\u0142odna, bo do dzi\u015b wypu\u015bci\u0142a raptem trzy smartfony i\u00a0jeden tablet.\u00a0W\u00a0ostatnich latach Jolla skupia\u0142a si\u0119 g\u0142\u00f3wnie na licencjonowaniu swojego systemu Sailfish OS dla partner\u00f3w\u00a0korporacyjnych i\u00a0rz\u0105dowych, szczyc\u0105c si\u0119 jego europejskimi korzeniami. Na przysz\u0142y rok szykowany jest jednak zupe\u0142nie nowy smartfon.\u00a0<\/p>\n<p><img loading=\"lazy\" decoding=\"async\" class=\"lazy\" src=\"https:\/\/www.europesays.com\/pl\/wp-content\/uploads\/2025\/12\/sddefault.jpg\" alt=\"\" width=\"1050\" height=\"787\"\/><img decoding=\"async\" class=\"youtube-frame__play-img\" src=\"https:\/\/www.europesays.com\/pl\/wp-content\/uploads\/2025\/10\/1760695931_769_youtube-play.png\" alt=\"Uruchom wideo\" width=\"68\"\/>Jolla Phone powraca z\u00a0Sailfish OS 5<\/p>\n<p>Nowy smartfon, nazwany po prostu Jolla Phone, ma trafi\u0107 na rynek pod koniec pierwszej po\u0142owy 2026 roku, ale producent ruszy\u0142 ju\u017c z\u00a0przedsprzeda\u017c\u0105 i\u00a0ujawni\u0142 cz\u0119\u015b\u0107 parametr\u00f3w\u00a0technicznych.<\/p>\n<p class=\" wideImage\"><a href=\"https:\/\/cdn.benchmark.pl\/uploads\/backend_img\/c\/newsy\/2025-12\/MN\/jolla_phone_wyglad.jpg\" rel=\"nofollow noopener\" target=\"_blank\"><img loading=\"lazy\" decoding=\"async\" src=\"https:\/\/www.europesays.com\/pl\/wp-content\/uploads\/2025\/12\/1765217653_843_330x0x1.jpg\" alt=\"\" class=\"lazy\" width=\"1440\" height=\"1154\" data-\/><\/a><\/p>\n<p>Jolla Phone ma zosta\u0107 uzbrojony w:<\/p>\n<ul>\n<li>ekran AMOLED 6,36 cala o\u00a0rozdzielczo\u015bci 1080p;<\/li>\n<li>nieujawniony czip MediaTeka z\u00a05G;<\/li>\n<li>12 GB pami\u0119ci RAM;<\/li>\n<li>256 GB rozszerzalnej pami\u0119ci na dane;<\/li>\n<li>aparat g\u0142\u00f3wny 50 Mpix;<\/li>\n<li>aparat 13 Mpix z\u00a0obiektywem ultraszerokok\u0105tnym;<\/li>\n<li>czytnik linii papilarnych w\u00a0przycisku zasilania;<\/li>\n<li>wymienn\u0105 bateri\u0119 5500 mAh;<\/li>\n<li>wymienn\u0105 obudow\u0119 o\u00a0wymiarach 158 x 74 x 9 mm.\u00a0<\/li>\n<\/ul>\n<p>Smartfon b\u0119dzie dzia\u0142a\u0107 pod kontrol\u0105 Sailfish OS 5 z\u00a0obs\u0142ug\u0105 aplikacji Androida, ale pozbawionego Us\u0142ug Google Play, co producent uwa\u017ca za zalet\u0119. Jolla nazywa swoje oprogramowanie &#8222;jedynym komercyjnie op\u0142acalnym europejskim systemem operacyjnym dla urz\u0105dze\u0144 mobilnych&#8221;, chwal\u0105c si\u0119 uniezale\u017cnieniem od ameryka\u0144skiej infrastruktury. Pad\u0142a te\u017c deklaracja mininum 5-letniego wsparcia aktualizacyjnego.\u00a0<\/p>\n<p>Finalnie Jolla Phone ma kosztowa\u0107 mi\u0119dzy 599 a\u00a0699 euro, ale pierwsi klienci mog\u0105 go zam\u00f3wi\u0107 za 499 euro, czyli r\u00f3wnowarto\u015b\u0107 ok. 2100 z\u0142.<\/p>\n<p><img decoding=\"async\" src=\"https:\/\/std.wpcdn.pl\/images\/adv\/placeholder_wp.svg\" alt=\"\"\/><\/p>\n","protected":false},"excerpt":{"rendered":"Pami\u0119tacie Joll\u0119? Fi\u0144ska firma powraca z\u00a0nowym smartfonem. Historia tej marki si\u0119ga 2011 roku, kiedy to Nokia og\u0142osi\u0142a porzucenie&hellip;\n","protected":false},"author":2,"featured_media":139688,"comment_status":"","ping_status":"","sticky":false,"template":"","format":"standard","meta":{"footnotes":""},"categories":[20],"tags":[120,118,119,42,38,40,39,41,116,114,115,121,117],"class_list":{"0":"post-139687","1":"post","2":"type-post","3":"status-publish","4":"format-standard","5":"has-post-thumbnail","7":"category-nauka-i-technika","8":"tag-nauka","9":"tag-nauka-i-technika","10":"tag-naukatechnika","11":"tag-pl","12":"tag-poland","13":"tag-polish","14":"tag-polska","15":"tag-polski","16":"tag-science","17":"tag-science-and-technology","18":"tag-sciencetechnology","19":"tag-technika","20":"tag-technology"},"share_on_mastodon":{"url":"https:\/\/pubeurope.com\/@pl\/115685312133914499","error":""},"_links":{"self":[{"href":"https:\/\/www.europesays.com\/pl\/wp-json\/wp\/v2\/posts\/139687","targetHints":{"allow":["GET"]}}],"collection":[{"href":"https:\/\/www.europesays.com\/pl\/wp-json\/wp\/v2\/posts"}],"about":[{"href":"https:\/\/www.europesays.com\/pl\/wp-json\/wp\/v2\/types\/post"}],"author":[{"embeddable":true,"href":"https:\/\/www.europesays.com\/pl\/wp-json\/wp\/v2\/users\/2"}],"replies":[{"embeddable":true,"href":"https:\/\/www.europesays.com\/pl\/wp-json\/wp\/v2\/comments?post=139687"}],"version-history":[{"count":0,"href":"https:\/\/www.europesays.com\/pl\/wp-json\/wp\/v2\/posts\/139687\/revisions"}],"wp:featuredmedia":[{"embeddable":true,"href":"https:\/\/www.europesays.com\/pl\/wp-json\/wp\/v2\/media\/139688"}],"wp:attachment":[{"href":"https:\/\/www.europesays.com\/pl\/wp-json\/wp\/v2\/media?parent=139687"}],"wp:term":[{"taxonomy":"category","embeddable":true,"href":"https:\/\/www.europesays.com\/pl\/wp-json\/wp\/v2\/categories?post=139687"},{"taxonomy":"post_tag","embeddable":true,"href":"https:\/\/www.europesays.com\/pl\/wp-json\/wp\/v2\/tags?post=139687"}],"curies":[{"name":"wp","href":"https:\/\/api.w.org\/{rel}","templated":true}]}}