{"id":139691,"date":"2025-12-08T18:17:09","date_gmt":"2025-12-08T18:17:09","guid":{"rendered":"https:\/\/www.europesays.com\/pl\/139691\/"},"modified":"2025-12-08T18:17:09","modified_gmt":"2025-12-08T18:17:09","slug":"najwieksza-wies-w-polsce-ma-nowe-wladze-wysoka-porazka-kandydatki-z-ko","status":"publish","type":"post","link":"https:\/\/www.europesays.com\/pl\/139691\/","title":{"rendered":"Najwi\u0119ksza wie\u015b w Polsce ma nowe w\u0142adze. Wysoka pora\u017cka kandydatki z KO"},"content":{"rendered":"<p class=\"ods-c-paragraph \">W podwarszawskim J\u00f3zefos\u0142awiu mieszka 14 tys. os\u00f3b. To najwi\u0119ksza wie\u015b w Polsce, formalnie so\u0142ectwo miejsko-wiejskiej gminy Piaseczno \u2014 podaje &#8222;Gazeta Wyborcza&#8221;. Ze wzgl\u0119du na liczb\u0119 mieszka\u0144c\u00f3w wybory na so\u0142tysa z 7 grudnia odby\u0142y si\u0119 tam tak, jak w przypadku wybor\u00f3w samorz\u0105dowych. W szkole przy ul. Kameralnej zosta\u0142a ustawiona urna, do kt\u00f3rej wrzucano g\u0142osy.<\/p>\n<p>Dalszy ci\u0105g artyku\u0142u pod materia\u0142em wideo<\/p>\n<p> Kto zosta\u0142 nowym so\u0142tysem J\u00f3zefos\u0142awia? <\/p>\n<p> Ile os\u00f3b mieszka w J\u00f3zefos\u0142awiu? <\/p>\n<p> Jakie by\u0142y wyniki g\u0142osowania na so\u0142tysa? <\/p>\n<p> Kiedy odby\u0142y si\u0119 wybory na so\u0142tysa w J\u00f3zefos\u0142awiu? <\/p>\n<p>  Koalicja Obywatelska traci wie\u015b pod Warszaw\u0105. Wygra\u0142 Marcin D\u0142u\u017cniewski<\/p>\n<p class=\"ods-c-paragraph \">Jak relacjonuje serwis J\u00f3-Ju News, ju\u017c oko\u0142o godz. 19 w niedziel\u0119 zacz\u0119\u0142y rozchodzi\u0107 si\u0119 wie\u015bci o tym, \u017ce Maciej D\u0142u\u017cniewski wygra\u0142 z dotychczasow\u0105 pani\u0105 so\u0142tys Katarzyn\u0105 Krzyszkowsk\u0105-Sut &#8222;przygniataj\u0105c\u0105&#8221; r\u00f3\u017cnic\u0105 g\u0142os\u00f3w. Ostatecznie radny komitetu Nasza Gmina Nasz Powiat wygra\u0142 stosunkiem g\u0142os\u00f3w 683 do 262.<\/p>\n<p class=\"ods-c-paragraph \">Krzyszkowska-Sut, kt\u00f3ra jest piaseczy\u0144sk\u0105 radn\u0105 KO, zosta\u0142a pani\u0105 so\u0142tys J\u00f3zefos\u0142awia cztery lata temu. Pokona\u0142a w\u00f3wczas Jana D\u0105bka. By\u0142a to w\u00f3wczas spora sensacja \u2014 D\u0105bek by\u0142 so\u0142tysem wsi od 27 lat.<\/p>\n<p class=\"ods-c-paragraph \">Jak pisze &#8222;Wyborcza&#8221;, D\u0142u\u017cniewski zosta\u0142 w 2023 r. zwolniony z pracy w filii piaseczy\u0144skiego domu kultury w J\u00f3zefos\u0142awiu. Zajmowa\u0142 si\u0119 tam m.in. organizacj\u0105 koncert\u00f3w. Dyrektorka domu kultury twierdzi\u0142a, \u017ce odzywa\u0142 si\u0119 &#8222;w spos\u00f3b niekulturalny i ironiczny&#8221;. Mia\u0142 te\u017c nie wykonywa\u0107 polece\u0144.<\/p>\n","protected":false},"excerpt":{"rendered":"W podwarszawskim J\u00f3zefos\u0142awiu mieszka 14 tys. os\u00f3b. To najwi\u0119ksza wie\u015b w Polsce, formalnie so\u0142ectwo miejsko-wiejskiej gminy Piaseczno \u2014&hellip;\n","protected":false},"author":2,"featured_media":139692,"comment_status":"","ping_status":"","sticky":false,"template":"","format":"standard","meta":{"footnotes":""},"categories":[12],"tags":[32,33,36,37,27,7210,34,35,9494,28,31,48,25,46,42,38,40,39,41,47,28681,29,30,435,26],"class_list":{"0":"post-139691","1":"post","2":"type-post","3":"status-publish","4":"format-standard","5":"has-post-thumbnail","7":"category-polska","8":"tag-breaking-news","9":"tag-breakingnews","10":"tag-featured-news","11":"tag-featurednews","12":"tag-headlines","13":"tag-koalicja_obywatelska","14":"tag-latest-news","15":"tag-latestnews","16":"tag-mazowsze_wojewodztwo_mazowieckie","17":"tag-naglowki","18":"tag-najwazniejsze-artykuly","19":"tag-nat_styl","20":"tag-news","21":"tag-omp","22":"tag-pl","23":"tag-poland","24":"tag-polish","25":"tag-polska","26":"tag-polski","27":"tag-screening_general","28":"tag-soltys","29":"tag-top-stories","30":"tag-topstories","31":"tag-warszawa","32":"tag-wiadomosci"},"share_on_mastodon":{"url":"https:\/\/pubeurope.com\/@pl\/115685323245488220","error":""},"_links":{"self":[{"href":"https:\/\/www.europesays.com\/pl\/wp-json\/wp\/v2\/posts\/139691","targetHints":{"allow":["GET"]}}],"collection":[{"href":"https:\/\/www.europesays.com\/pl\/wp-json\/wp\/v2\/posts"}],"about":[{"href":"https:\/\/www.europesays.com\/pl\/wp-json\/wp\/v2\/types\/post"}],"author":[{"embeddable":true,"href":"https:\/\/www.europesays.com\/pl\/wp-json\/wp\/v2\/users\/2"}],"replies":[{"embeddable":true,"href":"https:\/\/www.europesays.com\/pl\/wp-json\/wp\/v2\/comments?post=139691"}],"version-history":[{"count":0,"href":"https:\/\/www.europesays.com\/pl\/wp-json\/wp\/v2\/posts\/139691\/revisions"}],"wp:featuredmedia":[{"embeddable":true,"href":"https:\/\/www.europesays.com\/pl\/wp-json\/wp\/v2\/media\/139692"}],"wp:attachment":[{"href":"https:\/\/www.europesays.com\/pl\/wp-json\/wp\/v2\/media?parent=139691"}],"wp:term":[{"taxonomy":"category","embeddable":true,"href":"https:\/\/www.europesays.com\/pl\/wp-json\/wp\/v2\/categories?post=139691"},{"taxonomy":"post_tag","embeddable":true,"href":"https:\/\/www.europesays.com\/pl\/wp-json\/wp\/v2\/tags?post=139691"}],"curies":[{"name":"wp","href":"https:\/\/api.w.org\/{rel}","templated":true}]}}