{"id":139695,"date":"2025-12-08T18:19:07","date_gmt":"2025-12-08T18:19:07","guid":{"rendered":"https:\/\/www.europesays.com\/pl\/139695\/"},"modified":"2025-12-08T18:19:07","modified_gmt":"2025-12-08T18:19:07","slug":"korona-kielce-wisla-plock-relacja-na-zywo-przeglad-sportowy-onet","status":"publish","type":"post","link":"https:\/\/www.europesays.com\/pl\/139695\/","title":{"rendered":"Korona Kielce &#8211; Wis\u0142a P\u0142ock [RELACJA NA \u017bYWO] &#8211; Przegl\u0105d Sportowy Onet"},"content":{"rendered":"<ol>\n<li><a href=\"https:\/\/news.google.com\/rss\/articles\/CBMipgFBVV95cUxOR19lRGRuUklyWXUzckRnRzRQaDl5Yng0NEh3VzJHRlM5clRPVUs4OUhqbm4tYXA4Qmp6b0UzVzRKZHUxS1ZpQUthY3F5U0VOeTFBM2hpR1VZUlp4N1BEU2F6SmlweG9FMDBOWmJrWjRqem5CSlNaSTEzWUJfVnppSzFNY2owaG1HM0U5M05aZmFrUEYxdldaQlpfRjYxcnpMVWVXUFlR?oc=5\" target=\"_blank\" rel=\"nofollow noopener\">Korona Kielce &#8211; Wis\u0142a P\u0142ock [RELACJA NA \u017bYWO]<\/a>&nbsp;&nbsp;Przegl\u0105d Sportowy Onet<\/li>\n<li><a href=\"https:\/\/news.google.com\/rss\/articles\/CBMixAFBVV95cUxQTThnZFR6eVdfcDE3OU9xM2dVMHFHTWV4TUZQTElCU3E4TXZwZEJrRVl3Z1FXZ1hCNU44eUtEa21uT0JhZC1uUlZKR0p0R0xQTVNUZHNwdHdBT1F1Sm9xT2ZuTW9uVW5HOTNaRFFSVVpIRUFuOGU2cGZDb1VGVTNMYms3RWdwWGllUlRiWnJ0TklFdVllcHp0NkZValNXaU0zelVqZ0NCSVlDS3VMUFhyT1d3ZGNURUJUVUNONHpmVzgtOFhV?oc=5\" target=\"_blank\" rel=\"nofollow noopener\">Korona Kielce &#8211; Wis\u0142a P\u0142ock w PKO BP Ekstraklasie [WYNIK NA \u017bYWO]<\/a>&nbsp;&nbsp;Przegl\u0105d Sportowy Onet<\/li>\n<li><a href=\"https:\/\/news.google.com\/rss\/articles\/CBMingFBVV95cUxPSkJjUVJ1N3pNNTBDYjZCT2NVN0tLZDNPQ1JMaEFTNmtPZURuWTZwaEx3RjNjZko4WjVWUVkyb2F5MThtcmxURTlkQTBUSGxya0NnTEZ2Uzg0RzVXckZRbUJhZFpoeERtcFFrSE1kUW5aalJMclA3SGpJWUNwY1A1Rm53Vm95YTVFSUJfTFVfcmVRZzhSTTZfZENaYnRzZw?oc=5\" target=\"_blank\" rel=\"nofollow noopener\">Nast\u0119pny w lutym &#8211; 18. kolejka 2025\/2026 (poniedzia\u0142ek)<\/a>&nbsp;&nbsp;PKO BP Ekstraklasa<\/li>\n<li><a href=\"https:\/\/news.google.com\/rss\/articles\/CBMixgFBVV95cUxQcjhhNk5HQi1XNTd0ZUEwMW9IaGVaNmhnVV9Va1lqWGNlY1VoU2ZaSkpMWmJYNjVKdHhmckNGQ2ZCQ1VzOV8xY3Z3U3lpSWtzR0pFQVBnMjQ4eTFBV0dpNlFDczJyN3hZdU1oMEJXd0txTVRIVE1fQ2EtbUhTVjBNczdZdlI0eXhBUEFxZG5XVlRiLXhuOV9ldUJzemU2MldNdEFhQzhNcktKMUNMZEo3ZmdOUHh1T0pEQ2lGN3lYbnV4OWhhV0E?oc=5\" target=\"_blank\" rel=\"nofollow noopener\">Korona Kielce &#8211; Wis\u0142a P\u0142ock w 18. kolejce PKO BP Ekstraklasy 2025\/26. Relacja na \u017cywo<\/a>&nbsp;&nbsp;Sport w INTERIA.PL<\/li>\n<li><a href=\"https:\/\/news.google.com\/rss\/articles\/CBMitwFBVV95cUxNekRTOUplUXJXS09jV3VqTm05V1dsY1VMbGhRb0hQeHp2UFdtSVNrYXZQUXZoVjFYb0lwTHhReVAwOUctNzFMckZOMl9JWjU0WXpNU04yQ1FRM1JudHo3bi1hU2NxTG85VHU1UnNtQl9TaUNiU21sb0N1QkJocFpEbmwwbXNvSHQ2c3VTR2ZfRjhKYzk3SjFMWExTMWx2OEFadHdMTmdkOU1CS1RSbDRkTlpNb1ZJRzg?oc=5\" target=\"_blank\" rel=\"nofollow noopener\">Korona &#8211; Wis\u0142a P\u0142ock: Typ under goli w meczu Wis\u0142y wygl\u0105da jak promocja!<\/a>&nbsp;&nbsp;SportoweFakty<\/li>\n<\/ol>\n","protected":false},"excerpt":{"rendered":"Korona Kielce &#8211; Wis\u0142a P\u0142ock [RELACJA NA \u017bYWO]&nbsp;&nbsp;Przegl\u0105d Sportowy Onet Korona Kielce &#8211; Wis\u0142a P\u0142ock w PKO BP&hellip;\n","protected":false},"author":2,"featured_media":139696,"comment_status":"","ping_status":"","sticky":false,"template":"","format":"standard","meta":{"footnotes":""},"categories":[24],"tags":[2910,188,948,2475,42,38,40,39,41,136,128,47,127,135,126,2476],"class_list":{"0":"post-139695","1":"post","2":"type-post","3":"status-publish","4":"format-standard","5":"has-post-thumbnail","7":"category-sport","8":"tag-korona_kielce","9":"tag-liveblog","10":"tag-pilka_nozna","11":"tag-pko_ekstraklasa","12":"tag-pl","13":"tag-poland","14":"tag-polish","15":"tag-polska","16":"tag-polski","17":"tag-ps_detal_new","18":"tag-psv2","19":"tag-screening_general","20":"tag-sport","21":"tag-sport_sport","22":"tag-sports","23":"tag-wisla_plock"},"share_on_mastodon":{"url":"https:\/\/pubeurope.com\/@pl\/115685331270611175","error":""},"_links":{"self":[{"href":"https:\/\/www.europesays.com\/pl\/wp-json\/wp\/v2\/posts\/139695","targetHints":{"allow":["GET"]}}],"collection":[{"href":"https:\/\/www.europesays.com\/pl\/wp-json\/wp\/v2\/posts"}],"about":[{"href":"https:\/\/www.europesays.com\/pl\/wp-json\/wp\/v2\/types\/post"}],"author":[{"embeddable":true,"href":"https:\/\/www.europesays.com\/pl\/wp-json\/wp\/v2\/users\/2"}],"replies":[{"embeddable":true,"href":"https:\/\/www.europesays.com\/pl\/wp-json\/wp\/v2\/comments?post=139695"}],"version-history":[{"count":0,"href":"https:\/\/www.europesays.com\/pl\/wp-json\/wp\/v2\/posts\/139695\/revisions"}],"wp:featuredmedia":[{"embeddable":true,"href":"https:\/\/www.europesays.com\/pl\/wp-json\/wp\/v2\/media\/139696"}],"wp:attachment":[{"href":"https:\/\/www.europesays.com\/pl\/wp-json\/wp\/v2\/media?parent=139695"}],"wp:term":[{"taxonomy":"category","embeddable":true,"href":"https:\/\/www.europesays.com\/pl\/wp-json\/wp\/v2\/categories?post=139695"},{"taxonomy":"post_tag","embeddable":true,"href":"https:\/\/www.europesays.com\/pl\/wp-json\/wp\/v2\/tags?post=139695"}],"curies":[{"name":"wp","href":"https:\/\/api.w.org\/{rel}","templated":true}]}}