{"id":140008,"date":"2025-12-08T21:26:12","date_gmt":"2025-12-08T21:26:12","guid":{"rendered":"https:\/\/www.europesays.com\/pl\/140008\/"},"modified":"2025-12-08T21:26:12","modified_gmt":"2025-12-08T21:26:12","slug":"koalicja-obywatelska-na-czele-nowego-sondazu-ibris-donald-tusk-umacnia-pozycje","status":"publish","type":"post","link":"https:\/\/www.europesays.com\/pl\/140008\/","title":{"rendered":"Koalicja Obywatelska na czele nowego sonda\u017cu IBRiS. Donald Tusk umacnia pozycj\u0119"},"content":{"rendered":"<p data-section=\"detail-body\">Koalicja Obywatelska pozostaje liderem sonda\u017cy w Polsce. Ugrupowanie Donalda Tuska, w najnowszym sonda\u017cu przeprowadzonym przez IBRiS dla Polsat News, uzyska\u0142o wynik na poziomie 30,9 proc.<\/p>\n<p class=\"article_p\" data-section=\"detail-body\">Drugie miejsce zajmuje Prawo i Sprawiedliwo\u015b\u0107, kt\u00f3re uzyska\u0142o 25,5 proc. wskaza\u0144.<\/p>\n<p class=\"article_p\" data-section=\"detail-body\">Ostatnie miejsce na podium zajmuje Konfederacja z poparciem na poziomie 13,6 proc.<\/p>\n<p class=\"article_p\" data-section=\"detail-body\">Do Sejmu wesz\u0142aby tak\u017ce Lewica z wynikiem 8,2 proc. oraz a Konfederacja Korony Polskiej, kt\u00f3rej poparcie wynosi 7,1 proc.<\/p>\n<p>            Czytaj tak\u017ce w BUSINESS INSIDER<\/p>\n<p class=\"article_p\" data-section=\"detail-body\">Dalsza cz\u0119\u015b\u0107 artyku\u0142u pod materia\u0142em wideo:<\/p>\n<p class=\"article_p\" data-section=\"detail-body\">Wed\u0142ug wynik\u00f3w sonda\u017cu, do Sejmu nie wesz\u0142yby PSL (4 proc.), Partia Razem (3,6 proc.) oraz Polska 2050 (1,5 proc.). <\/p>\n<p class=\"article_p\" data-section=\"detail-body\">5,7 proc. uczestnik\u00f3w badania nie potrafi\u0142o wskaza\u0107, na kt\u00f3r\u0105 parti\u0119 odda\u0142oby g\u0142os. Udzia\u0142 w wyborach zadeklarowa\u0142o 64,4 proc. respondent\u00f3w, natomiast 35,6 proc. nie zamierza g\u0142osowa\u0107.<\/p>\n<p>        Polacy o mo\u017cliwych koalicjach rz\u0105dowych. Te konfiguracje oceniamy na &#8222;nie&#8221;<\/p>\n<p class=\"article_p\" data-section=\"detail-body\">W ramach badania zapytano tak\u017ce o stosunek do potencjalnych koalicji. Najwi\u0119kszy sprzeciw budzi ewentualna wsp\u00f3\u0142praca Koalicji Obywatelskiej z Konfederacj\u0105 \u2014 a\u017c 84,4 proc. ankietowanych nie akceptuje takiego rozwi\u0105zania, podczas gdy 4,2 proc. wyra\u017ca aprobat\u0119. 3,1 proc. respondent\u00f3w nie ma wyrobionego zdania w tej kwestii.<\/p>\n<p class=\"article_p\" data-section=\"detail-body\">Z kolei koalicja Prawa i Sprawiedliwo\u015bci z Konfederacj\u0105 Korony Polskiej spotyka si\u0119 z niech\u0119ci\u0105 62,2 proc. badanych, natomiast 25,7 proc. popiera taki scenariusz. 7,3 proc. uczestnik\u00f3w sonda\u017cu nie zaj\u0119\u0142o stanowiska.<\/p>\n<p class=\"article_p\" data-section=\"detail-body\">Czytaj tak\u017ce: <a href=\"https:\/\/businessinsider.com.pl\/wiadomosci\/wybory-2027-i-pis-bez-wyraznej-twarzy-sondaz-zaskakuje-wynikiem\/128lr52\" id=\"63dedaf0-c6df-400d-a719-63b44d4263d4\" rel=\"nofollow noopener\" target=\"_blank\">Kto b\u0119dzie now\u0105 twarz\u0105 PiS przed najbli\u017cszymi wyborami? Badanie nie pozostawia z\u0142udze\u0144 [SONDA\u017b]<\/a><\/p>\n<p class=\"article_p\" data-section=\"detail-body\">Podobnie oceniono szerok\u0105 koalicj\u0119 na prawicy, obejmuj\u0105c\u0105 PiS, Konfederacj\u0119 oraz Konfederacj\u0119 Korony Polskiej. Przeciwko takiemu porozumieniu opowiedzia\u0142o si\u0119 62,4 proc. respondent\u00f3w, a 25,9 proc. uzna\u0142o je za mo\u017cliwe. 6,3 proc. nie wyrazi\u0142o opinii.<\/p>\n<p>        Najwi\u0119ksze poparcie dla obecnej formy koalicji rz\u0105dowej<\/p>\n<p class=\"article_p\" data-section=\"detail-body\">Szeroka koalicja, w sk\u0142ad kt\u00f3rej wchodz\u0105 Koalicja Obywatelska, Lewica, PSL oraz Polska 2050 \u2014 czyli porozumienie funkcjonuj\u0105ce obecnie \u2014 spotyka si\u0119 z najmniejszym sprzeciwem spo\u015br\u00f3d ocenianych wariant\u00f3w. 55 proc. ankietowanych nie chce takiego rozwi\u0105zania, natomiast 40,6 proc. widzi w nim szans\u0119 na stabilne rz\u0105dy. Jedynie 1 proc. respondent\u00f3w nie wyrazi\u0142o opinii w tej sprawie.<\/p>\n<p class=\"article_p\" data-section=\"detail-body\">W przypadku hipotetycznej wsp\u00f3\u0142pracy Prawa i Sprawiedliwo\u015bci z Konfederacj\u0105, negatywnie ocenia j\u0105 46,5 proc. uczestnik\u00f3w badania, co stanowi najni\u017cszy odsetek przeciwnik\u00f3w spo\u015br\u00f3d wszystkich analizowanych koalicji. Z kolei 36,7 proc. respondent\u00f3w uznaje taki wariant za po\u017c\u0105dany, a 4,8 proc. nie ma wyrobionego zdania.<\/p>\n<p class=\"article_p\" data-section=\"detail-body\">Czytaj tak\u017ce: <a href=\"https:\/\/businessinsider.com.pl\/wiadomosci\/najnowszy-sondaz-partyjny-cbos-dwucyfrowa-roznica-miedzy-ko-i-pis\/mxzvrgh\" id=\"43c556fb-4db7-4f84-b36c-0c5539e80a34\" rel=\"nofollow noopener\" target=\"_blank\">Du\u017ca r\u00f3\u017cnica poparcia mi\u0119dzy KO i PiS. CBOS pokaza\u0142 najnowszy sonda\u017c partyjny<\/a><\/p>\n<p class=\"article_p\" data-section=\"detail-body\">Sonda\u017c Instytutu Bada\u0144 Rynkowych i Spo\u0142ecznych IBRiS zosta\u0142 przeprowadzony w dniach 4-6 grudnia 2025 r. na pr\u00f3bie 1000 os\u00f3b. Badanie zrealizowano metod\u0105 telefoniczn\u0105.<\/p>\n","protected":false},"excerpt":{"rendered":"Koalicja Obywatelska pozostaje liderem sonda\u017cy w Polsce. Ugrupowanie Donalda Tuska, w najnowszym sonda\u017cu przeprowadzonym przez IBRiS dla Polsat&hellip;\n","protected":false},"author":2,"featured_media":94765,"comment_status":"","ping_status":"","sticky":false,"template":"","format":"standard","meta":{"footnotes":""},"categories":[12],"tags":[32,33,36,37,27,34,35,28,31,25,42,38,40,39,41,29,30,26],"class_list":{"0":"post-140008","1":"post","2":"type-post","3":"status-publish","4":"format-standard","5":"has-post-thumbnail","7":"category-polska","8":"tag-breaking-news","9":"tag-breakingnews","10":"tag-featured-news","11":"tag-featurednews","12":"tag-headlines","13":"tag-latest-news","14":"tag-latestnews","15":"tag-naglowki","16":"tag-najwazniejsze-artykuly","17":"tag-news","18":"tag-pl","19":"tag-poland","20":"tag-polish","21":"tag-polska","22":"tag-polski","23":"tag-top-stories","24":"tag-topstories","25":"tag-wiadomosci"},"share_on_mastodon":{"url":"https:\/\/pubeurope.com\/@pl\/115686066389558745","error":""},"_links":{"self":[{"href":"https:\/\/www.europesays.com\/pl\/wp-json\/wp\/v2\/posts\/140008","targetHints":{"allow":["GET"]}}],"collection":[{"href":"https:\/\/www.europesays.com\/pl\/wp-json\/wp\/v2\/posts"}],"about":[{"href":"https:\/\/www.europesays.com\/pl\/wp-json\/wp\/v2\/types\/post"}],"author":[{"embeddable":true,"href":"https:\/\/www.europesays.com\/pl\/wp-json\/wp\/v2\/users\/2"}],"replies":[{"embeddable":true,"href":"https:\/\/www.europesays.com\/pl\/wp-json\/wp\/v2\/comments?post=140008"}],"version-history":[{"count":0,"href":"https:\/\/www.europesays.com\/pl\/wp-json\/wp\/v2\/posts\/140008\/revisions"}],"wp:featuredmedia":[{"embeddable":true,"href":"https:\/\/www.europesays.com\/pl\/wp-json\/wp\/v2\/media\/94765"}],"wp:attachment":[{"href":"https:\/\/www.europesays.com\/pl\/wp-json\/wp\/v2\/media?parent=140008"}],"wp:term":[{"taxonomy":"category","embeddable":true,"href":"https:\/\/www.europesays.com\/pl\/wp-json\/wp\/v2\/categories?post=140008"},{"taxonomy":"post_tag","embeddable":true,"href":"https:\/\/www.europesays.com\/pl\/wp-json\/wp\/v2\/tags?post=140008"}],"curies":[{"name":"wp","href":"https:\/\/api.w.org\/{rel}","templated":true}]}}