{"id":140114,"date":"2025-12-08T22:33:08","date_gmt":"2025-12-08T22:33:08","guid":{"rendered":"https:\/\/www.europesays.com\/pl\/140114\/"},"modified":"2025-12-08T22:33:08","modified_gmt":"2025-12-08T22:33:08","slug":"caly-linux-zmieszczony-w-23-mb-tak-powinno-sie-optymalizowac-system","status":"publish","type":"post","link":"https:\/\/www.europesays.com\/pl\/140114\/","title":{"rendered":"Ca\u0142y Linux zmieszczony w 23 MB. Tak powinno si\u0119 optymalizowa\u0107 system"},"content":{"rendered":"<p style=\"text-align:justify\">Podczas gdy Windows 11 wymaga dziesi\u0105tek gigabajt\u00f3w miejsca na dysku i pot\u0119\u017cnego sprz\u0119tu, Tiny Core Linux 16.2 udowadnia, \u017ce pe\u0142noprawny system operacyjny z interfejsem graficznym mo\u017ce zmie\u015bci\u0107 si\u0119 w zaledwie 23 megabajtach. To w pe\u0142ni funkcjonalna dystrybucja Linuksa, kt\u00f3ra w\u0142a\u015bnie otrzyma\u0142a najnowsz\u0105 aktualizacj\u0119.<\/p>\n<p style=\"text-align:justify\">Standardowa edycja TinyCore wa\u017cy dok\u0142adnie 23MB i zawiera kompletny system z graficznym pulpitem, gotowy do uruchomienia bez po\u0142\u0105czenia z internetem. Dla tych, kt\u00f3rzy nie potrzebuj\u0105 GUI, dost\u0119pna jest wersja Core o rozmiarze zaledwie 17MB. Co ciekawe, od ostatniej sprawdzonej wersji system ur\u00f3s\u0142 o 1MB, ale wci\u0105\u017c pozostaje mikroskopijny w por\u00f3wnaniu do wsp\u00f3\u0142czesnych system\u00f3w operacyjnych.<\/p>\n<p style=\"text-align:justify\">Tiny Core Linux to rzeczywista, aktywnie rozwijana dystrybucja z najnowszymi j\u0105drami systemu (do wersji 6.12), wsp\u00f3\u0142czesnymi bibliotekami i wsparciem dla nowoczesnego sprz\u0119tu. Sekret tak ma\u0142ego rozmiaru tkwi w filozofii projektu: minimalna baza systemowa, wszystko inne jako modu\u0142owe rozszerzenia, a ca\u0142y system dzia\u0142a w pami\u0119ci RAM.<\/p>\n<p><a href=\"https:\/\/www.europesays.com\/pl\/wp-content\/uploads\/2025\/12\/linux_e2d2a018b3.jpg\"><img decoding=\"async\" alt=\"linux\" class=\"center-block gallery-image img-responsive\" src=\"https:\/\/www.europesays.com\/pl\/wp-content\/uploads\/2025\/12\/linux_e2d2a018b3.jpg\" style=\"max-height:500px\"\/><\/a>&#13;<br \/>\n&#13;<br \/>\n\u00a0&#13;<\/p>\n<p>Tw\u00f3j stary komputer mo\u017ce \u017cy\u0107 ponownie<\/p>\n<p style=\"text-align:justify\">System bazowy zawiera tylko j\u0105dro, pakiet narz\u0119dzi BusyBox oraz minimalistyczny interfejs graficzny oparty na FLTK\/FLWM. Wszystko ponad to \u2013 przegl\u0105darki, wsparcie multimedi\u00f3w, dodatkowe sterowniki itd. trzeba doinstalowa\u0107 jako rozszerzenia z repozytorium systemu, dzia\u0142aj\u0105cego jak minimalny sklep z aplikacjami.<\/p>\n<p style=\"text-align:justify\">To podej\u015bcie daje ogromn\u0105 elastyczno\u015b\u0107, ale wymaga znajomo\u015bci Linuksa. U\u017cytkownicy musz\u0105 wiedzie\u0107, co chc\u0105 zainstalowa\u0107 i jak skonfigurowa\u0107 system r\u0119cznie. Tiny Core zdecydowanie nie jest dystrybucj\u0105 dla pocz\u0105tkuj\u0105cych.<\/p>\n<blockquote><p>&#13;<\/p>\n<p style=\"text-align:justify\">Standardowa edycja TinyCore wa\u017cy dok\u0142adnie 23MB i zawiera kompletny system z graficznym pulpitem, gotowy do uruchomienia bez po\u0142\u0105czenia z internetem.<\/p>\n<p>&#13;\n<\/p><\/blockquote>\n<p style=\"text-align:justify\">Inne ultralekkie dystrybucje, jak SliTaz czy Slax, oferuj\u0105 wi\u0119cej funkcji &#8222;z pude\u0142ka&#8221;, ale zajmuj\u0105 wi\u0119cej miejsca.\u00a0Niewielki rozmiar i dzia\u0142anie w pami\u0119ci RAM sprawiaj\u0105, \u017ce Tiny Core idealnie nadaje si\u0119 do wskrzeszania starego sprz\u0119tu, system\u00f3w wbudowanych, \u015brodowisk ratunkowych czy ultraszybkich konfiguracji typu boot-to-desktop. To jedna z najwa\u017cniejszych dystrybucji Linuksa (kt\u00f3rego tw\u00f3rca jest <a href=\"https:\/\/ithardware.pl\/aktualnosci\/torvalds_cierpliwosc_spolecznosc_linux-44885.html\" target=\"_blank\" rel=\"nofollow noopener\">coraz bardziej zirytowany spo\u0142eczno\u015bci\u0105 systemu<\/a>), w\u0142a\u015bnie ze wzgl\u0119du na swoj\u0105 unikaln\u0105 filozofi\u0119 projektow\u0105.<\/p>\n<p class=\"m-0\">Spodoba\u0142o Ci si\u0119? Podziel si\u0119 ze znajomymi!<\/p>\n","protected":false},"excerpt":{"rendered":"Podczas gdy Windows 11 wymaga dziesi\u0105tek gigabajt\u00f3w miejsca na dysku i pot\u0119\u017cnego sprz\u0119tu, Tiny Core Linux 16.2 udowadnia,&hellip;\n","protected":false},"author":2,"featured_media":140115,"comment_status":"","ping_status":"","sticky":false,"template":"","format":"standard","meta":{"footnotes":""},"categories":[20],"tags":[1973,120,118,119,42,38,40,39,41,116,114,115,121,117],"class_list":{"0":"post-140114","1":"post","2":"type-post","3":"status-publish","4":"format-standard","5":"has-post-thumbnail","7":"category-nauka-i-technika","8":"tag-linux","9":"tag-nauka","10":"tag-nauka-i-technika","11":"tag-naukatechnika","12":"tag-pl","13":"tag-poland","14":"tag-polish","15":"tag-polska","16":"tag-polski","17":"tag-science","18":"tag-science-and-technology","19":"tag-sciencetechnology","20":"tag-technika","21":"tag-technology"},"share_on_mastodon":{"url":"https:\/\/pubeurope.com\/@pl\/115686330149231834","error":""},"_links":{"self":[{"href":"https:\/\/www.europesays.com\/pl\/wp-json\/wp\/v2\/posts\/140114","targetHints":{"allow":["GET"]}}],"collection":[{"href":"https:\/\/www.europesays.com\/pl\/wp-json\/wp\/v2\/posts"}],"about":[{"href":"https:\/\/www.europesays.com\/pl\/wp-json\/wp\/v2\/types\/post"}],"author":[{"embeddable":true,"href":"https:\/\/www.europesays.com\/pl\/wp-json\/wp\/v2\/users\/2"}],"replies":[{"embeddable":true,"href":"https:\/\/www.europesays.com\/pl\/wp-json\/wp\/v2\/comments?post=140114"}],"version-history":[{"count":0,"href":"https:\/\/www.europesays.com\/pl\/wp-json\/wp\/v2\/posts\/140114\/revisions"}],"wp:featuredmedia":[{"embeddable":true,"href":"https:\/\/www.europesays.com\/pl\/wp-json\/wp\/v2\/media\/140115"}],"wp:attachment":[{"href":"https:\/\/www.europesays.com\/pl\/wp-json\/wp\/v2\/media?parent=140114"}],"wp:term":[{"taxonomy":"category","embeddable":true,"href":"https:\/\/www.europesays.com\/pl\/wp-json\/wp\/v2\/categories?post=140114"},{"taxonomy":"post_tag","embeddable":true,"href":"https:\/\/www.europesays.com\/pl\/wp-json\/wp\/v2\/tags?post=140114"}],"curies":[{"name":"wp","href":"https:\/\/api.w.org\/{rel}","templated":true}]}}