{"id":140166,"date":"2025-12-08T23:17:14","date_gmt":"2025-12-08T23:17:14","guid":{"rendered":"https:\/\/www.europesays.com\/pl\/140166\/"},"modified":"2025-12-08T23:17:14","modified_gmt":"2025-12-08T23:17:14","slug":"niezidentyfikowana-maszyna-nad-suwalkami-mogla-szpiegowac-rosjan","status":"publish","type":"post","link":"https:\/\/www.europesays.com\/pl\/140166\/","title":{"rendered":"Niezidentyfikowana maszyna nad Suwa\u0142kami mog\u0142a szpiegowa\u0107 Rosjan"},"content":{"rendered":"<p>Nieznany statek powietrzny nad Polsk\u0105. To mo\u017ce by\u0107 sprawka pa\u0144stwa NATO<\/p>\n<p class=\"typography ids-typeset-body ids-typeset-body--preset-large link paragraph ids-paragraph ids-paragraph--default\">Niezidentyfikowany statek wylecia\u0142 z teren\u00f3w Rumunii i przelatuj\u0105c przez W\u0119gry, S\u0142owacj\u0119 i wschodni\u0105 Polsk\u0119, pojawi\u0142 si\u0119 oko\u0142o 13.20 czasu lokalnego nad Suwa\u0142kami. Tam sp\u0119dzi\u0142 sze\u015b\u0107 godzin, po czym wr\u00f3ci\u0142 tam, sk\u0105d przylecia\u0142. Ca\u0142y czas na stronach \u015bledz\u0105cych trasy lot\u00f3w maszyna nie mog\u0142a zosta\u0107 rozpoznana.<\/p>\n<p class=\"typography ids-typeset-body ids-typeset-body--preset-large link paragraph ids-paragraph ids-paragraph--default\">Niemniej ze wzgl\u0119du na charakterystyk\u0119 lotu i tras\u0119 mo\u017cna przypuszcza\u0107, \u017ce by\u0142 to bezza\u0142ogowiec rekonesansu MQ-9 Reaper Kr\u00f3lewskich Si\u0142 Powietrznych Holandii,\u00a0co sugeruje m.in. profil PolishMilitaryRadar. Mo\u017ce \u015bwiadczy\u0107 o tym trasa lotu, por\u00f3wnywalna z patrolami wojskowych bezza\u0142ogowc\u00f3w oraz znany obszar startu i l\u0105dowania w regionie rumu\u0144skiej bazy lotniczej Campia Turzii, gdzie obecnie w ramach misji NATO stacjonuj\u0105 dwa holenderskie Reapery.<\/p>\n<p class=\"typography ids-typeset-body ids-typeset-body--preset-large link paragraph ids-paragraph ids-paragraph--default\">Skontaktowali\u015bmy si\u0119 z Dow\u00f3dztwem Operacyjnym Rodzaj\u00f3w Si\u0142 Zbrojnych, Centrum Operacji Powietrznych &#8211; Dow\u00f3dztwem Komponentu Powietrznego oraz baz\u0105 lotnicz\u0105 w Leeuwarden, aby dowiedzie\u0107 si\u0119, czy niezidentyfikowany obiekt to MQ-9 Reaper Si\u0142 Powietrznych Holandii. Na moment publikacji artyku\u0142u nie uzyskali\u015bmy \u017cadnej odpowiedzi.<\/p>\n<p>Patrole nad przesmykiem suwalskim &#8211; najwra\u017cliwszym miejscem NATO<\/p>\n<p class=\"typography ids-typeset-body ids-typeset-body--preset-large link paragraph ids-paragraph ids-paragraph--default\">Lot niezidentyfikowanej maszyny m\u00f3g\u0142 by\u0107 zwi\u0105zany z regularnym rozpoznaniem nad obszarem wschodniej flanki NATO. Od wybuchu pe\u0142noskalowej wojny w Ukrainie si\u0142y NATO patroluj\u0105 ten rejon, kontroluj\u0105c dzia\u0142ania Rosji oraz Bia\u0142orusi, w obliczu mo\u017cliwego zwi\u0119kszenia napi\u0119\u0107 czy eskalacji ze strony tych pa\u0144stw w kierunku Sojuszu. Chocia\u017cby jeszcze 4 grudnia w rejonie p\u00f3\u0142nocno-wschodniej Polski i Litwy operowa\u0142 ameryka\u0144ski dron rozpoznawczy RQ-4 Global Hawk.<\/p>\n<p class=\"typography ids-typeset-body ids-typeset-body--preset-large link paragraph ids-paragraph ids-paragraph--default\">Niemniej warto zauwa\u017cy\u0107, \u017ce lot maszyny nad Suwa\u0142kami prawdopodobnie dotyczy\u0142 patrolu stricte tzw. przesmyku suwalskiego, miejsca okre\u015blanego jako pi\u0119ta achillesowa NATO. Nazwa ta nie odnosi si\u0119 do dok\u0142adnie wydzielonego terenu, a raczej regionu, kt\u00f3ry Rosja mog\u0142aby przej\u0105\u0107 ma\u0142ymi si\u0142ami, aby wywo\u0142a\u0107 jak najwi\u0119ksze zamieszanie i cios dla NATO. Pas pomi\u0119dzy Bia\u0142orusi\u0105 a Obwodem Kr\u00f3lewieckim na terenie Litwy mo\u017ce by\u0107 do tego najlepszym miejscem, gdy\u017c teoretycznie pozwoli\u0142by odci\u0105\u0107 od NATO pa\u0144stwa ba\u0142tyckie, a Rosja mog\u0142aby zacz\u0105\u0107 stawia\u0107 \u017c\u0105dania. I to mo\u017ce by\u0107 jej strategi\u0105 w ewentualnym uderzeniu. O znaczeniu przesmyku suwalskiego dla NATO i Rosji <a href=\"https:\/\/geekweek.interia.pl\/bezpieczenstwo\/news-przesmyk-suwalski-najslabszy-punkt-nato-tu-moze-uderzyc-rosj,nId,21320595\" target=\"_blank\" rel=\"nofollow noopener\">pisa\u0142 na \u0142amach Interii GeekWeek Karol Kubak<\/a>.<\/p>\n<p>NATO do patrolowania przesmyku suwalskiego wykorzystuje ogromne drony<\/p>\n<p class=\"typography ids-typeset-body ids-typeset-body--preset-large link paragraph ids-paragraph ids-paragraph--default\">Mog\u0105cy lata\u0107 nad Suwa\u0142kami MQ-9 Reaper to bezza\u0142ogowiec klasy MALE (Medium Altitude Long Endurance), potrafi\u0105cy operowa\u0107 przez d\u0142u\u017cszy czas na \u015brednim pu\u0142apie. Wed\u0142ug producenta, firmy General Atomics, mo\u017ce sp\u0119dzi\u0107 w powietrzu 27 godzin. Przykuwa uwag\u0119 swoimi rozmiarami, gdy\u017c jest wielko\u015bci ma\u0142ego samolotu, maj\u0105c rozpi\u0119to\u015b\u0107 skrzyde\u0142 a\u017c 20 metr\u00f3w.<\/p>\n<p class=\"typography ids-typeset-body ids-typeset-body--preset-large link paragraph ids-paragraph ids-paragraph--default\">Silnik turbo\u015bmig\u0142owy Honeywell TPE331-10 pozwala rozp\u0119dzi\u0107 Reapera do pr\u0119dko\u015bci 440 km\\h przy maksymalnym pu\u0142apie 15 kilometr\u00f3w. Bezza\u0142ogowiec ma zasi\u0119g do 1850 kilometr\u00f3w. Jego najwa\u017cniejsz\u0105 cech\u0105 jest ud\u017awig a\u017c 1360 kilogram\u00f3w, dzi\u0119ki czemu mo\u017ce zabra\u0107 r\u00f3\u017cny sprz\u0119t, w zale\u017cno\u015bci od wykonywanej misji. Mo\u017ce wykorzysta\u0107 doczepione systemy elektroniczne jak radar Lynx II, sensory czy projektory laserowe, albo ci\u0119\u017ck\u0105 bro\u0144 jak pociski kierowane powietrze-ziemia AGM-114 Hellfire czy sterowane laserowo bomby GBU-12.<\/p>\n<ul class=\"typography ids-typeset-body ids-typeset-body--preset-small list--article-list ids-list ids-list--unordered ids-list--size-small \" datatype=\"disc\">\n<li class=\"ids-list-item ids-list-item__content brief-list-item\"><a class=\"ids-undecorated-link link ids-link \" data-spons=\"false\" href=\"https:\/\/geekweek.interia.pl\/militaria\/news-buduja-pierwszy-mobilny-meg-ochrona-zolnierzy-w-czasie-rzecz,nId,22463319\" rel=\"nofollow noopener\" target=\"_blank\">Buduj\u0105 pierwszy mobilny MEG. Ochrona \u017co\u0142nierzy w czasie rzeczywistym<\/a><\/li>\n<\/ul>\n<p>Wioska czarownic w Andaluzji. Tradycja si\u0119ga mrocznych czas\u00f3w\u00a9 2025 Associated Press<\/p>\n<p><a class=\"ids-undecorated-link source ids-page-info--source__link\" href=\"https:\/\/www.interia.pl\" rel=\"nofollow noopener\" target=\"_blank\"><img decoding=\"async\" class=\"ids-image-holder__img\" loading=\"lazy\" alt=\"\" title=\"\" height=\"24px\" src=\"https:\/\/www.europesays.com\/pl\/wp-content\/uploads\/2025\/12\/1765115054_874_0009A60QQ5I2TYF7-C202-F4.webp.webp\"\/><\/a><\/p>\n<p>Masz sugestie, uwagi albo widzisz b\u0142\u0105d? Napisz do nas<\/p>\n<p>Zapisz si\u0119 na geekweekowy newsletter i \u0142ap naj\u015bwie\u017csze newsy ze \u015bwiata tech, lifehacki, porady i ciekawostki.<\/p>\n","protected":false},"excerpt":{"rendered":"Nieznany statek powietrzny nad Polsk\u0105. To mo\u017ce by\u0107 sprawka pa\u0144stwa NATO Niezidentyfikowany statek wylecia\u0142 z teren\u00f3w Rumunii i&hellip;\n","protected":false},"author":2,"featured_media":140167,"comment_status":"","ping_status":"","sticky":false,"template":"","format":"standard","meta":{"footnotes":""},"categories":[14],"tags":[32,33,27,34,35,28,31,25,40,41,80,29,30,26,82,83,84],"class_list":{"0":"post-140166","1":"post","2":"type-post","3":"status-publish","4":"format-standard","5":"has-post-thumbnail","7":"category-swiat","8":"tag-breaking-news","9":"tag-breakingnews","10":"tag-headlines","11":"tag-latest-news","12":"tag-latestnews","13":"tag-naglowki","14":"tag-najwazniejsze-artykuly","15":"tag-news","16":"tag-polish","17":"tag-polski","18":"tag-swiat","19":"tag-top-stories","20":"tag-topstories","21":"tag-wiadomosci","22":"tag-world","23":"tag-world-news","24":"tag-worldnews"},"share_on_mastodon":{"url":"https:\/\/pubeurope.com\/@pl\/115686503221459097","error":""},"_links":{"self":[{"href":"https:\/\/www.europesays.com\/pl\/wp-json\/wp\/v2\/posts\/140166","targetHints":{"allow":["GET"]}}],"collection":[{"href":"https:\/\/www.europesays.com\/pl\/wp-json\/wp\/v2\/posts"}],"about":[{"href":"https:\/\/www.europesays.com\/pl\/wp-json\/wp\/v2\/types\/post"}],"author":[{"embeddable":true,"href":"https:\/\/www.europesays.com\/pl\/wp-json\/wp\/v2\/users\/2"}],"replies":[{"embeddable":true,"href":"https:\/\/www.europesays.com\/pl\/wp-json\/wp\/v2\/comments?post=140166"}],"version-history":[{"count":0,"href":"https:\/\/www.europesays.com\/pl\/wp-json\/wp\/v2\/posts\/140166\/revisions"}],"wp:featuredmedia":[{"embeddable":true,"href":"https:\/\/www.europesays.com\/pl\/wp-json\/wp\/v2\/media\/140167"}],"wp:attachment":[{"href":"https:\/\/www.europesays.com\/pl\/wp-json\/wp\/v2\/media?parent=140166"}],"wp:term":[{"taxonomy":"category","embeddable":true,"href":"https:\/\/www.europesays.com\/pl\/wp-json\/wp\/v2\/categories?post=140166"},{"taxonomy":"post_tag","embeddable":true,"href":"https:\/\/www.europesays.com\/pl\/wp-json\/wp\/v2\/tags?post=140166"}],"curies":[{"name":"wp","href":"https:\/\/api.w.org\/{rel}","templated":true}]}}