{"id":140172,"date":"2025-12-08T23:20:10","date_gmt":"2025-12-08T23:20:10","guid":{"rendered":"https:\/\/www.europesays.com\/pl\/140172\/"},"modified":"2025-12-08T23:20:10","modified_gmt":"2025-12-08T23:20:10","slug":"rekord-ekstraklasy-pobity-historyczna-wycena-pilkarza","status":"publish","type":"post","link":"https:\/\/www.europesays.com\/pl\/140172\/","title":{"rendered":"Rekord Ekstraklasy pobity. Historyczna wycena pi\u0142karza"},"content":{"rendered":"\n<p class=\"contentpart contentpart--default contentpart--text\" data-position=\"0\">Wspomniany serwis oszacowa\u0142, \u017ce warto\u015b\u0107\u00a0<a href=\"https:\/\/sportowefakty.wp.pl\/pilka-nozna\/oskar-pietuszewski\" rel=\"nofollow noopener\" target=\"_blank\">Oskara Pietuszewskiego<\/a>\u00a0wzros\u0142a z 8 do 12 mln euro. To rekordowa wycena w historii <a href=\"https:\/\/sportowefakty.wp.pl\/pilka-nozna\/pko-ekstraklasa\" rel=\"nofollow noopener\" target=\"_blank\">PKO Ekstraklasy<\/a>. Poprzedni rekord wynosi\u0142 10 mln, a nale\u017ca\u0142 do Jakuba Kami\u0144skiego i Kacpra Koz\u0142owskiego.<\/p>\n<p class=\"contentpart contentpart--default contentpart--text\" data-position=\"1\">Drugie miejsce w najnowszym zestawieniu zajmuje Adrian Przyborek (7 mln), a trzecie Jonatan Braut Brunes (6 mln). Dw\u00f3ch pi\u0142karzy wyceniono natomiast na 5 mln. S\u0105 to Tomas Bobcek i Marcel Regu\u0142a.<\/p>\n<p> <img role=\"presentation\" src=\"https:\/\/std.wpcdn.pl\/images\/adv\/placeholder_wp.svg\" loading=\"lazy\" alt=\"\" decoding=\"async\"\/>  <\/p>\n<p class=\"contentpart contentpart--default contentpart--text\" data-position=\"2\">ZOBACZ WIDEO: &#8222;Spr\u00f3bujcie go powstrzyma\u0107&#8221;. Z pi\u0142k\u0105 wyczynia cuda<\/p>\n<p class=\"contentpart contentpart--default contentpart--text\" data-position=\"4\">Spad\u0142y za to notowania kilku pi\u0142karzy Legii Warszawa i taki stan rzeczy wp\u0142yn\u0105\u0142 na to, \u017ce &#8222;Wojskowi&#8221; zajmuj\u0105 dopiero 4. miejsce pod wzgl\u0119dem \u0142\u0105cznej warto\u015bci kadry zespo\u0142u (35,28 mln).<\/p>\n<p class=\"contentpart contentpart--default contentpart--text\" data-position=\"5\">Pierwsza pozycja w tej klasyfikacji jest udzia\u0142em <a href=\"https:\/\/sportowefakty.wp.pl\/pilka-nozna\/jagiellonia-bialystok\" rel=\"nofollow noopener\" target=\"_blank\">Jagiellonii Bia\u0142ystok<\/a>\u00a0(43,20 mln), drugi jest Lech Pozna\u0144 (41,95 mln), a trzeci Rak\u00f3w Cz\u0119stochowa (40,90 mln).<\/p>\n<p class=\"contentpart contentpart--default contentpart--text\" data-position=\"6\">Pietuszewski w trwaj\u0105cym sezonie rozegra\u0142 28 mecz\u00f3w, w kt\u00f3rych zdoby\u0142 trzy bramki i zaliczy\u0142 dwie asysty. Aktualny kontrakt 17-latka z Jagielloni\u0105 obowi\u0105zuje do 30 czerwca 2027 roku.<\/p>\n","protected":false},"excerpt":{"rendered":"Wspomniany serwis oszacowa\u0142, \u017ce warto\u015b\u0107\u00a0Oskara Pietuszewskiego\u00a0wzros\u0142a z 8 do 12 mln euro. To rekordowa wycena w historii PKO&hellip;\n","protected":false},"author":2,"featured_media":140173,"comment_status":"","ping_status":"","sticky":false,"template":"","format":"standard","meta":{"footnotes":""},"categories":[24],"tags":[25492,2615,28731,3548,2308,17010,7575,269,1724,42,1111,38,40,39,41,2369,127,126,21363],"class_list":{"0":"post-140172","1":"post","2":"type-post","3":"status-publish","4":"format-standard","5":"has-post-thumbnail","7":"category-sport","8":"tag-adrian-przyborek","9":"tag-jagiellonia-bialystok","10":"tag-jonatan-braut-brunes","11":"tag-kghm-zaglebie-lubin","12":"tag-lechia-gdansk","13":"tag-marcel-regula","14":"tag-oskar-pietuszewski","15":"tag-pilka-nozna","16":"tag-pko-ekstraklasa","17":"tag-pl","18":"tag-pogon-szczecin","19":"tag-poland","20":"tag-polish","21":"tag-polska","22":"tag-polski","23":"tag-rakow-czestochowa","24":"tag-sport","25":"tag-sports","26":"tag-tomas-bobcek"},"share_on_mastodon":{"url":"https:\/\/pubeurope.com\/@pl\/115686515073079044","error":""},"_links":{"self":[{"href":"https:\/\/www.europesays.com\/pl\/wp-json\/wp\/v2\/posts\/140172","targetHints":{"allow":["GET"]}}],"collection":[{"href":"https:\/\/www.europesays.com\/pl\/wp-json\/wp\/v2\/posts"}],"about":[{"href":"https:\/\/www.europesays.com\/pl\/wp-json\/wp\/v2\/types\/post"}],"author":[{"embeddable":true,"href":"https:\/\/www.europesays.com\/pl\/wp-json\/wp\/v2\/users\/2"}],"replies":[{"embeddable":true,"href":"https:\/\/www.europesays.com\/pl\/wp-json\/wp\/v2\/comments?post=140172"}],"version-history":[{"count":0,"href":"https:\/\/www.europesays.com\/pl\/wp-json\/wp\/v2\/posts\/140172\/revisions"}],"wp:featuredmedia":[{"embeddable":true,"href":"https:\/\/www.europesays.com\/pl\/wp-json\/wp\/v2\/media\/140173"}],"wp:attachment":[{"href":"https:\/\/www.europesays.com\/pl\/wp-json\/wp\/v2\/media?parent=140172"}],"wp:term":[{"taxonomy":"category","embeddable":true,"href":"https:\/\/www.europesays.com\/pl\/wp-json\/wp\/v2\/categories?post=140172"},{"taxonomy":"post_tag","embeddable":true,"href":"https:\/\/www.europesays.com\/pl\/wp-json\/wp\/v2\/tags?post=140172"}],"curies":[{"name":"wp","href":"https:\/\/api.w.org\/{rel}","templated":true}]}}