{"id":140234,"date":"2025-12-09T00:31:34","date_gmt":"2025-12-09T00:31:34","guid":{"rendered":"https:\/\/www.europesays.com\/pl\/140234\/"},"modified":"2025-12-09T00:31:34","modified_gmt":"2025-12-09T00:31:34","slug":"maryla-rodowicz-od-lat-zachwyca-uroda-tak-wygladala-na-poczatku-kariery-galeria","status":"publish","type":"post","link":"https:\/\/www.europesays.com\/pl\/140234\/","title":{"rendered":"Maryla Rodowicz od lat zachwyca urod\u0105. Tak wygl\u0105da\u0142a na pocz\u0105tku kariery [GALERIA]"},"content":{"rendered":"<p>        <a href=\"https:\/\/www.onet.pl\/\" title=\"Strona G\u0142\u00f3wna Onet\" aria-label=\"Strona G\u0142\u00f3wna Onet\" data-astro-prefetch=\"tap\" class=\"ods-a-logo-main ods-o-header__logo-main\" rel=\"nofollow noopener\" target=\"_blank\"><img src=\"https:\/\/cdn.plejada.pl\/img\/logo_Onet.svg\" class=\"ods-a-logo-main__image\" alt=\"Logo\" width=\"126\" height=\"61\" fetchpriority=\"high\" decoding=\"sync\"\/><\/a><a href=\"https:\/\/plejada.pl\/\" title=\"Strona g\u0142\u00f3wna serwisu\" aria-label=\"Strona g\u0142\u00f3wna serwisu\" class=\"ods-a-logo-brand\" rel=\"nofollow noopener\" target=\"_blank\"><img src=\"https:\/\/cdn.plejada.pl\/img\/logo_service.svg?cache=1\" class=\"ods-a-logo-brand__image\" alt=\"Logo serwisu\" width=\"66\" height=\"60\" fetchpriority=\"high\" decoding=\"sync\"\/><\/a>             <a href=\"https:\/\/plejada.pl\/\" class=\"ods-a-link--breadcrumb ods-a-link--breadcrumb--light\" rel=\"nofollow noopener\" target=\"_blank\"><\/a><a href=\"https:\/\/plejada.pl\/newsy\" class=\"ods-a-link--breadcrumb ods-a-link--breadcrumb--light\" rel=\"nofollow noopener\" target=\"_blank\"> Newsy <\/a> Maryla Rodowicz od lat zachwyca urod\u0105. Tak wygl\u0105da\u0142a na pocz\u0105tku kariery [GALERIA]    <\/p>\n<p class=\"ods-a-lead-text\">Maryla Rodowicz 8 grudnia sko\u0144czy\u0142a 80 lat. Autorka ponadczasowych przeboj\u00f3w, takich jak &#8222;Ma\u0142go\u015bka&#8221;, &#8222;Niech \u017cyje bal&#8221; czy &#8222;\u0141atwopalni&#8221;, od ponad 60 lat nie schodzi z piedesta\u0142u popularno\u015bci. Jednak zanim sta\u0142a si\u0119 ikon\u0105, kt\u00f3ra podbi\u0142a serca milion\u00f3w, zachwyca\u0142a nie tylko talentem, ale i urod\u0105. Zobaczcie, jak wygl\u0105da\u0142a na pocz\u0105tku swojej kariery!<\/p>\n<p>      <img loading=\"lazy\" class=\"ods-a-photo ods-a-photo--background\" src=\"https:\/\/www.europesays.com\/pl\/wp-content\/uploads\/2025\/12\/SQxk9lBaHR0cHM6Ly9vY2RuLmV1L3B1bHNjbXMvTURBXy9mNTEzYzM1ODQ1NzhjMGUyY2ViNTMwZDNjNjdiYTBiYy5qcGeSlQMAA.jpeg\"   height=\"490\" width=\"870\" alt=\"Maryla Rodowicz, na zdj\u0119ciu w miniaturce: screen z dokumentu &quot;Maryla. Tak kocha\u0142am&quot;\" fetchpriority=\"auto\" decoding=\"auto\"\/>   <\/p>\n<p>Andras Szilagyi, vod.tvp.pl \/ MW Media<\/p>\n<p>  Maryla Rodowicz, na zdj\u0119ciu w miniaturce: screen z dokumentu &#8222;Maryla. Tak kocha\u0142am&#8221;  <\/p>\n<p class=\"ods-c-paragraph \">Kariera <a href=\"https:\/\/plejada.pl\/maryla-rodowicz-artystka\" id=\"7dee0baa-30cf-4db8-a4a1-4cb826c22587\" rel=\"nofollow noopener\" target=\"_blank\">Maryli Rodowicz<\/a> rozpocz\u0119\u0142a si\u0119 na I Festiwalu M\u0142odych Talent\u00f3w w Szczecinie. Od tamtej pory artystka nieustannie zaskakuje i inspiruje. Jej dorobek to nie tylko niezapomniane utwory, takie jak &#8222;Ballada wagonowa&#8221; czy &#8222;Sing-Sing&#8221;, ale tak\u017ce wyst\u0119py w produkcjach filmowych. Przez kilka lat wciela\u0142a si\u0119 w posta\u0107 Uli w popularnym serialu &#8222;Rodzina zast\u0119pcza&#8221;, w tak\u017ce by\u0142a trenerk\u0105 w <a href=\"https:\/\/plejada.pl\/the-voice-senior\" id=\"a60f670f-d322-4958-9acb-6b3f150e9b7d\" rel=\"nofollow noopener\" target=\"_blank\">&#8222;The Voice Senior&#8221;<\/a> (3-5 edycja).<\/p>\n<p> Ile lat sko\u0144czy\u0142a Maryla Rodowicz? <\/p>\n<p> Jakie przebojowe utwory stworzy\u0142a Maryla Rodowicz? <\/p>\n<p> W jakich produkcjach filmowych wyst\u0119powa\u0142a Maryla Rodowicz? <\/p>\n<p> Kiedy rozpocz\u0119\u0142a swoj\u0105 karier\u0119 Maryla Rodowicz? <\/p>\n<p class=\"ods-c-paragraph \">Artystka od zawsze zachwyca\u0142a nie tylko urod\u0105, ale r\u00f3wnie\u017c oryginalnym wizerunkiem. Zobaczcie, jak Maryla Rodowicz wygl\u0105da\u0142a na pocz\u0105tku swojej kariery!<\/p>\n<p>Maryla Rodowicz ko\u0144czy 80 lat. Jej zdj\u0119cia z m\u0142odo\u015bci\u0105 robi\u0105 furor\u0119 Galeria zdj\u0119\u0107    1\/11  Screen z dokumentu &#8222;Maryla. Tak kocha\u0142am&#8221;    <img src=\"https:\/\/www.europesays.com\/pl\/wp-content\/uploads\/2025\/12\/s6Dk9lBaHR0cHM6Ly9vY2RuLmV1L3B1bHNjbXMvTURBXy82ZWY5ZWFhYjkwNGQ4NjRjMzkxMGM3ODNjMzJmZDI2MC5qcGeRlQLNB.jpeg\" height=\"529\" width=\"940\" alt=\"Screen z dokumentu &quot;Maryla. Tak kocha\u0142am&quot;\" loading=\"lazy\" decoding=\"async\" class=\"ods-c-image__img ods-c-image__img--placeholder\"\/>     1\/11   <\/p>\n<p>vod.tvp.pl \/ Matria\u0142y &#8222;Na prawach cytatu&#8221;<\/p>\n<p class=\"ods-c-gallery__item__description\">Maryla Rodowicz od zawsze by\u0142a postaci\u0105, kt\u00f3rej nie spos\u00f3b pomyli\u0107 z kimkolwiek innym. Na rynek muzyczny szturmem wtargn\u0119\u0142a swoim przebojem &#8222;Jad\u0105 wozy kolorowe&#8221;, kt\u00f3ry do dzi\u015b \u015bpiewaj\u0105 wszystkie pokolenia.<\/p>\n<p>    2\/11  Maryla Rodowicz, Urszula Sipi\u0144ska, Danuta Rinn (1974)    <img src=\"https:\/\/www.europesays.com\/pl\/wp-content\/uploads\/2025\/12\/BlAk9lBaHR0cHM6Ly9vY2RuLmV1L3B1bHNjbXMvTURBXy8yY2UzMzhiZmNkNTY0ODc2YTMzNTljMmJhOWU1NWI1Ny5qcGeRlQLNA.jpeg\" height=\"529\" width=\"940\" alt=\"Maryla Rodowicz, Urszula Sipi\u0144ska, Danuta Rinn (1974)\" loading=\"lazy\" decoding=\"async\" class=\"ods-c-image__img ods-c-image__img--placeholder\"\/>     2\/11   <\/p>\n<p>Narodowe Archiwum Cyfrowe<\/p>\n<p class=\"ods-c-gallery__item__description\">Artystka przez lata by\u0142a zwi\u0105zana z Krajowym Festiwalem Piosenki Polskiej w Opolu, gdzie wykonywa\u0142a najwi\u0119ksze swoje przeboje. Na zdj\u0119ciu artystka pozuje z Danut\u0105 Rinn i Urszul\u0105 Sipi\u0144sk\u0105 podczas przyznania nagrody &#8222;Miss Obiektywu&#8221; Danucie Rinn na XII Krajowym Festiwalu Piosenki Polskiej w Opolu.<\/p>\n<p>       3\/11  Maryla Rodowicz, Danuta Rinn (1974)    <img src=\"https:\/\/www.europesays.com\/pl\/wp-content\/uploads\/2025\/12\/4dCk9lBaHR0cHM6Ly9vY2RuLmV1L3B1bHNjbXMvTURBXy8zMjdmZTA4NTMzMmU3YWRiZjZkZDViOWViNzE2ZTc2Ni5qcGeRlQLNA.jpeg\" height=\"529\" width=\"940\" alt=\"Maryla Rodowicz, Danuta Rinn (1974)\" loading=\"lazy\" decoding=\"async\" class=\"ods-c-image__img ods-c-image__img--placeholder\"\/>     3\/11   <\/p>\n<p>Narodowe Archiwum Cyfrowe<\/p>\n<p class=\"ods-c-gallery__item__description\">Stroje Rodowicz \u2013 odwa\u017cne, kolorowe i pe\u0142ne fantazji \u2013 sta\u0142y si\u0119 jej znakiem rozpoznawczym. Sama artystka do dzi\u015b okre\u015bla sw\u00f3j wizerunek jako &#8222;oryginalny&#8221; i trudno si\u0119 z ni\u0105 nie zgodzi\u0107. <\/p>\n<p>    4\/11  Maryla Rodowicz (1980-1992)    <img src=\"https:\/\/www.europesays.com\/pl\/wp-content\/uploads\/2025\/12\/5AEk9lBaHR0cHM6Ly9vY2RuLmV1L3B1bHNjbXMvTURBXy9iZjQwNDIwYjQzNDRhNDc5NTkwZTA3OWU1YjE1ZDQ4NC5qcGeRlQLNA.jpeg\" height=\"529\" width=\"940\" alt=\"Maryla Rodowicz (1980-1992)\" loading=\"lazy\" decoding=\"async\" class=\"ods-c-image__img ods-c-image__img--placeholder\"\/>     4\/11   <\/p>\n<p>Narodowe Archiwum Cyfrowe<\/p>\n<p class=\"ods-c-gallery__item__description\">W czasach, gdy moda cz\u0119sto narzuca\u0142a schematy, Rodowicz konsekwentnie podkre\u015bla\u0142a swoj\u0105 indywidualno\u015b\u0107, co pozwoli\u0142o jej wyr\u00f3\u017cni\u0107 si\u0119 na tle innych artyst\u00f3w.<\/p>\n<p>       5\/11  Maryla Rodowicz (1980-1992)    <img src=\"https:\/\/www.europesays.com\/pl\/wp-content\/uploads\/2025\/12\/OS_k9lBaHR0cHM6Ly9vY2RuLmV1L3B1bHNjbXMvTURBXy84M2ZhMTA5ZGM1MWI4ZTQwODFkM2JkNmRlOTE2MjI0My5qcGeRlQLNA.jpeg\" height=\"529\" width=\"940\" alt=\"Maryla Rodowicz (1980-1992)\" loading=\"lazy\" decoding=\"async\" class=\"ods-c-image__img ods-c-image__img--placeholder\"\/>     5\/11   <\/p>\n<p>Narodowe Archiwum Cyfrowe<\/p>\n<p class=\"ods-c-gallery__item__description\">8 grudnia artystka sko\u0144czy\u0142a 80 lat. Mimo up\u0142ywu lat wci\u0105\u017c zachwyca \u2013 nie tylko g\u0142osem, ale i niegasn\u0105c\u0105 energi\u0105. <\/p>\n<p>    6\/11  Maryla Rodowicz (1995)    <img src=\"https:\/\/www.europesays.com\/pl\/wp-content\/uploads\/2025\/12\/-Tok9lBaHR0cHM6Ly9vY2RuLmV1L3B1bHNjbXMvTURBXy8xMjI0NTk5ZDM5YzU5YmUwNDlmYThkYjNkZmEzYjRlNS5qcGeRlQLNB.jpeg\" height=\"651\" width=\"940\" alt=\"Maryla Rodowicz (1995)\" loading=\"lazy\" decoding=\"async\" class=\"ods-c-image__img ods-c-image__img--placeholder\"\/>     6\/11   <\/p>\n<p>Narodowe Archiwum Cyfrowe<\/p>\n<p class=\"ods-c-gallery__item__description\">Artystka nie przestaje inspirowa\u0107 i udowadnia, \u017ce prawdziwa pasja nie zna granic czasu. Na zdj\u0119ciu Maryla Rodowicz podczas Festiwalu FAMA w 1995 r.<\/p>\n<p>       7\/11  Maryla Rodowicz (1995)    <img src=\"https:\/\/www.europesays.com\/pl\/wp-content\/uploads\/2025\/12\/tZ4k9lBaHR0cHM6Ly9vY2RuLmV1L3B1bHNjbXMvTURBXy8wOTliNWJiYzIyNGExNWRjMWNkMDE1YWNhMjVkNzM2YS5qcGeRlQLNB.jpeg\" height=\"651\" width=\"940\" alt=\"Maryla Rodowicz (1995)\" loading=\"lazy\" decoding=\"async\" class=\"ods-c-image__img ods-c-image__img--placeholder\"\/>     7\/11   <\/p>\n<p>Narodowe Archiwum Cyfrowe<\/p>\n<p class=\"ods-c-gallery__item__description\">Maryla Rodowicz do dzi\u015b pozostaje jedn\u0105 z najwi\u0119kszych gwiazd polskiej estrady. Wie\u015bci dotycz\u0105ce jej kariery i \u017cycia osobistego nieustaj\u0105co elektryzuj\u0105 media. <\/p>\n<p>    8\/11  Maryla Rodowicz (1995)    <img src=\"https:\/\/www.europesays.com\/pl\/wp-content\/uploads\/2025\/12\/tr8k9lBaHR0cHM6Ly9vY2RuLmV1L3B1bHNjbXMvTURBXy9hNTgzMDI3ZjRmYzU5M2JhMGVhYTc5ODgzMTEyMDMyZi5qcGeRlQLNB.jpeg\" height=\"651\" width=\"940\" alt=\"Maryla Rodowicz (1995)\" loading=\"lazy\" decoding=\"async\" class=\"ods-c-image__img ods-c-image__img--placeholder\"\/>     8\/11   <\/p>\n<p>Narodowe Archiwum Cyfrowe<\/p>\n<p class=\"ods-c-gallery__item__description\">Ona sama pozostaje wci\u0105\u017c aktywna, ch\u0119tnie udzielaj\u0105c wywiad\u00f3w czy wyst\u0119puj\u0105c w licznych programach telewizyjnych. Niebawem artystka pojawi si\u0119 podczas <a href=\"https:\/\/plejada.pl\/newsy\/maryla-rodowicz-wraca-na-sylwestra-do-tvp-artysta-gra-tam-gdzie-go-zapraszaja\/2yn9z8x\" rel=\"nofollow noopener\" target=\"_blank\">&#8222;Sylwestra z Dw\u00f3jk\u0105&#8221; w Katowicach<\/a>.<\/p>\n<p>       9\/11  Screen z dokumentu &#8222;Maryla. Tak kocha\u0142am&#8221;    <img src=\"https:\/\/www.europesays.com\/pl\/wp-content\/uploads\/2025\/12\/20zk9lBaHR0cHM6Ly9vY2RuLmV1L3B1bHNjbXMvTURBXy8yY2ZiZjYwYWExNjQ1ZjQ5MWNhYjBkYzA3MmU1ZmJiMS5qcGeRlQLNB.jpeg\" height=\"529\" width=\"940\" alt=\"Screen z dokumentu &quot;Maryla. Tak kocha\u0142am&quot;\" loading=\"lazy\" decoding=\"async\" class=\"ods-c-image__img ods-c-image__img--placeholder\"\/>     9\/11   <\/p>\n<p>vod.tvp.pl \/ Matria\u0142y &#8222;Na prawach cytatu&#8221;<\/p>\n<p class=\"ods-c-gallery__item__description\">W 2021 r. premier\u0119 mia\u0142 dokument po\u015bwi\u0119cony barwnemu \u017cyciu Maryli Rodowicz &#8211; &#8222;Maryla. Tak kocha\u0142am&#8221;. Film, kt\u00f3ry wzbudzi\u0142 ogromne zainteresowanie, pozwala widzom zajrze\u0107 za kulisy jej kariery, ale tak\u017ce \u017cycia prywatnego.<\/p>\n<p>    10\/11  Screen z dokumentu &#8222;Maryla. Tak kocha\u0142am&#8221;    <img src=\"https:\/\/www.europesays.com\/pl\/wp-content\/uploads\/2025\/12\/_e2k9lBaHR0cHM6Ly9vY2RuLmV1L3B1bHNjbXMvTURBXy85NTJmODY3YThkOTUwNmFjNWQ5MDNiZjE0YWU1MjUwNS5qcGeRlQLNB.jpeg\" height=\"529\" width=\"940\" alt=\"Screen z dokumentu &quot;Maryla. Tak kocha\u0142am&quot;\" loading=\"lazy\" decoding=\"async\" class=\"ods-c-image__img ods-c-image__img--placeholder\"\/>     10\/11   <\/p>\n<p>vod.tvp.pl \/ Matria\u0142y &#8222;Na prawach cytatu&#8221;<\/p>\n<p class=\"ods-c-gallery__item__description\">To w\u0142a\u015bnie tam mo\u017cna zobaczy\u0107 archiwalne zdj\u0119cia i nagrania, kt\u00f3re przypominaj\u0105, jak wielk\u0105 osobowo\u015bci\u0105 jest Maryla Rodowicz i jaki wk\u0142ad mia\u0142a w rozw\u00f3j polskiej muzyki. Nie bez powodu od lat nosi tytu\u0142 &#8222;kr\u00f3lowej polskiej piosenki&#8221;. <\/p>\n<p>       11\/11  Screen z dokumentu &#8222;Maryla. Tak kocha\u0142am&#8221;    <img src=\"https:\/\/www.europesays.com\/pl\/wp-content\/uploads\/2025\/12\/wSlk9lBaHR0cHM6Ly9vY2RuLmV1L3B1bHNjbXMvTURBXy82NzdjZjg1MGU3NzI4ZmM3M2JiODVkN2U2MDYzMjA0Ni5qcGeRlQLNB.jpeg\" height=\"529\" width=\"940\" alt=\"Screen z dokumentu &quot;Maryla. Tak kocha\u0142am&quot;\" loading=\"lazy\" decoding=\"async\" class=\"ods-c-image__img ods-c-image__img--placeholder\"\/>     11\/11   <\/p>\n<p>vod.tvp.pl \/ Matria\u0142y &#8222;Na prawach cytatu&#8221;<\/p>\n<p>Dzi\u0119kujemy, \u017ce przeczyta\u0142a\u015b\/e\u015b nasz artyku\u0142 do ko\u0144ca. W serwisie Plejada.pl ka\u017cdego dnia piszemy o najwa\u017cniejszych wydarzeniach show-biznesowych. B\u0105d\u017a na bie\u017c\u0105co i obserwuj Plejad\u0119 w <a href=\"http:\/\/news.google.com\/publications\/CAAiEF0PeAlb7W1llpV_mwV2rL4qFAgKIhBdD3gJW-1tZZaVf5sFdqy-?hl=pl&amp;gl=PL&amp;ceid=PL%3Apl\" rel=\"nofollow noopener\" target=\"_blank\">Wiadomo\u015bciach Google<\/a>. Odwied\u017a nas tak\u017ce na <a href=\"http:\/\/facebook.com\/plejadapl\" rel=\"nofollow noopener\" target=\"_blank\">Facebooku<\/a> , <a href=\"http:\/\/instagram.com\/plejadapl\/\" rel=\"nofollow noopener\" target=\"_blank\">Instagramie<\/a>, <a href=\"http:\/\/youtube.com\/c\/plejada\" rel=\"nofollow noopener\" target=\"_blank\">YouTubie<\/a> i <a href=\"http:\/\/tiktok.com\/@plejada_pl\" rel=\"nofollow noopener\" target=\"_blank\">TikToku<\/a>. <\/p>\n<p>Chcesz podzieli\u0107 si\u0119 ciekawym newsem lub zaproponowa\u0107 temat? Skontaktuj si\u0119 z nami, pisz\u0105c maila na adres: plejada@redakcjaonet.pl.<\/p>\n<p>                 <img loading=\"lazy\" decoding=\"async\" src=\"https:\/\/www.europesays.com\/pl\/wp-content\/uploads\/2025\/12\/3pUk9lBaHR0cHM6Ly9vY2RuLmV1L3B1bHNjbXMvTURBXy83MDMxZWQ5MzdkYTIxMmU5MWUzNzdmZDAzN2VkOTYwYi5qcGeRkwXMt.jpeg\" height=\"90\" width=\"90\" alt=\"Autor Kamil Fr\u0105tczak\" class=\"ods-a-author-avatar__single__img\"\/>            MATERIA\u0141 PROMOCYJNY <a href=\"\" class=\"ods-o-card__link\" data-lps-url=\"\" data-uuid-ui=\"\" data-astro-prefetch=\"tap\">  <img class=\"ods-a-photo ods-a-photo--background\" loading=\"lazy\" fetchpriority=\"auto\" decoding=\"async\"\/>     <\/a>                                     Przeczytaj skr\u00f3t artyku\u0142u     <\/p>\n<p>  Poznaj funkcje AI   <\/p>\n<p>    <img src=\"https:\/\/www.europesays.com\/pl\/wp-content\/uploads\/2025\/11\/XPek9kuaHR0cHM6Ly9jZG4ucGxlamFkYS5wbC9pbWcvb25ldGNoYXQvYWliYWxsLnBuZ5GTBWBg3gACoTAHoTEE.png\" class=\"ods-m-onetchat-fab-menu__ball-image\" alt=\"AI assistant icon for Onet Chat\" fetchpriority=\"low\" decoding=\"async\" width=\"48\" height=\"48\" loading=\"lazy\"\/>      <\/p>\n<p class=\"ods-c-modal-premium__title\">\nTo jest materia\u0142<br \/>\nPremium <\/p>\n<p class=\"ods-c-modal-premium__subtitle\">\nDo\u0142\u0105cz\u00a0do\u00a0Premium<br \/>\n                i\u00a0odblokuj\u00a0wszystkie\u00a0funkcje<br \/>\n                dla\u00a0materia\u0142\u00f3w\u00a0Premium:\n<\/p>\n<p class=\"ods-c-modal-premium__subtitle\"> \u2713<br \/>\nczytaj<br \/>\n\u2713<br \/>\ns\u0142uchaj<br \/>\n\u2713<br \/>\nskracaj\n<\/p>\n<p>  <a href=\"#\" class=\"ods-c-modal-premium__button\">Do\u0142\u0105cz do premium<\/a>                <script async src=\"\/\/www.instagram.com\/embed.js\"><\/script><script async src=\"\/\/www.tiktok.com\/embed.js\"><\/script><\/p>\n","protected":false},"excerpt":{"rendered":"Newsy Maryla Rodowicz od lat zachwyca urod\u0105. Tak wygl\u0105da\u0142a na pocz\u0105tku kariery [GALERIA] Maryla Rodowicz 8 grudnia sko\u0144czy\u0142a&hellip;\n","protected":false},"author":2,"featured_media":140235,"comment_status":"","ping_status":"","sticky":false,"template":"","format":"standard","meta":{"footnotes":""},"categories":[22],"tags":[122,22264,1252,48,125,46,42,38,40,39,41,25865,123,47,1323],"class_list":{"0":"post-140234","1":"post","2":"type-post","3":"status-publish","4":"format-standard","5":"has-post-thumbnail","7":"category-rozrywka","8":"tag-entertainment","9":"tag-maryla_rodowicz","10":"tag-muzyka","11":"tag-nat_styl","12":"tag-newsy","13":"tag-omp","14":"tag-pl","15":"tag-poland","16":"tag-polish","17":"tag-polska","18":"tag-polski","19":"tag-rebrand_ai_tst0","20":"tag-rozrywka","21":"tag-screening_general","22":"tag-uroda"},"share_on_mastodon":{"url":"https:\/\/pubeurope.com\/@pl\/115686794636768338","error":""},"_links":{"self":[{"href":"https:\/\/www.europesays.com\/pl\/wp-json\/wp\/v2\/posts\/140234","targetHints":{"allow":["GET"]}}],"collection":[{"href":"https:\/\/www.europesays.com\/pl\/wp-json\/wp\/v2\/posts"}],"about":[{"href":"https:\/\/www.europesays.com\/pl\/wp-json\/wp\/v2\/types\/post"}],"author":[{"embeddable":true,"href":"https:\/\/www.europesays.com\/pl\/wp-json\/wp\/v2\/users\/2"}],"replies":[{"embeddable":true,"href":"https:\/\/www.europesays.com\/pl\/wp-json\/wp\/v2\/comments?post=140234"}],"version-history":[{"count":0,"href":"https:\/\/www.europesays.com\/pl\/wp-json\/wp\/v2\/posts\/140234\/revisions"}],"wp:featuredmedia":[{"embeddable":true,"href":"https:\/\/www.europesays.com\/pl\/wp-json\/wp\/v2\/media\/140235"}],"wp:attachment":[{"href":"https:\/\/www.europesays.com\/pl\/wp-json\/wp\/v2\/media?parent=140234"}],"wp:term":[{"taxonomy":"category","embeddable":true,"href":"https:\/\/www.europesays.com\/pl\/wp-json\/wp\/v2\/categories?post=140234"},{"taxonomy":"post_tag","embeddable":true,"href":"https:\/\/www.europesays.com\/pl\/wp-json\/wp\/v2\/tags?post=140234"}],"curies":[{"name":"wp","href":"https:\/\/api.w.org\/{rel}","templated":true}]}}