{"id":140316,"date":"2025-12-09T03:40:18","date_gmt":"2025-12-09T03:40:18","guid":{"rendered":"https:\/\/www.europesays.com\/pl\/140316\/"},"modified":"2025-12-09T03:40:18","modified_gmt":"2025-12-09T03:40:18","slug":"szczegoly-rozwodu-arkadiusza-janiczka-aktor-nie-traci-nadziei-codziennie-walcze-2","status":"publish","type":"post","link":"https:\/\/www.europesays.com\/pl\/140316\/","title":{"rendered":"Szczeg\u00f3\u0142y rozwodu Arkadiusza Janiczka. Aktor nie traci nadziei: codziennie walcz\u0119"},"content":{"rendered":"<p class=\"Paragraph_desktopParagraph__U31Gm\"><a href=\"https:\/\/plejada.pl\/newsy\/arkadiusz-janiczek-po-dwoch-latach-spotkal-sie-z-corka-zona-stawia-sprawe-jasno\/neh32x0\" id=\"6accf7de-536f-4842-9746-1626a0359a20\" rel=\"nofollow noopener\" target=\"_blank\">Arkadiusz Janiczek<\/a> i jego \u017cona Anna przez lata uchodzili za wzorow\u0105 par\u0119. Ma\u0142\u017ce\u0144stwo z 16-letnim sta\u017cem zawsze by\u0142o postrzegane jako przyk\u0142ad harmonii i rodzinnego szcz\u0119\u015bcia. Jednak dwa lata temu na jaw wysz\u0142o, \u017ce obraz ten by\u0142 daleki od rzeczywisto\u015bci. \u017bona aktora postanowi\u0142a przerwa\u0107 milczenie, ujawniaj\u0105c kulisy ich zwi\u0105zku i sk\u0142adaj\u0105c do s\u0105du papiery rozwodowe.<\/p>\n<ul class=\"OchatFollowUps_wrapper__1ry7X\">\n<li class=\"OchatFollowUps_item__Dhyly OchatFollowUps_itemDesktop__R6aBv\">Jak d\u0142ugo trwa ma\u0142\u017ce\u0144stwo Arkadiusza Janiczka?<\/li>\n<li class=\"OchatFollowUps_item__Dhyly OchatFollowUps_itemDesktop__R6aBv\">Kiedy \u017cona Arkadiusza Janiczka z\u0142o\u017cy\u0142a pozew o rozw\u00f3d?<\/li>\n<li class=\"OchatFollowUps_item__Dhyly OchatFollowUps_itemDesktop__R6aBv\">Jakie s\u0105 powody rozwodu wed\u0142ug Anny Janiczek?<\/li>\n<li class=\"OchatFollowUps_item__Dhyly OchatFollowUps_itemDesktop__R6aBv\">Czy Arkadiusz Janiczek ma zakaz kontakt\u00f3w z c\u00f3rkami?<\/li>\n<\/ul>\n<p>Arkadiusz Janiczek jest po kolejnej rozprawie rozwodowej. &#8222;By\u0142em wzruszony&#8221; <\/p>\n<p class=\"Paragraph_desktopParagraph__U31Gm\">Anna Janiczek w rozmowie z mediami otwarcie przyzna\u0142a, \u017ce ma\u0142\u017ce\u0144stwo z aktorem od dawna nie funkcjonowa\u0142o prawid\u0142owo. &#8222;W sierpniu 2022 r. z\u0142o\u017cy\u0142am pozew o rozw\u00f3d, domagaj\u0105c si\u0119 orzeczenia o winie m\u0119\u017ca oraz jego eksmisji z naszego wsp\u00f3lnego mieszkania&#8221; \u2014 m\u00f3wi\u0142a w rozmowie z Pudelkiem. Jak podkre\u015bla\u0142a, posiada mocne dowody na to, \u017ce problemy w ich relacji wynikaj\u0105 z winy m\u0119\u017ca.<\/p>\n<p class=\"Paragraph_desktopParagraph__U31Gm\">W grudniu 2021 r. sytuacja osi\u0105gn\u0119\u0142a punkt krytyczny. Anna Janiczek by\u0142a zmuszona opu\u015bci\u0107 wsp\u00f3lne mieszkanie wraz z c\u00f3rkami, kt\u00f3re obecnie maj\u0105 16 i 14 lat. &#8222;M\u0105\u017c nie wykaza\u0142 ch\u0119ci zmiany miejsca zamieszkania&#8221; \u2014 t\u0142umaczy\u0142a.<\/p>\n<p class=\"Paragraph_desktopParagraph__U31Gm\">Pierwsza rozprawa rozwodowa odby\u0142a si\u0119 w kwietniu tego roku. Jak donosz\u0105 media, do tej pory przes\u0142uchano \u015bwiadk\u00f3w powo\u0142anych przez Arkadiusza Janiczka, g\u0142\u00f3wnie jego koleg\u00f3w z bran\u017cy filmowej. Jednym z kluczowych element\u00f3w procesu by\u0142o badanie wi\u0119zi aktora z c\u00f3rkami. Jak informowa\u0142o &#8222;\u017bycie na gor\u0105co&#8221;, ojciec ma wobec m\u0142odszej z dziewczynek s\u0105dowy zakaz kontakt\u00f3w.<\/p>\n<p class=\"Paragraph_desktopParagraph__U31Gm\">Podczas jednej z rozpraw Janiczek wnioskowa\u0142 r\u00f3wnie\u017c o obni\u017cenie aliment\u00f3w, jednak s\u0105d nie przychyli\u0142 si\u0119 do jego pro\u015bby. Sprawa rozwodowa wci\u0105\u017c pozostaje nierozstrzygni\u0119ta. Wed\u0142ug informacji &#8222;Super Expressu&#8221;, w poniedzia\u0142ek 8 grudnia odby\u0142a si\u0119 kolejna rozprawa, kt\u00f3ra jednak nie przynios\u0142a prze\u0142omu. &#8222;Janiczek ma okupowa\u0107 mieszkanie, a jego \u017cona z c\u00f3rkami nadal jest zmuszona wynajmowa\u0107 inne lokum&#8221; \u2014 przekaza\u0142 informator tabloidu. Mimo trwaj\u0105cego konfliktu Arkadiusz Janiczek nie traci nadziei na uratowanie ma\u0142\u017ce\u0144stwa.<\/p>\n<blockquote>\n<p class=\"Paragraph_desktopParagraph__U31Gm\">Od kiedy jestem m\u0119\u017cem i ojcem, codziennie walcz\u0119 o moj\u0105 rodzin\u0119. Nie inaczej by\u0142o dzi\u015b. Szansa na pojednanie\u2026 dla mojej \u017cony nie ma rzeczy niemo\u017cliwych. By\u0142em wzruszony tym, \u017ce po rozprawie czeka\u0142a na mnie przy wyj\u015bciu z s\u0105du<\/p>\n<\/blockquote>\n<p class=\"Paragraph_desktopParagraph__U31Gm\">\u2014 powiedzia\u0142 aktor w rozmowie z &#8222;Super Expressem&#8221; tu\u017c po rozprawie rozwodowej.<\/p>\n<p><img decoding=\"async\" class=\"Image_image__0tuHp Image_autoHeight__f2n87 \" height=\"587\" width=\"390\" src=\"https:\/\/www.europesays.com\/pl\/wp-content\/uploads\/2025\/12\/6tTk9kpTURBXy9lMWNjOGNmNzFjM2QwMTZmMTI5ZDI0MmJmYmMyZDRlMi5qcGeSlQLNA6wAwsOVAgDNAkvCw94AA6EwAaExAaEzw.jpeg\" alt=\"Arkadiusz Janiczek, Anna Janiczek\" loading=\"lazy\" \/>MW Media Warszawa \/ MW Media<\/p>\n<p>Arkadiusz Janiczek, Anna Janiczek<\/p>\n<p class=\"Paragraph_desktopParagraph__U31Gm\">Dzi\u0119kujemy, \u017ce przeczyta\u0142a\u015b\/e\u015b nasz artyku\u0142 do ko\u0144ca. W serwisie Plejada.pl ka\u017cdego dnia piszemy o najwa\u017cniejszych wydarzeniach show-biznesowych. B\u0105d\u017a na bie\u017c\u0105co! <a rel=\"nofollow noopener\" href=\"https:\/\/profile.google.com\/cp\/Cg0vZy8xMWJ6X19wdHBx\" id=\"bd4f044d-56b1-487b-b62c-cf06ea6ce16d\" target=\"_blank\">Obserwuj<\/a> Plejad\u0119 w Google. Odwied\u017a nas tak\u017ce na <a rel=\"nofollow noopener\" href=\"https:\/\/www.facebook.com\/plejadapl\" id=\"b9f76698-516b-4b87-9332-969ae8cfc667\" target=\"_blank\">Facebooku<\/a>, <a rel=\"nofollow noopener\" href=\"https:\/\/www.instagram.com\/plejadapl\/\" id=\"9a41132f-ee48-45ee-b073-62704b68e2c4\" target=\"_blank\">Instagramie<\/a>, <a rel=\"nofollow noopener\" href=\"https:\/\/www.youtube.com\/c\/plejada\" id=\"e862829d-8148-4082-86f6-76dfc4556d04\" target=\"_blank\">YouTubie<\/a> oraz <a rel=\"nofollow noopener\" href=\"https:\/\/www.tiktok.com\/@plejada_pl\" id=\"059d3752-99cf-4a35-9b79-2de0abb6f600\" target=\"_blank\">TikToku<\/a>.<\/p>\n<p class=\"Paragraph_desktopParagraph__U31Gm\">Chcesz podzieli\u0107 si\u0119 ciekawym newsem lub zaproponowa\u0107 temat? Skontaktuj si\u0119 z nami, pisz\u0105c maila na adres: <a href=\"https:\/\/www.onet.pl\/styl-zycia\/plejada\/szczegoly-rozwodu-arkadiusza-janiczka-aktor-nie-traci-nadziei-codziennie-walcze\/mailto:plejada@redakcjaonet.pl\" id=\"e1948286-5a84-47df-9461-015267eebf63\" rel=\"nofollow noopener\" target=\"_blank\">plejada@redakcjaon<\/a><a rel=\"nofollow noopener\" href=\"http:\/\/et.pl\" id=\"0a19e8ea-6576-4a79-9b68-ea24fc2e6fb1\" target=\"_blank\">et.pl<\/a>.<\/p>\n<p><script async src=\"\/\/www.instagram.com\/embed.js\"><\/script><script async src=\"\/\/www.tiktok.com\/embed.js\"><\/script><\/p>\n","protected":false},"excerpt":{"rendered":"Arkadiusz Janiczek i jego \u017cona Anna przez lata uchodzili za wzorow\u0105 par\u0119. Ma\u0142\u017ce\u0144stwo z 16-letnim sta\u017cem zawsze by\u0142o&hellip;\n","protected":false},"author":2,"featured_media":140317,"comment_status":"","ping_status":"","sticky":false,"template":"","format":"standard","meta":{"footnotes":""},"categories":[22],"tags":[28643,122,67,555,53,52,68,51,55,42,38,40,39,41,984,123,5550,47,196,65,50],"class_list":{"0":"post-140316","1":"post","2":"type-post","3":"status-publish","4":"format-standard","5":"has-post-thumbnail","7":"category-rozrywka","8":"tag-arkadiusz_janiczek","9":"tag-entertainment","10":"tag-intextvideo_splayer","11":"tag-malzenstwo","12":"tag-new_header","13":"tag-onet3","14":"tag-onet3d","15":"tag-onet3d_2i","16":"tag-phx","17":"tag-pl","18":"tag-poland","19":"tag-polish","20":"tag-polska","21":"tag-polski","22":"tag-prawo_sady_sedziowie_sedzia_sad_sadownictwo_prawnik_prawnicy_prawniczka","23":"tag-rozrywka","24":"tag-rozwod_rozwody","25":"tag-screening_general","26":"tag-styl_zycia","27":"tag-update_me","28":"tag-v2021"},"share_on_mastodon":{"url":"https:\/\/pubeurope.com\/@pl\/115687537199109383","error":""},"_links":{"self":[{"href":"https:\/\/www.europesays.com\/pl\/wp-json\/wp\/v2\/posts\/140316","targetHints":{"allow":["GET"]}}],"collection":[{"href":"https:\/\/www.europesays.com\/pl\/wp-json\/wp\/v2\/posts"}],"about":[{"href":"https:\/\/www.europesays.com\/pl\/wp-json\/wp\/v2\/types\/post"}],"author":[{"embeddable":true,"href":"https:\/\/www.europesays.com\/pl\/wp-json\/wp\/v2\/users\/2"}],"replies":[{"embeddable":true,"href":"https:\/\/www.europesays.com\/pl\/wp-json\/wp\/v2\/comments?post=140316"}],"version-history":[{"count":0,"href":"https:\/\/www.europesays.com\/pl\/wp-json\/wp\/v2\/posts\/140316\/revisions"}],"wp:featuredmedia":[{"embeddable":true,"href":"https:\/\/www.europesays.com\/pl\/wp-json\/wp\/v2\/media\/140317"}],"wp:attachment":[{"href":"https:\/\/www.europesays.com\/pl\/wp-json\/wp\/v2\/media?parent=140316"}],"wp:term":[{"taxonomy":"category","embeddable":true,"href":"https:\/\/www.europesays.com\/pl\/wp-json\/wp\/v2\/categories?post=140316"},{"taxonomy":"post_tag","embeddable":true,"href":"https:\/\/www.europesays.com\/pl\/wp-json\/wp\/v2\/tags?post=140316"}],"curies":[{"name":"wp","href":"https:\/\/api.w.org\/{rel}","templated":true}]}}