{"id":140363,"date":"2025-12-09T05:15:10","date_gmt":"2025-12-09T05:15:10","guid":{"rendered":"https:\/\/www.europesays.com\/pl\/140363\/"},"modified":"2025-12-09T05:15:10","modified_gmt":"2025-12-09T05:15:10","slug":"polska-2050-wybierze-nowego-szefa-zaskakujacy-kandydat","status":"publish","type":"post","link":"https:\/\/www.europesays.com\/pl\/140363\/","title":{"rendered":"Polska 2050 wybierze nowego szefa. Zaskakuj\u0105cy kandydat"},"content":{"rendered":"\n<p>&#13;<br \/>\nPortal Onet informuje, \u017ce\u00a0w\u00a0przes\u0142anej do\u00a0cz\u0142onk\u00f3w partii wiadomo\u015bci, Rafa\u0142 Kasprzak napisa\u0142, \u017ce\u00a0tworzy ruch Polska 2050 od\u00a0stycznia 2020 roku. &#13;\n<\/p>\n<p>&#13;<br \/>\n\u201eJak m\u00f3wi Szymon \u2013\u00a0przeszed\u0142em \u00bbszlak bojowy od\u00a0Lenino do\u00a0Berlina\u00ab. Wiem, co\u00a0nas wzmocni\u0142o, a\u00a0co nas zatrzyma\u0142o. Po\u00a0zwyci\u0119stwie pope\u0142nili\u015bmy b\u0142\u0119dy, kt\u00f3re kosztowa\u0142y nas poparcie i\u00a0zaufanie. Nie\u00a0mo\u017cemy ich powtarza\u0107. Potrzebujemy nowego otwarcia\u201d \u2013\u00a0napisa\u0142. &#13;\n<\/p>\n<p>&#13;<br \/>\nDoda\u0142, \u017ce\u00a0dzisiaj chcia\u0142by swoje umiej\u0119tno\u015bci jednoczenia i\u00a0dialogu wykorzysta\u0107 do\u00a0budowy innej centrali. &#13;\n<\/p>\n<p>&#13;<br \/>\n\u201e\u017beby odzyska\u0107 wyborc\u00f3w musimy przecie\u017c pokaza\u0107, \u017ce\u00a0wci\u0105\u017c robimy to, w\u00a0co wierzyli\u015bmy buduj\u0105c nasz ruch. Potrzeba nam \u015bwie\u017co\u015bci, kt\u00f3r\u0105 da nam rebranding i\u00a0jasne okre\u015blenie strategii politycznej. T\u0105 \u015bwie\u017co\u015b\u0107 mo\u017ce wnie\u015b\u0107 nowy przewodnicz\u0105cy, kt\u00f3ry r\u00f3s\u0142 z\u00a0tym ruchem i\u00a0troszczy si\u0119 o\u00a0regiony. Odbuduj\u0119 nasz\u0105 wiarygodno\u015b\u0107 i\u00a0zaufanie\u201d \u2013\u00a0stwierdzi\u0142. &#13;\n<\/p>\n<p>Polska 2050 wybierze nowego przewodnicz\u0105cego<\/p>\n<p>&#13;<br \/>\nDo tej pory swoj\u0105 kandydatur\u0119 <a href=\"https:\/\/dorzeczy.pl\/kraj\/786978\/kto-za-holownie-dluga-lista-potencjalnych-szefow-polski-2050.html\" rel=\"nofollow noopener\" target=\"_blank\">na stanowisko szefa Polski 2050 zg\u0142osi\u0142o jeszcze pi\u0119cioro kandydat\u00f3w:<\/a> Ryszard Petru, Joanna Mucha, Katarzyna Pe\u0142czy\u0144ska-Na\u0142\u0119cz, Micha\u0142 Kobosko i\u00a0Paulina Hennig-Kloska. &#13;\n<\/p>\n<p>&#13;<br \/>\nCz\u0142onkowie Polski 2050, kt\u00f3ry chc\u0105 ubiega\u0107 si\u0119 o\u00a0stanowisko przewodnicz\u0105cego partii, mog\u0105 zg\u0142asza\u0107 si\u0119 do\u00a010 grudnia. Wybory odb\u0119d\u0105 si\u0119 10 stycznia, a\u00a0g\u0142osowa\u0107 w\u00a0nich b\u0119dzie ponad 800 delegat\u00f3w z\u00a0ca\u0142ego kraju. Ewentualna druga tura zostanie przeprowadzona 12 stycznia. &#13;\n<\/p>\n<p>Szymon Ho\u0142ownia aplikowa\u0142 do\u00a0ONZ<\/p>\n<p>&#13;<br \/>\nObecny przewodnicz\u0105cy partii i\u00a0za\u0142o\u017cyciel Polski 2050 Szymon Ho\u0142ownia pod\u00a0koniec wrze\u015bnia przekaza\u0142, \u017ce\u00a0nie b\u0119dzie ubiega\u0142 si\u0119 o\u00a0funkcj\u0119 przewodnicz\u0105cego partii. P\u00f3\u017aniej poinformowa\u0142, \u017ce\u00a0aplikuje na\u00a0funkcj\u0119 <a href=\"https:\/\/dorzeczy.pl\/opinie\/805842\/holownia-jednak-komisarzem-w-onz-jest-na-krotkiej-liscie.html\" rel=\"nofollow noopener\" target=\"_blank\">wysokiego komisarza ONZ ds. uchod\u017ac\u00f3w.<\/a> &#13;\n<\/p>\n<p>&#13;<br \/>\nCzytaj te\u017c:<br \/><a href=\"https:\/\/dorzeczy.pl\/kraj\/816581\/szymon-holownia-bedzie-musial-obejsc-sie-smakiem-niewielkie-szanse-na-posade-w-onz.html\" rel=\"follow nofollow noopener\" data-schema=\"DORZECZY\" data-image=\"https:\/\/img.dorzeczy.pl\/_thumb\/f4\/98\/b25856xx6ed25ede6a718798327f.jpeg\" target=\"_blank\">Z\u0142e wie\u015bci dla\u00a0Ho\u0142owni. &#8222;Szanse s\u0105 niewielkie&#8221;<\/a>Czytaj te\u017c:<br \/><a href=\"https:\/\/dorzeczy.pl\/opinie\/815342\/kto-nowym-szefem-polski-2050-hennig-kloska-krytycznie-o-kandydaturze-petru.html\" rel=\"follow nofollow noopener\" data-schema=\"DORZECZY\" data-image=\"https:\/\/img.dorzeczy.pl\/_thumb\/cf\/61\/bfc5865fca20d9e07390d990518f.jpeg\" target=\"_blank\">Wojna w\u00a0Polsce 2050. Hennig-Kloska: Ryszard nie\u00a0powinien stawa\u0107 na\u00a0czele<\/a> &#13;<\/p>\n","protected":false},"excerpt":{"rendered":"&#13; Portal Onet informuje, \u017ce\u00a0w\u00a0przes\u0142anej do\u00a0cz\u0142onk\u00f3w partii wiadomo\u015bci, Rafa\u0142 Kasprzak napisa\u0142, \u017ce\u00a0tworzy ruch Polska 2050 od\u00a0stycznia 2020 roku.&hellip;\n","protected":false},"author":2,"featured_media":140364,"comment_status":"","ping_status":"","sticky":false,"template":"","format":"standard","meta":{"footnotes":""},"categories":[12],"tags":[32,33,98,36,37,27,49,34,35,8136,28,31,25,103,42,38,40,39,331,41,28756,9384,29,30,26],"class_list":{"0":"post-140363","1":"post","2":"type-post","3":"status-publish","4":"format-standard","5":"has-post-thumbnail","7":"category-polska","8":"tag-breaking-news","9":"tag-breakingnews","10":"tag-dorzeczy","11":"tag-featured-news","12":"tag-featurednews","13":"tag-headlines","14":"tag-kraj","15":"tag-latest-news","16":"tag-latestnews","17":"tag-lidia-lemaniak","18":"tag-naglowki","19":"tag-najwazniejsze-artykuly","20":"tag-news","21":"tag-obserwator-mediow","22":"tag-pl","23":"tag-poland","24":"tag-polish","25":"tag-polska","26":"tag-polska-2050","27":"tag-polski","28":"tag-rafal-kasprzyk","29":"tag-szymon-holownia","30":"tag-top-stories","31":"tag-topstories","32":"tag-wiadomosci"},"share_on_mastodon":{"url":"https:\/\/pubeurope.com\/@pl\/115687910510148752","error":""},"_links":{"self":[{"href":"https:\/\/www.europesays.com\/pl\/wp-json\/wp\/v2\/posts\/140363","targetHints":{"allow":["GET"]}}],"collection":[{"href":"https:\/\/www.europesays.com\/pl\/wp-json\/wp\/v2\/posts"}],"about":[{"href":"https:\/\/www.europesays.com\/pl\/wp-json\/wp\/v2\/types\/post"}],"author":[{"embeddable":true,"href":"https:\/\/www.europesays.com\/pl\/wp-json\/wp\/v2\/users\/2"}],"replies":[{"embeddable":true,"href":"https:\/\/www.europesays.com\/pl\/wp-json\/wp\/v2\/comments?post=140363"}],"version-history":[{"count":0,"href":"https:\/\/www.europesays.com\/pl\/wp-json\/wp\/v2\/posts\/140363\/revisions"}],"wp:featuredmedia":[{"embeddable":true,"href":"https:\/\/www.europesays.com\/pl\/wp-json\/wp\/v2\/media\/140364"}],"wp:attachment":[{"href":"https:\/\/www.europesays.com\/pl\/wp-json\/wp\/v2\/media?parent=140363"}],"wp:term":[{"taxonomy":"category","embeddable":true,"href":"https:\/\/www.europesays.com\/pl\/wp-json\/wp\/v2\/categories?post=140363"},{"taxonomy":"post_tag","embeddable":true,"href":"https:\/\/www.europesays.com\/pl\/wp-json\/wp\/v2\/tags?post=140363"}],"curies":[{"name":"wp","href":"https:\/\/api.w.org\/{rel}","templated":true}]}}