{"id":140421,"date":"2025-12-09T06:12:16","date_gmt":"2025-12-09T06:12:16","guid":{"rendered":"https:\/\/www.europesays.com\/pl\/140421\/"},"modified":"2025-12-09T06:12:16","modified_gmt":"2025-12-09T06:12:16","slug":"sejm-po-nowemu-mamy-najnowszy-sondaz","status":"publish","type":"post","link":"https:\/\/www.europesays.com\/pl\/140421\/","title":{"rendered":"Sejm po nowemu? Mamy najnowszy sonda\u017c"},"content":{"rendered":"\n<p>Ostatnie badanie preferencji wyborczych, zrealizowane przez United Surveys by IBRiS dla Wirtualnej Polski, ujawnia wyra\u017ane przesuni\u0119cia w\u00a0politycznych sympatiach Polak\u00f3w w\u00a0stosunku do obecnego kszta\u0142tu Sejmu. Wyniki sugeruj\u0105, \u017ce dotychczasowy uk\u0142ad si\u0142 w\u00a0parlamencie nie mia\u0142by dzi\u015b szans na odtworzenie &#8211;\u00a0dwie partie wchodz\u0105ce w\u00a0sk\u0142ad rz\u0105dz\u0105cej koalicji nie uzyska\u0142yby poparcia pozwalaj\u0105cego na przekroczenie progu wyborczego. To mo\u017ce by\u0107 sygna\u0142 powa\u017cnych zmian w\u00a0nastrojach spo\u0142ecznych.<\/p>\n<p>W sonda\u017cu uwzgl\u0119dniono r\u00f3wnie\u017c symulacj\u0119 mo\u017cliwego podzia\u0142u mandat\u00f3w, gdyby wybory parlamentarne odby\u0142y si\u0119 w\u00a0najbli\u017csz\u0105 niedziel\u0119. Analiza rozk\u0142adu miejsc w\u00a0Sejmie pozwala oceni\u0107, jakie konfiguracje rz\u0105dowe mog\u0142yby powsta\u0107 przy obecnym uk\u0142adzie preferencji. Wyniki pokazuj\u0105, \u017ce polityczny krajobraz by\u0142by dzi\u015b znacznie bardziej skomplikowany, a\u00a0tworzenie stabilnej wi\u0119kszo\u015bci mog\u0142oby wymaga\u0107 ca\u0142kowicie nowych koalicji i\u00a0porozumie\u0144.<\/p>\n<p>To odkrycie zmienia wszystko. Znaleziska z\u00a0tureckich osiedli neolitycznych <\/p>\n<p>  <a href=\"https:\/\/wiadomosci.wp.pl\/tusk-kontra-morawiecki-kto-lepiej-zadbal-o-portfele-polakow-mamy-najnowszy-sondaz-7228427653671872a\" class=\"teaser-inline\" rel=\"nofollow noopener\" target=\"_blank\">  <img decoding=\"async\" src=\"https:\/\/www.europesays.com\/pl\/wp-content\/uploads\/2025\/12\/Mzc0MGE5YhsCUjt0ak5vDkEKby4sF2FYFhJ3ZWoEf0JTSGIhLFkoCAZAImkiRzgKAkc9aTVZYhsTWWIxdBopExBAISY8GigXAVUp.jpeg\" width=\"0\" height=\"0\" loading=\"lazy\" class=\"wp-media-image cropped\" alt=\"Tusk kontra Morawiecki. Kto lepiej zadba\u0142 o portfele Polak\u00f3w? Mamy najnowszy sonda\u017c\"\/><\/p>\n<p>Tusk kontra Morawiecki. Kto lepiej zadba\u0142 o portfele Polak\u00f3w? Mamy najnowszy sonda\u017c<\/p>\n<p><\/a> <img role=\"presentation\" class=\"absolute left-1\/2 top-1\/2 max-h-[80%] max-w-[100px] -translate-x-1\/2 -translate-y-1\/2\" src=\"https:\/\/v.wpimg.pl\/ZXJfd3AudTkrBBIAbg54LGhcRlAxHQUrPgJGH2MAeGJoSQ1eIBI_K2UHAEVuBTY5KQMMXC0RPyoVERQdMgM9ejc\" loading=\"lazy\" decoding=\"async\"\/><\/p>\n<p>Wyniki sonda\u017cu <\/p>\n<p>Z sonda\u017cu przeprowadzonego przez United Surveys dla WP dowiadujemy si\u0119, \u017ce Koalicja Obywatelska pozostaje na pozycji lidera, notuj\u0105c 32,8 proc. poparcia,\u00a0co stanowi wzrost o\u00a01,9 pkt proc. w\u00a0stosunku do poprzedniego badania.<\/p>\n<p>Prawo i\u00a0Sprawiedliwo\u015b\u0107 utrzymuje drugie miejsce z\u00a0wynikiem 26,7 proc., zyskuj\u0105c symboliczne 0,3 pkt proc.<\/p>\n<p>Spadki odnotowuje Konfederacja, kt\u00f3ra z\u00a013,1 proc. poparcia traci 2,5 pkt proc. Konfederacja Korony Polskiej Brauna zyskuje natomiast 2,0 pkt proc., osi\u0105gaj\u0105c 8,4 proc.<\/p>\n<p> <img role=\"presentation\" class=\"absolute left-1\/2 top-1\/2 max-h-[80%] max-w-[100px] -translate-x-1\/2 -translate-y-1\/2\" src=\"https:\/\/v.wpimg.pl\/ZXJfd3AudTkrBBIAbg54LGhcRlAxHQUrPgJGH2MAeGJoSQ1eIBI_K2UHAEVuBTY5KQMMXC0RPyoVERQdMgM9ejc\" loading=\"lazy\" decoding=\"async\"\/> <\/p>\n<p>Lewica uzyskuje 7,1 proc. g\u0142os\u00f3w, co oznacza spadek o\u00a00,8 pkt proc.<\/p>\n<p> <a href=\"https:\/\/wiadomosci.wp.pl\/ten-sondaz-to-zla-wiadomosc-dla-rzadu-polacy-ocenili-sytuacje-gospodarcza-7228800403172288a\" class=\"teaser-inline\" rel=\"nofollow noopener\" target=\"_blank\">  <img decoding=\"async\" src=\"https:\/\/www.europesays.com\/pl\/wp-content\/uploads\/2025\/12\/ZjdhZTA3dQsFCixnbkh4HkZSeD0oEXZIEUpgdm4CaFJUEHUyKF8_GAEYNXomQS8aBR8qejFfdQsUAXUicBw-AxcYNjU4HD8HBg0-.jpeg\" width=\"0\" height=\"0\" loading=\"lazy\" class=\"wp-media-image cropped\" alt=\"Ten sonda\u017c to z\u0142a wiadomo\u015b\u0107 dla rz\u0105du. Polacy ocenili sytuacj\u0119 gospodarcz\u0105\"\/><\/p>\n<p>Ten sonda\u017c to z\u0142a wiadomo\u015b\u0107 dla rz\u0105du. Polacy ocenili sytuacj\u0119 gospodarcz\u0105<\/p>\n<p><\/a><\/p>\n<p>PSL i\u00a0Polska 2050 poza Sejmem <\/p>\n<p>Poza Sejmem znalaz\u0142oby si\u0119 Polskie Stronnictwo Ludowe &#8211;\u00a0ma poparcie na poziomie 3,1 proc. (zmiana +0,1 pkt proc.). Do Sejmu nie wesz\u0142aby tak\u017ce Partia Razem (2,8 proc.) oraz Polska 2050 (1 proc.), kt\u00f3re\u00a0odnotowa\u0142y spadki odpowiednio o\u00a00,3 pkt proc. i\u00a00,5 pkt proc.<\/p>\n<p> <img role=\"presentation\" class=\"absolute left-1\/2 top-1\/2 max-h-[80%] max-w-[100px] -translate-x-1\/2 -translate-y-1\/2\" src=\"https:\/\/v.wpimg.pl\/ZXJfd3AudTkrBBIAbg54LGhcRlAxHQUrPgJGH2MAeGJoSQ1eIBI_K2UHAEVuBTY5KQMMXC0RPyoVERQdMgM9ejc\" loading=\"lazy\" decoding=\"async\"\/> <\/p>\n<p>Odsetek ankietowanych, kt\u00f3rzy nie wiedz\u0105 lub trudno im powiedzie\u0107, na kogo zag\u0142osowaliby w\u00a0wyborach, wynosi w\u00a0sonda\u017cu 5,0 proc.<\/p>\n<p>     <img decoding=\"async\" src=\"https:\/\/www.europesays.com\/pl\/wp-content\/uploads\/2025\/12\/ZDBmNzMzdSUjDzhJYgF4MGBXbBMkWHZmN090WGIZdXV0VX4CfE9qdW0LJxYoCD80LUMpCDgKOzMyQz4WYhsqLW0bf1UpEyk0Lgw3.jpeg\" width=\"1680\" height=\"1501\" loading=\"lazy\" class=\"wp-media-image\" alt=\"Sonda\u017c partyjny\" data-lightbox=\"true\"\/> Najnowszy sonda\u017c partyjny dla WP \u00a9 WP<\/p>\n<p>Podzia\u0142 mandat\u00f3w w\u00a0Sejmie <\/p>\n<p>Gdyby wyniki prze\u0142o\u017cy\u0142y si\u0119 na mandaty w\u00a0460-osobowym Sejmie, Koalicja Obywatelska zdoby\u0142aby 189 miejsc. Prawo i\u00a0Sprawiedliwo\u015b\u0107 mog\u0142oby liczy\u0107 na 150 mandat\u00f3w. Konfederacja uzyska\u0142aby 63 fotele poselskie. Konfederacji Korony Polskiej Grzegorza Brauna przypad\u0142yby 33 mandaty, a\u00a0Lewicy &#8211;\u00a025 mandat\u00f3w.<\/p>\n<p> <img role=\"presentation\" class=\"absolute left-1\/2 top-1\/2 max-h-[80%] max-w-[100px] -translate-x-1\/2 -translate-y-1\/2\" src=\"https:\/\/v.wpimg.pl\/ZXJfd3AudTkrBBIAbg54LGhcRlAxHQUrPgJGH2MAeGJoSQ1eIBI_K2UHAEVuBTY5KQMMXC0RPyoVERQdMgM9ejc\" loading=\"lazy\" decoding=\"async\"\/> <\/p>\n<p>Ten hipotetyczny rozk\u0142ad si\u0142 w\u00a0Sejmie wskazuje, \u017ce \u017cadna z\u00a0partii nie mo\u017ce liczy\u0107 na samodzieln\u0105 wi\u0119kszo\u015b\u0107. Niemo\u017cliwe by\u0142oby tak\u017ce utworzenie koalicji obecnie rz\u0105dz\u0105cej, poniewa\u017c dwie partie &#8211;\u00a0PSL i\u00a0Polska 20250 &#8211;\u00a0nie przekroczy\u0142by progu wyborczego.<\/p>\n<p>     <img decoding=\"async\" src=\"https:\/\/www.europesays.com\/pl\/wp-content\/uploads\/2025\/12\/NjcyOTg5YQsCGzlnSE5sHkFDbT0OF2JIFlt1dkhWYVJTSTdjVgBhDAoVKiYCRSFEBAs6JAZCPkQTFWA1F1xhHFJWKz0URSILGlYq.jpeg\" width=\"800\" height=\"715\" loading=\"lazy\" class=\"wp-media-image\" alt=\"Podzia\u0142 mandat\u00f3w w Sejmie\" data-lightbox=\"true\"\/> Podzia\u0142 mandat\u00f3w w Sejmie \u00a9 WP <\/p>\n<p>Badanie zosta\u0142o zrealizowane przez United Surveys by IBRiS dla Wirtualnej Polski w\u00a0dniach 5-8 grudnia 2025 r. Sonda\u017c przeprowadzono metod\u0105 CATI&amp;CAWI na reprezentatywnej pr\u00f3bie N=1000 doros\u0142ych Polak\u00f3w.<\/p>\n<p> <img role=\"presentation\" class=\"absolute left-1\/2 top-1\/2 max-h-[80%] max-w-[100px] -translate-x-1\/2 -translate-y-1\/2\" src=\"https:\/\/v.wpimg.pl\/ZXJfd3AudTkrBBIAbg54LGhcRlAxHQUrPgJGH2MAeGJoSQ1eIBI_K2UHAEVuBTY5KQMMXC0RPyoVERQdMgM9ejc\" loading=\"lazy\" decoding=\"async\"\/> <a href=\"https:\/\/wiadomosci.wp.pl\/matrix-w-uniwersum-naszej-polityki-fala-komentarzy-ws-procesu-brauna-7230247310392256a\" class=\"teaser-inline\" rel=\"nofollow noopener\" target=\"_blank\">  <img decoding=\"async\" src=\"https:\/\/www.europesays.com\/pl\/wp-content\/uploads\/2025\/12\/M2Y2NGYwYlM4UDh0dgxvRnsIbC4wVWEQLBB0ZXZGfwppSmEhMBsoQDxCIWk-BThCOEU-aSkbYlMpW2ExaFgpWypCIiYgWChfO1cq.jpeg\" width=\"0\" height=\"0\" loading=\"lazy\" class=\"wp-media-image cropped\" alt=\"&quot;Matrix w uniwersum naszej polityki&quot;. Fala komentarzy ws. procesu Brauna\"\/><\/p>\n<p>&#8222;Matrix w uniwersum naszej polityki&#8221;. Fala komentarzy ws. procesu Brauna<\/p>\n<p><\/a><\/p>\n<p>Wzrost dla partii Brauna niebezpieczny? &#8222;Budowany na\u00a0spo\u0142ecznej frustracji&#8221; <\/p>\n<p>Wyniki sonda\u017cu dla WP komentuje dr Anna Materska-Sosnowska, politolog z\u00a0Uniwersytetu Warszawskiego. &#8211;\u00a0Wskazania sonda\u017cowe pokazuj\u0105 nam jedynie pewien nastr\u00f3j. Pokazuj\u0105 emocj\u0119, kt\u00f3ra jest w\u00a0spo\u0142ecze\u0144stwie, i\u00a0kt\u00f3ra przesuwa si\u0119 w\u00a0prawo &#8211;\u00a0podkre\u015bla.<\/p>\n<p>Wed\u0142ug ekspertki wa\u017cn\u0105 kwesti\u0105 jest wzrost poparcia dla Konfederacji Korony Polskiej. &#8211;\u00a0On jest budowany na najni\u017cszy resentymentach, budowany na emocjach i\u00a0to spo\u0142ecznie pokazuje g\u0142\u0119bok\u0105 frustracj\u0119. I\u00a0to spo\u0142ecznie jest dla nas, powiedzia\u0142abym, niebezpieczne &#8211;\u00a0ocenia.<\/p>\n<p> <img role=\"presentation\" class=\"absolute left-1\/2 top-1\/2 max-h-[80%] max-w-[100px] -translate-x-1\/2 -translate-y-1\/2\" src=\"https:\/\/v.wpimg.pl\/ZXJfd3AudTkrBBIAbg54LGhcRlAxHQUrPgJGH2MAeGJoSQ1eIBI_K2UHAEVuBTY5KQMMXC0RPyoVERQdMgM9ejc\" loading=\"lazy\" decoding=\"async\"\/> <\/p>\n<p>Czy Grzegorzowi Braunowi uda si\u0119 utrzyma\u0107 wzrastaj\u0105ce poparcie a\u017c do wybor\u00f3w parlamentarnych? Trudno powiedzie\u0107. Zdaniem ekspertki, du\u017co b\u0119dzie zale\u017ca\u0142o od tego, jak w\u00a0stosunku do Konfederacji Korony Polskiej zachowaj\u0105 si\u0119 wi\u0119ksi gracze. <\/p>\n<p>&#8211;\u00a0Czy konfederaci b\u0119d\u0105 pr\u00f3bowali go zepchn\u0105\u0107 jeszcze bardziej? I\u00a0jak b\u0119dzie si\u0119 zachowywa\u0142 PiS? Czy uzna, \u017ce to Konfederacja jest zagro\u017ceniem? Prawo i\u00a0Sprawiedliwo\u015b\u0107 mo\u017ce pogrywa\u0107 tak, \u017ceby os\u0142abi\u0107 konfederat\u00f3w wzgl\u0119dem Korony, \u017ceby mie\u0107 te\u017c potencjalnie \u0142atwiejszego koalicjanta &#8211;\u00a0spekuluje politolog.<\/p>\n<p>Dr Materska-Sosnowska podkre\u015bla te\u017c, \u017ce wci\u0105\u017c jest wiele zmiennych, przypominaj\u0105c o\u00a0<a href=\"https:\/\/wiadomosci.wp.pl\/przerwa-w-procesie-brauna-chce-wylaczenia-neosedziego-7230207494003616a?&amp;utm_source=combreak\" rel=\"noopener noreferrer nofollow\" target=\"_blank\">procesach, kt\u00f3re b\u0119d\u0105 toczy\u0107 si\u0119 przeciwko Braunowi<\/a>.<\/p>\n<p>PRZECZYTAJ TAK\u017bE: <a href=\"https:\/\/wiadomosci.wp.pl\/kaczynski-zabral-glos-ws-brauna-od-razu-uderzyl-w-tuska-7230280235854784a\" rel=\"noopener noreferrer nofollow\" target=\"_blank\">Kaczy\u0144ski zabra\u0142 g\u0142os ws. Brauna. Od razu uderzy\u0142 w\u00a0Tuska<\/a><\/p>\n<p> <a href=\"https:\/\/wiadomosci.wp.pl\/partia-brauna-do-delegalizacji-sprawdza-sluzby-specjalne-7230267520125856a\" class=\"teaser-inline\" rel=\"nofollow noopener\" target=\"_blank\">  <img decoding=\"async\" src=\"https:\/\/www.europesays.com\/pl\/wp-content\/uploads\/2025\/12\/ZDI5ODljdSUoVzl3QxF4MGsPbS0FSHZmPBd1ZkNbaHx5TWAiBQY_NixFIGoLGC80KEI_ahwGdSU5XGAyXUU-LTpFIyUVRT8pK1Ar.jpeg\" width=\"0\" height=\"0\" loading=\"lazy\" class=\"wp-media-image cropped\" alt=\"Brauna finansuje Rosja? Minister: S\u0142u\u017cby b\u0119d\u0105 to sprawdza\u0107\"\/><\/p>\n<p>Brauna finansuje Rosja? Minister: S\u0142u\u017cby b\u0119d\u0105 to sprawdza\u0107<\/p>\n<p><\/a><\/p>\n<p>&#8222;Rozmowa o\u00a0wsp\u00f3lnej li\u015bcie (&#8230;) bardziej uzasadniona ni\u017c w\u00a02023 roku&#8221; <\/p>\n<p>Komentuj\u0105c wynikaj\u0105cy z\u00a0sonda\u017cowych wskaza\u0144 podzia\u0142 mandat\u00f3w, ekspertka podkre\u015bla, \u017ce sytuacja jest trudna do przewidzenia, dlatego \u017ce wci\u0105\u017c nie ma jasnych deklaracji na temat tego, w\u00a0jakim uk\u0142adzie si\u0142 p\u00f3jd\u0105 do wybor\u00f3w poszczeg\u00f3lne partie. &#8211;\u00a0Rozmowa o\u00a0wsp\u00f3lnej li\u015bcie dzisiaj, gdyby dzisiaj by\u0142y wybory, mo\u017ce by\u0107 bardziej uzasadniona ni\u017c w\u00a02023 roku &#8211;\u00a0stwierdza Materska-Sosnowska.<\/p>\n<p>&#8211; Donald Tusk na pewno b\u0119dzie mia\u0142 zagwozdk\u0119, \u017ceby nie powt\u00f3rzy\u0142a si\u0119 sytuacja, kiedy samodzielnie rz\u0105dzi\u0142o Prawo i\u00a0Sprawiedliwo\u015b\u0107 &#8211; dodaje ekspertka. &#8211;\u00a0My\u015bl\u0119, \u017ce <a href=\"https:\/\/wiadomosci.wp.pl\/sejm-zdecydowal-czarzasty-zostal-marszalkiem-sejmu-7223139547785760a\" rel=\"noopener noreferrer nofollow\" target=\"_blank\">ruchem wyprzedzaj\u0105cym jest W\u0142odzimierz Czarzasty na stanowisku marsza\u0142ka Sejmu<\/a>. W\u0142a\u015bnie po to, \u017ceby budowa\u0107 Lewic\u0119 &#8211;\u00a0podsumowuje politolo\u017cka i\u00a0dodaje, \u017ce Tusk mo\u017ce chcie\u0107 budowa\u0107 do wybor\u00f3w pozycj\u0119 koalicjant\u00f3w. <\/p>\n","protected":false},"excerpt":{"rendered":"Ostatnie badanie preferencji wyborczych, zrealizowane przez United Surveys by IBRiS dla Wirtualnej Polski, ujawnia wyra\u017ane przesuni\u0119cia w\u00a0politycznych sympatiach&hellip;\n","protected":false},"author":2,"featured_media":140422,"comment_status":"","ping_status":"","sticky":false,"template":"","format":"standard","meta":{"footnotes":""},"categories":[5],"tags":[32,33,36,37,27,34,35,28,31,25,42,38,40,39,41,29,30,26],"class_list":{"0":"post-140421","1":"post","2":"type-post","3":"status-publish","4":"format-standard","5":"has-post-thumbnail","7":"category-naglowki","8":"tag-breaking-news","9":"tag-breakingnews","10":"tag-featured-news","11":"tag-featurednews","12":"tag-headlines","13":"tag-latest-news","14":"tag-latestnews","15":"tag-naglowki","16":"tag-najwazniejsze-artykuly","17":"tag-news","18":"tag-pl","19":"tag-poland","20":"tag-polish","21":"tag-polska","22":"tag-polski","23":"tag-top-stories","24":"tag-topstories","25":"tag-wiadomosci"},"share_on_mastodon":{"url":"https:\/\/pubeurope.com\/@pl\/115688135093487383","error":""},"_links":{"self":[{"href":"https:\/\/www.europesays.com\/pl\/wp-json\/wp\/v2\/posts\/140421","targetHints":{"allow":["GET"]}}],"collection":[{"href":"https:\/\/www.europesays.com\/pl\/wp-json\/wp\/v2\/posts"}],"about":[{"href":"https:\/\/www.europesays.com\/pl\/wp-json\/wp\/v2\/types\/post"}],"author":[{"embeddable":true,"href":"https:\/\/www.europesays.com\/pl\/wp-json\/wp\/v2\/users\/2"}],"replies":[{"embeddable":true,"href":"https:\/\/www.europesays.com\/pl\/wp-json\/wp\/v2\/comments?post=140421"}],"version-history":[{"count":0,"href":"https:\/\/www.europesays.com\/pl\/wp-json\/wp\/v2\/posts\/140421\/revisions"}],"wp:featuredmedia":[{"embeddable":true,"href":"https:\/\/www.europesays.com\/pl\/wp-json\/wp\/v2\/media\/140422"}],"wp:attachment":[{"href":"https:\/\/www.europesays.com\/pl\/wp-json\/wp\/v2\/media?parent=140421"}],"wp:term":[{"taxonomy":"category","embeddable":true,"href":"https:\/\/www.europesays.com\/pl\/wp-json\/wp\/v2\/categories?post=140421"},{"taxonomy":"post_tag","embeddable":true,"href":"https:\/\/www.europesays.com\/pl\/wp-json\/wp\/v2\/tags?post=140421"}],"curies":[{"name":"wp","href":"https:\/\/api.w.org\/{rel}","templated":true}]}}