{"id":140521,"date":"2025-12-09T07:29:12","date_gmt":"2025-12-09T07:29:12","guid":{"rendered":"https:\/\/www.europesays.com\/pl\/140521\/"},"modified":"2025-12-09T07:29:12","modified_gmt":"2025-12-09T07:29:12","slug":"czy-automatyczne-swiatla-dzialaja-zima-nie-do-konca-tlumaczymy-jak-je-ustawic","status":"publish","type":"post","link":"https:\/\/www.europesays.com\/pl\/140521\/","title":{"rendered":"Czy automatyczne \u015bwiat\u0142a dzia\u0142aj\u0105 zim\u0105? Nie do ko\u0144ca. T\u0142umaczymy, jak je ustawi\u0107"},"content":{"rendered":"<ul class=\"ods-m-bullet-list\">\n<li class=\"ods-a-bullet ods-a-bullet--bold\"> Zimowe warunki atmosferyczne mog\u0105 ogranicza\u0107 widoczno\u015b\u0107 na drodze, co zwi\u0119ksza ryzyko wypadk\u00f3w <\/li>\n<li class=\"ods-a-bullet ods-a-bullet--bold\"> Nowoczesne funkcje w samochodach, cho\u0107 s\u0105 ju\u017c cz\u0119sto mocno dopracowane, to dalej nie s\u0105 w stanie sprosta\u0107 wszystkim warunkom na drodze <\/li>\n<li class=\"ods-a-bullet ods-a-bullet--bold\"> Nawet sprawny samoch\u00f3d nie jest gwarancj\u0105, \u017ce b\u0119dziemy widoczni i je\u017adzi\u0107 zgodnie z przepisami  <\/li>\n<li id=\"ods-a-bullet-czat-ai-summary\" data-section=\"ochat-summary-link\" class=\"ods-a-bullet ods-a-bullet--czatai\"> <a href=\"#\"><br \/>\n    Du\u017co czytania, a ma\u0142o czasu? Sprawd\u017a skr\u00f3t artyku\u0142u<br \/>\n<\/a> <\/li>\n<\/ul>\n<p> Skr\u00f3t przygotowany przez Onet Czat z AI, mo\u017ce zawiera\u0107 b\u0142\u0119dy. <\/p>\n<ul class=\"ods-m-inline-summary-container__list\">\n<li class=\"ods-m-inline-summary-container__list-item\"> Zim\u0105 pogarsza si\u0119 widoczno\u015b\u0107 na drodze, co zwi\u0119ksza ryzyko wypadk\u00f3w. <\/li>\n<li class=\"ods-m-inline-summary-container__list-item\"> Automatyczne \u015bwiat\u0142a w samochodach mog\u0105 nie dzia\u0142a\u0107 prawid\u0142owo, zw\u0142aszcza w trudnych warunkach atmosferycznych. <\/li>\n<li class=\"ods-m-inline-summary-container__list-item\"> Kierowcy powinni manualnie w\u0142\u0105cza\u0107 \u015bwiat\u0142a mijania, aby poprawi\u0107 widoczno\u015b\u0107. <\/li>\n<li class=\"ods-m-inline-summary-container__list-item\"> \u015awiat\u0142a przeciwmgielne mo\u017cna u\u017cywa\u0107 tylko przy widoczno\u015bci poni\u017cej 50 metr\u00f3w. <\/li>\n<li class=\"ods-m-inline-summary-container__list-item\"> Niekorzystne u\u017cycie \u015bwiate\u0142 prowadzi do punkt\u00f3w karnych i mandat\u00f3w. <\/li>\n<\/ul>\n<p>SPIS TRE\u015aCI<\/p>\n<ol class=\"ods-a-table-of-content__items\">\n<li class=\"ods-a-table-of-content__item\"><a href=\"#toc-czy-automatyczne-swiatla-dzialaja-jesienia\" class=\"ods-a-table-of-content__link\">Czy automatyczne \u015bwiat\u0142a dzia\u0142aj\u0105 jesieni\u0105?<\/a><\/li>\n<li class=\"ods-a-table-of-content__item\"><a href=\"#toc-kiedy-uzywac-swiatel-przeciwmgielnych\" class=\"ods-a-table-of-content__link\">Kiedy u\u017cywa\u0107 \u015bwiate\u0142 przeciwmgielnych?<\/a><\/li>\n<li class=\"ods-a-table-of-content__item\"><a href=\"#toc-co-grozi-za-nieprawidlowe-uzywanie-swiatel\" class=\"ods-a-table-of-content__link\">Co grozi za nieprawid\u0142owe u\u017cywanie \u015bwiate\u0142?<\/a><\/li>\n<\/ol>\n<p class=\"ods-c-paragraph \">Jesieni\u0105 i zim\u0105, kiedy deszcz, mg\u0142a czy \u015bnieg dodatkowo pogarszaj\u0105 widoczno\u015b\u0107, o\u015bwietlenie w pojazdach odgrywa bardzo wa\u017cn\u0105 rol\u0119 podczas jazdy. To dlatego nie tylko musi by\u0107 sprawne, ale te\u017c dobrze ustawione. Jednak nawet to nie zawsze daje gwarancj\u0119, \u017ce b\u0119dziemy widoczni. Wszystko przez to, \u017ce polegamy na funkcji automatycznych \u015bwiate\u0142, a ona jesieni\u0105 i zim\u0105 nie zawsze dzia\u0142a tak, jak powinna. <\/p>\n<p>Dalszy ci\u0105g artyku\u0142u pod materia\u0142em wideo<\/p>\n<p> Dlaczego zim\u0105 widoczno\u015b\u0107 na drodze jest ograniczona? <\/p>\n<p> Jakie problemy mog\u0105 wyst\u0105pi\u0107 z automatycznymi \u015bwiat\u0142ami? <\/p>\n<p> Kiedy nale\u017cy u\u017cywa\u0107 \u015bwiate\u0142 przeciwmgielnych? <\/p>\n<p> Jakie kary gro\u017c\u0105 za nieprawid\u0142owe u\u017cywanie \u015bwiate\u0142? <\/p>\n<p>  Czy automatyczne \u015bwiat\u0142a dzia\u0142aj\u0105 jesieni\u0105?<\/p>\n<p class=\"ods-c-paragraph \">Problem pojawia si\u0119 zw\u0142aszcza w sytuacjach, gdy \u015bwiat\u0142a do jazdy dziennej nie prze\u0142\u0105czaj\u0105 si\u0119 na \u015bwiat\u0142a mijania na czas. W takich przypadkach tylne \u015bwiat\u0142a samochodu pozostaj\u0105 wy\u0142\u0105czone, co sprawia, \u017ce pojazd staje si\u0119 mniej widoczny dla innych uczestnik\u00f3w ruchu drogowego. Zaleca si\u0119 wi\u0119c, by w takich sytuacjach kierowcy r\u0119cznie w\u0142\u0105czali \u015bwiat\u0142a mijania, nawet w ci\u0105gu dnia. To prosty spos\u00f3b, by zwi\u0119kszy\u0107 bezpiecze\u0144stwo swoje i innych na drodze. Trzeba o tym pami\u0119ta\u0107, a to ju\u017c tak oczywiste nie jest, je\u015bli nie mamy wyrobionego nawyku. <\/p>\n<p class=\"ods-c-paragraph \">Warto tak\u017ce sprawdzi\u0107, czy nasz samoch\u00f3d ma automatyczne w\u0142\u0105czanie \u015bwiate\u0142 mijania podczas deszczu. Nie wszystkie auta maj\u0105 synchronizacj\u0119 tego systemu z dzia\u0142aniem wycieraczek, co sprawia, \u017ce podczas deszczu, kt\u00f3ry jesieni\u0105 cz\u0119sto nas odwiedza, s\u0105 niewidoczni. W\u00f3wczas musz\u0105 oni w\u0142\u0105czy\u0107 \u015bwiat\u0142a r\u0119cznie. Ma tak na przyk\u0142ad szalenie popularna Toyota.<\/p>\n<p><img decoding=\"async\" src=\"https:\/\/www.europesays.com\/pl\/wp-content\/uploads\/2025\/12\/bLmk9lBaHR0cHM6Ly9vY2RuLmV1L3B1bHNjbXMvTURBXy9jNTIwYzE0ODUyOTE0NGJlNjJlMzBlZjUwODMyZjZkOC5qcGeSlQMAA.jpeg\" height=\"627\" width=\"940\" alt=\"Ustawienie \u015bwiate\u0142 na Auto jest bardzo wygodne, ale nie zawsze skuteczne\" loading=\"lazy\" class=\"ods-c-image__img ods-c-image__img--viewport-width\"\/><\/p>\n<p>Ustawienie \u015bwiate\u0142 na Auto jest bardzo wygodne, ale nie zawsze skutecznePolicja<\/p>\n<p> Kiedy u\u017cywa\u0107 \u015bwiate\u0142 przeciwmgielnych?<\/p>\n<p class=\"ods-c-paragraph \">Osobn\u0105 kwesti\u0105 s\u0105 \u015bwiat\u0142a przeciwmgielne, kt\u00f3re mog\u0105 okaza\u0107 si\u0119 nieocenione w warunkach ograniczonej widoczno\u015bci. Jednak ich stosowanie podlega \u015bcis\u0142ym zasadom. Tylne \u015bwiat\u0142o przeciwmgielne mo\u017cna w\u0142\u0105czy\u0107 wy\u0142\u0105cznie w czasie mg\u0142y, gdy widoczno\u015b\u0107 spada poni\u017cej 50 metr\u00f3w.<\/p>\n<p class=\"ods-c-paragraph \">Jak oceni\u0107, czy widoczno\u015b\u0107 rzeczywi\u015bcie wynosi mniej ni\u017c 50 metr\u00f3w? Pomocne mog\u0105 by\u0107 boczne s\u0142upki wzd\u0142u\u017c drogi, kt\u00f3re s\u0105 rozmieszczone co 100 metr\u00f3w. Innymi pomocnymi punktami mo\u017ce by\u0107 ka\u017cdy nieruchomy przedmiot stoj\u0105cy przy drodze. W rzeczywisto\u015bci widoczno\u015b\u0107 na 50 metr\u00f3w oznacza, \u017ce przed sob\u0105 nie widzimy praktycznie nic. Je\u015bli widoczno\u015b\u0107 jest wi\u0119ksza, \u015bwiat\u0142o przeciwmgielne nale\u017cy wy\u0142\u0105czy\u0107.<\/p>\n<p><img decoding=\"async\" src=\"https:\/\/www.europesays.com\/pl\/wp-content\/uploads\/2025\/12\/tZjk9lBaHR0cHM6Ly9vY2RuLmV1L3B1bHNjbXMvTURBXy8yMjc2Zjc2ODlhYTM3ODZlYzNkZTVhZDBkODlhMjgzYy5qcGeSlQMAA.jpeg\" height=\"627\" width=\"940\" alt=\"U\u017cywanie tylnego \u015bwiat\u0142\u0105 przeciwmgielnego to ju\u017c ostateczno\u015b\u0107. W praktyce w Polsce bardzo rzadko zdarzaj\u0105 si\u0119 warunki, w kt\u00f3rych musz\u0105 zosta\u0107 w\u0142\u0105czone\" loading=\"lazy\" class=\"ods-c-image__img ods-c-image__img--viewport-width\"\/><\/p>\n<p>U\u017cywanie tylnego \u015bwiat\u0142\u0105 przeciwmgielnego to ju\u017c ostateczno\u015b\u0107. W praktyce w Polsce bardzo rzadko zdarzaj\u0105 si\u0119 warunki, w kt\u00f3rych musz\u0105 zosta\u0107 w\u0142\u0105czoneMilje Ivan \/ Shutterstock<\/p>\n<p> Co grozi za nieprawid\u0142owe u\u017cywanie \u015bwiate\u0142?<\/p>\n<p class=\"ods-c-paragraph \">Niestosowanie si\u0119 podczas jazdy do obowi\u0105zku u\u017cywania wymaganych przepisami \u015bwiate\u0142:<\/p>\n<ul class=\"ods-m-bullet-list\">\n<li class=\"ods-a-bullet ods-a-bullet--normal\"> od zmierzchu do \u015bwitu \u2013 6 punkt\u00f3w karnych, mandat w wysoko\u015bci 300 z\u0142, <\/li>\n<li class=\"ods-a-bullet ods-a-bullet--normal\"> w warunkach zmniejszonej przejrzysto\u015bci powietrza \u2013 2 punkty karne, mandat w wysoko\u015bci 200 z\u0142, <\/li>\n<li class=\"ods-a-bullet ods-a-bullet--normal\"> w okresie od \u015bwitu do zmierzchu \u2013 2 punkty karne, mandat w wysoko\u015bci 100 z\u0142, <\/li>\n<li class=\"ods-a-bullet ods-a-bullet--normal\"> w tunelu, niezale\u017cnie od pory dnia \u2013 6 punkt\u00f3w karnych, mandat w wysoko\u015bci 200 z\u0142. <\/li>\n<\/ul>\n<p class=\"ods-c-paragraph \">Naruszenie warunk\u00f3w dopuszczalno\u015bci u\u017cywania \u015bwiate\u0142 przeciwmg\u0142owych:<\/p>\n<ul class=\"ods-m-bullet-list\">\n<li class=\"ods-a-bullet ods-a-bullet--normal\"> przednich \u2013 2 punkty karne, mandat w wysoko\u015bci 100 z\u0142, <\/li>\n<li class=\"ods-a-bullet ods-a-bullet--normal\"> tylnych \u2013 2 punkty karne, mandat w wysoko\u015bci 100 z\u0142. <\/li>\n<\/ul>\n<p class=\"ods-c-paragraph \">Korzystanie ze \u015bwiate\u0142 drogowych w spos\u00f3b niezgodny z przepisami \u2013 4 punkty karne, mandat w wysoko\u015bci 200 z\u0142.<\/p>\n<p class=\"ods-c-paragraph \">Nieu\u017cywanie wymaganego o\u015bwietlenia podczas zatrzymania lub postoju w warunkach niedostatecznej widoczno\u015bci \u2013 3 punkty karne, mandat w wysoko\u015bci 150\u2212300 z\u0142.<\/p>\n<p class=\"ods-c-paragraph \">Jazda bez wymaganych \u015bwiate\u0142 pojazdami niewyposa\u017conymi w \u015bwiat\u0142a mijania, drogowe lub do jazdy dziennej \u2013 mandat w wysoko\u015bci 100 z\u0142.<\/p>\n","protected":false},"excerpt":{"rendered":"Zimowe warunki atmosferyczne mog\u0105 ogranicza\u0107 widoczno\u015b\u0107 na drodze, co zwi\u0119ksza ryzyko wypadk\u00f3w Nowoczesne funkcje w samochodach, cho\u0107 s\u0105&hellip;\n","protected":false},"author":2,"featured_media":140522,"comment_status":"","ping_status":"","sticky":false,"template":"","format":"standard","meta":{"footnotes":""},"categories":[5],"tags":[210,32,33,36,37,27,1602,34,35,10372,28,31,48,25,46,42,38,40,39,41,25199,47,16775,29,30,26,7441],"class_list":{"0":"post-140521","1":"post","2":"type-post","3":"status-publish","4":"format-standard","5":"has-post-thumbnail","7":"category-naglowki","8":"tag-aktualnosci","9":"tag-breaking-news","10":"tag-breakingnews","11":"tag-featured-news","12":"tag-featurednews","13":"tag-headlines","14":"tag-jesien","15":"tag-latest-news","16":"tag-latestnews","17":"tag-mgla","18":"tag-naglowki","19":"tag-najwazniejsze-artykuly","20":"tag-nat_styl","21":"tag-news","22":"tag-omp","23":"tag-pl","24":"tag-poland","25":"tag-polish","26":"tag-polska","27":"tag-polski","28":"tag-rebrand_ai_tst1","29":"tag-screening_general","30":"tag-swiatla","31":"tag-top-stories","32":"tag-topstories","33":"tag-wiadomosci","34":"tag-zima"},"share_on_mastodon":{"url":"https:\/\/pubeurope.com\/@pl\/115688437796870575","error":""},"_links":{"self":[{"href":"https:\/\/www.europesays.com\/pl\/wp-json\/wp\/v2\/posts\/140521","targetHints":{"allow":["GET"]}}],"collection":[{"href":"https:\/\/www.europesays.com\/pl\/wp-json\/wp\/v2\/posts"}],"about":[{"href":"https:\/\/www.europesays.com\/pl\/wp-json\/wp\/v2\/types\/post"}],"author":[{"embeddable":true,"href":"https:\/\/www.europesays.com\/pl\/wp-json\/wp\/v2\/users\/2"}],"replies":[{"embeddable":true,"href":"https:\/\/www.europesays.com\/pl\/wp-json\/wp\/v2\/comments?post=140521"}],"version-history":[{"count":0,"href":"https:\/\/www.europesays.com\/pl\/wp-json\/wp\/v2\/posts\/140521\/revisions"}],"wp:featuredmedia":[{"embeddable":true,"href":"https:\/\/www.europesays.com\/pl\/wp-json\/wp\/v2\/media\/140522"}],"wp:attachment":[{"href":"https:\/\/www.europesays.com\/pl\/wp-json\/wp\/v2\/media?parent=140521"}],"wp:term":[{"taxonomy":"category","embeddable":true,"href":"https:\/\/www.europesays.com\/pl\/wp-json\/wp\/v2\/categories?post=140521"},{"taxonomy":"post_tag","embeddable":true,"href":"https:\/\/www.europesays.com\/pl\/wp-json\/wp\/v2\/tags?post=140521"}],"curies":[{"name":"wp","href":"https:\/\/api.w.org\/{rel}","templated":true}]}}