{"id":140741,"date":"2025-12-09T09:55:10","date_gmt":"2025-12-09T09:55:10","guid":{"rendered":"https:\/\/www.europesays.com\/pl\/140741\/"},"modified":"2025-12-09T09:55:10","modified_gmt":"2025-12-09T09:55:10","slug":"cba-zatrzymalo-inspektorow-nadzoru-budowlanego-w-warszawie-chodzi-o-lapowki","status":"publish","type":"post","link":"https:\/\/www.europesays.com\/pl\/140741\/","title":{"rendered":"CBA zatrzyma\u0142o inspektor\u00f3w nadzoru budowlanego w Warszawie. Chodzi o \u0142ap\u00f3wki"},"content":{"rendered":"<ul class=\"UnorderedList_container__nmfSl\">\n<li class=\"UnorderedList_listElement__Py7xi\" data-id=\"ai-summary-link\">Du\u017co czytania, a ma\u0142o czasu? Sprawd\u017a\u00a0skr\u00f3t\u00a0artyku\u0142u<\/li>\n<\/ul>\n<p class=\"Paragraph_desktopParagraph__U31Gm\">Zatrzymania to efekt \u015bledztwa prowadzonego przez agent\u00f3w <a href=\"https:\/\/wiadomosci.onet.pl\/warszawa\/cba-zatrzymalo-szefowa-warszawskiej-delegatury-nik\/qlmx71q\" id=\"509a09d5-6b08-45c1-9c37-748adef0cf78\" rel=\"nofollow noopener\" target=\"_blank\">warszawskiej delegatury CBA<\/a>, pod nadzorem mazowieckiego wydzia\u0142u Prokuratury Krajowej. W ubieg\u0142ym tygodniu w ich r\u0119ce wpad\u0142o osiem os\u00f3b. Przy zatrzymaniu jednej z os\u00f3b udzia\u0142 wzi\u0119li udzia\u0142 kontrterrory\u015bci.<\/p>\n<p>CBA: urz\u0119dnicy wymuszali \u0142ap\u00f3wki na interesantach PINB <\/p>\n<p class=\"Paragraph_desktopParagraph__U31Gm\">W przeszukaniach uczestniczyli natomiast funkcjonariusze delegatur CBA w Bia\u0142ymstoku, \u0141odzi i Gda\u0144sku. Zabezpieczono obszerny materia\u0142 dowodowy, w tym m.in. telefony, komputery, dokumenty oraz got\u00f3wk\u0119 w kwocie 1,4 mln z\u0142.<\/p>\n<p class=\"Paragraph_desktopParagraph__U31Gm\">ZOBACZ R\u00d3WNIE\u017b: <a href=\"https:\/\/wiadomosci.onet.pl\/warszawa\/agenci-cba-w-fundacji-ojca-rydzyka-znamy-kulisy\/mb3hqgd\" id=\"35a3c10d-ba55-4daf-b6f9-e935e500953f\" rel=\"nofollow noopener\" target=\"_blank\">Agenci CBA w fundacji ojca Rydzyka. Mamy list\u0119 um\u00f3w, kt\u00f3re zabezpieczyli<\/a><\/p>\n<p class=\"Paragraph_desktopParagraph__U31Gm\">Spo\u015br\u00f3d o\u015bmiu zatrzymanych os\u00f3b trzy pe\u0142ni\u0105 funkcje publiczne w Powiatowym Inspektoracie Nadzoru Budowlanego Warszawskim Zachodnim. Mieli dokonywa\u0107 przest\u0119pstw w\u0142a\u015bnie w zwi\u0105zku ze swoimi stanowiskami.<\/p>\n<p class=\"VideoPlayerText_videoPlayerText__iDwyz\">Dalszy ci\u0105g materia\u0142u pod wideo<\/p>\n<p class=\"Paragraph_desktopParagraph__U31Gm\">\u2014 Cz\u0142onkowie grupy przest\u0119pczej wymuszali \u0142ap\u00f3wki na interesantach PINB, uzale\u017cniaj\u0105c wydanie okre\u015blonych, korzystnych dla interesant\u00f3w decyzji od udzielenia im korzy\u015bci maj\u0105tkowych \u2014 informuje CBA.<\/p>\n<ul class=\"OchatFollowUps_wrapper__1ry7X\">\n<li class=\"OchatFollowUps_item__Dhyly OchatFollowUps_itemDesktop__R6aBv\">Ilu inspektor\u00f3w nadzoru budowlanego zatrzyma\u0142o CBA?<\/li>\n<li class=\"OchatFollowUps_item__Dhyly OchatFollowUps_itemDesktop__R6aBv\">Jakie zarzuty us\u0142yszeli zatrzymani?<\/li>\n<li class=\"OchatFollowUps_item__Dhyly OchatFollowUps_itemDesktop__R6aBv\">Ile got\u00f3wki zabezpieczono podczas przeszuka\u0144?<\/li>\n<li class=\"OchatFollowUps_item__Dhyly OchatFollowUps_itemDesktop__R6aBv\">Czy wszyscy zatrzymani przyznali si\u0119 do winy?<\/li>\n<\/ul>\n<p class=\"Paragraph_desktopParagraph__U31Gm\">ZOBACZ R\u00d3WNIE\u017b: <a href=\"https:\/\/wiadomosci.onet.pl\/lodz\/cba-zatrzymalo-straznikow-wieziennych-w-lodzi-mieli-przyjmowac-lapowki\/qkx23mh\" id=\"c4d98085-ba9d-41f7-ac61-baadcdedc9c2\" rel=\"nofollow noopener\" target=\"_blank\">Areszt w \u0141odzi pod lup\u0105 CBA. Dwaj stra\u017cnicy wi\u0119zienni trafili za kraty<\/a><\/p>\n<p>Us\u0142yszeli \u0142\u0105cznie 22 zarzuty <\/p>\n<p class=\"Paragraph_desktopParagraph__U31Gm\">Wszystkich zatrzymanych doprowadzono do mazowieckiego wydzia\u0142u Prokuratury Krajowej w Warszawie, gdzie us\u0142yszeli \u0142\u0105cznie 22 zarzuty, w tym dzia\u0142ania w zorganizowanej grupie przest\u0119pczej, wr\u0119czania i przyjmowania korzy\u015bci maj\u0105tkowych, jak r\u00f3wnie\u017c prania pieni\u0119dzy. Cz\u0119\u015b\u0107 podejrzanych przyzna\u0142a si\u0119 do zarzucanych czyn\u00f3w i z\u0142o\u017cy\u0142a obszerne wyja\u015bnienia.<\/p>\n<p class=\"Paragraph_desktopParagraph__U31Gm\">ZOBACZ R\u00d3WNIE\u017b: <a href=\"https:\/\/wiadomosci.onet.pl\/lublin\/samorzadowcy-i-przedsiebiorcy-zatrzymani-przez-cba-kulisy-akcji-sluzb\/q8qhe7s\" id=\"074c45d1-de60-42d5-8f82-fff04c99f9fa\" rel=\"nofollow noopener\" target=\"_blank\">Samorz\u0105dowcy i przedsi\u0119biorcy zatrzymani przez CBA. Kulisy akcji s\u0142u\u017cb<\/a><\/p>\n<p class=\"Paragraph_desktopParagraph__U31Gm\">\u2014 Prokurator wobec pi\u0119ciu zatrzymanych zastosowa\u0142 \u015brodki wolno\u015bciowe w postaci dozoru policji i por\u0119czenia maj\u0105tkowego. Natomiast wobec trzech pozosta\u0142ych \u2014 dw\u00f3ch urz\u0119dnik\u00f3w i jednego przedsi\u0119biorcy \u2014 s\u0105d zdecydowa\u0142 o tymczasowym aresztowaniu na okres trzech miesi\u0119cy. Sprawa ma charakter rozwojowy \u2014 podkre\u015bla CBA.<\/p>\n","protected":false},"excerpt":{"rendered":"Du\u017co czytania, a ma\u0142o czasu? Sprawd\u017a\u00a0skr\u00f3t\u00a0artyku\u0142u Zatrzymania to efekt \u015bledztwa prowadzonego przez agent\u00f3w warszawskiej delegatury CBA, pod nadzorem&hellip;\n","protected":false},"author":2,"featured_media":140742,"comment_status":"","ping_status":"","sticky":false,"template":"","format":"standard","meta":{"footnotes":"","_share_on_mastodon":"0"},"categories":[12],"tags":[32,33,359,36,37,27,67,7871,28789,34,35,28790,28,31,53,25,52,68,51,55,42,38,40,39,41,47,29,30,50,424,26],"class_list":["post-140741","post","type-post","status-publish","format-standard","has-post-thumbnail","category-polska","tag-breaking-news","tag-breakingnews","tag-cba","tag-featured-news","tag-featurednews","tag-headlines","tag-intextvideo_splayer","tag-korupcja_lapowka_lapowki","tag-lapowki","tag-latest-news","tag-latestnews","tag-nadzor_budowlany","tag-naglowki","tag-najwazniejsze-artykuly","tag-new_header","tag-news","tag-onet3","tag-onet3d","tag-onet3d_2i","tag-phx","tag-pl","tag-poland","tag-polish","tag-polska","tag-polski","tag-screening_general","tag-top-stories","tag-topstories","tag-v2021","tag-warszawa_miasto","tag-wiadomosci"],"share_on_mastodon":{"url":"https:\/\/pubeurope.com\/@pl\/115689011640911931","error":""},"_links":{"self":[{"href":"https:\/\/www.europesays.com\/pl\/wp-json\/wp\/v2\/posts\/140741","targetHints":{"allow":["GET"]}}],"collection":[{"href":"https:\/\/www.europesays.com\/pl\/wp-json\/wp\/v2\/posts"}],"about":[{"href":"https:\/\/www.europesays.com\/pl\/wp-json\/wp\/v2\/types\/post"}],"author":[{"embeddable":true,"href":"https:\/\/www.europesays.com\/pl\/wp-json\/wp\/v2\/users\/2"}],"replies":[{"embeddable":true,"href":"https:\/\/www.europesays.com\/pl\/wp-json\/wp\/v2\/comments?post=140741"}],"version-history":[{"count":0,"href":"https:\/\/www.europesays.com\/pl\/wp-json\/wp\/v2\/posts\/140741\/revisions"}],"wp:featuredmedia":[{"embeddable":true,"href":"https:\/\/www.europesays.com\/pl\/wp-json\/wp\/v2\/media\/140742"}],"wp:attachment":[{"href":"https:\/\/www.europesays.com\/pl\/wp-json\/wp\/v2\/media?parent=140741"}],"wp:term":[{"taxonomy":"category","embeddable":true,"href":"https:\/\/www.europesays.com\/pl\/wp-json\/wp\/v2\/categories?post=140741"},{"taxonomy":"post_tag","embeddable":true,"href":"https:\/\/www.europesays.com\/pl\/wp-json\/wp\/v2\/tags?post=140741"}],"curies":[{"name":"wp","href":"https:\/\/api.w.org\/{rel}","templated":true}]}}