{"id":140811,"date":"2025-12-09T10:37:08","date_gmt":"2025-12-09T10:37:08","guid":{"rendered":"https:\/\/www.europesays.com\/pl\/140811\/"},"modified":"2025-12-09T10:37:08","modified_gmt":"2025-12-09T10:37:08","slug":"w-sondazu-oceniono-premiera-tuska-przewazaja-negatywne-opinie","status":"publish","type":"post","link":"https:\/\/www.europesays.com\/pl\/140811\/","title":{"rendered":"W sonda\u017cu oceniono premiera Tuska. Przewa\u017caj\u0105 negatywne opinie"},"content":{"rendered":"\n<p>&#13;<br \/>\nZ najnowszego sonda\u017cu UCE Research na\u00a0zlecenie Onetu wynika, \u017ce\u00a0tylko 11,26 proc. Polak\u00f3w ocenia prac\u0119 Donalda Tuska bardzo dobrze. Opcj\u0119 &#8222;raczej dobrze&#8221; wybra\u0142o niemal dwa razy wi\u0119cej respondent\u00f3w \u2013\u00a021,84 proc. \u0141\u0105cznie 33,1 proc. uczestnik\u00f3w badania pozytywnie ocenia premiera. &#13;\n<\/p>\n<p>&#13;<br \/>\nNatomiast 17,53 proc. badanych twierdzi, \u017ce\u00a0Donald Tusk wykonuje swoj\u0105 prac\u0119 &#8222;raczej \u017ale&#8221;, a\u00a025,07 proc. respondent\u00f3w twierdzi, \u017ce\u00a0premier post\u0119puje &#8222;bardzo \u017ale&#8221;. Negatywnych opinii jest \u0142\u0105cznie 42,6 proc. 24,29 proc. ankietowanych nie\u00a0ma\u00a0wyrobionej opinii w\u00a0tym temacie. &#13;\n<\/p>\n<p>&#13;<br \/>\nNajlepiej premiera oceniaj\u0105 osoby najstarsze oraz\u00a0najzamo\u017cniejsze. Co\u00a0ciekawe premier jest pozytywnie oceniany wy\u0142\u0105cznie w\u015br\u00f3d wyborc\u00f3w Koalicji Obywatelskiej (75,7 proc. pozytywnych ocen) oraz\u00a0Lewicy (58,5 proc.). W\u015br\u00f3d zwolennik\u00f3w Polski 2050 oraz\u00a0Polskiego Stronnictwa Ludowego dominuj\u0105 osoby niezdecydowane (kolejno 44,8 proc. oraz\u00a040 proc. &#13;\n<\/p>\n<p>&#13;<br \/>\nCo ciekawe krytyk\u00f3w premiera jest wi\u0119cej w\u015br\u00f3d wyborc\u00f3w Konfederacji (72 proc.) ni\u017c\u00a0PiS (70 proc.) oraz\u00a0Korony (66 proc.). &#13;\n<\/p>\n<p>Partia Brauna z\u00a0najwi\u0119kszym wzrostem poparcia<\/p>\n<p>&#13;<br \/>\nZ kolei wed\u0142ug najnowszego badania przeprowadzonego przez United Surveys by\u00a0IBRiS dla\u00a0Wirtualnej Polski, <a href=\"https:\/\/dorzeczy.pl\/sondaz\/817106\/sondaz-ko-na-czele-korona-brauna-z-najwiekszym-wzrostem-poparcia.html\" rel=\"nofollow noopener\" target=\"_blank\">liderem na\u00a0polskiej scenie politycznej pozostaje Koalicja Obywatelska<\/a>, na\u00a0kt\u00f3r\u0105 chce g\u0142osowa\u0107 32,38 proc., o\u00a01,9 pkt proc. wi\u0119cej ni\u017c\u00a0w\u00a0poprzednim sonda\u017cu tej pracowni. &#13;\n<\/p>\n<p>&#13;<br \/>\nDrugie miejsce utrzymuje Prawo i\u00a0Sprawiedliwo\u015b\u0107. Ugrupowanie Jaros\u0142awa Kaczy\u0144skiego mo\u017ce liczy\u0107 na\u00a026,7 proc. g\u0142os\u00f3w, co\u00a0oznacza minimalny wzrost o\u00a00,3 pkt proc. &#13;\n<\/p>\n<p>&#13;<br \/>\nPodium zamyka Konfederacja (13,1 proc.), kt\u00f3ra traci 2,5 pkt proc., najwi\u0119cej spo\u015br\u00f3d wszystkich formacji uj\u0119tych w\u00a0badaniu. &#13;\n<\/p>\n<p>&#13;<br \/>\nZ kolei Konfederacja Korony Polskiej Grzegorza Brauna notuje najwi\u0119kszy wzrost (o 2\u00a0pkt proc.) i\u00a0cieszy si\u0119 poparciem 8,4 proc. ankietowanych. &#13;\n<\/p>\n<p>&#13;<br \/>\nDo Sejmu wesz\u0142aby jeszcze Lewica, na\u00a0kt\u00f3r\u0105 chce g\u0142osowa\u0107 7,1 proc. pytanych, o\u00a00,8 pkt proc. mniej ni\u017c\u00a0w\u00a0poprzednim sonda\u017cu. &#13;\n<\/p>\n<p>&#13;<br \/>\nCzytaj te\u017c:<br \/><a href=\"https:\/\/dorzeczy.pl\/kraj\/817034\/morawiecki-parodiuje-film-premiera-e-mail-od-merza-do-tuska.html\" rel=\"follow nofollow noopener\" data-schema=\"DORZECZY\" data-image=\"https:\/\/img.dorzeczy.pl\/_thumb\/5d\/50\/99e33460acabcc491b5d8339bc3d.jpeg\" target=\"_blank\">&#8222;Wiadomo\u015b\u0107&#8221; od\u00a0kanclerza Niemiec. Morawiecki parodiuje film Tuska<\/a>Czytaj te\u017c:<br \/><a href=\"https:\/\/dorzeczy.pl\/opinie\/817019\/spotkanie-w-londynie-donaldzie-tusku-dlaczego-nie-ma-tam-polski.html\" rel=\"follow nofollow noopener\" data-schema=\"DORZECZY\" data-image=\"https:\/\/img.dorzeczy.pl\/_thumb\/6d\/e2\/b469142deb2ebbcac985f7a5e8c0.jpeg\" target=\"_blank\">&#8222;Dlaczego nie\u00a0ma\u00a0tam Polski?&#8221;. Pose\u0142 PiS zwr\u00f3ci\u0142 si\u0119 do\u00a0Tuska<\/a> &#13;<\/p>\n","protected":false},"excerpt":{"rendered":"&#13; Z najnowszego sonda\u017cu UCE Research na\u00a0zlecenie Onetu wynika, \u017ce\u00a0tylko 11,26 proc. Polak\u00f3w ocenia prac\u0119 Donalda Tuska bardzo&hellip;\n","protected":false},"author":2,"featured_media":140812,"comment_status":"","ping_status":"","sticky":false,"template":"","format":"standard","meta":{"footnotes":""},"categories":[12],"tags":[32,33,1345,98,36,37,27,49,34,35,28,31,25,16178,42,38,40,39,41,101,380,366,29,30,26],"class_list":{"0":"post-140811","1":"post","2":"type-post","3":"status-publish","4":"format-standard","5":"has-post-thumbnail","7":"category-polska","8":"tag-breaking-news","9":"tag-breakingnews","10":"tag-donald-tusk","11":"tag-dorzeczy","12":"tag-featured-news","13":"tag-featurednews","14":"tag-headlines","15":"tag-kraj","16":"tag-latest-news","17":"tag-latestnews","18":"tag-naglowki","19":"tag-najwazniejsze-artykuly","20":"tag-news","21":"tag-oceny","22":"tag-pl","23":"tag-poland","24":"tag-polish","25":"tag-polska","26":"tag-polski","27":"tag-premier","28":"tag-rzad","29":"tag-sondaz","30":"tag-top-stories","31":"tag-topstories","32":"tag-wiadomosci"},"share_on_mastodon":{"url":"https:\/\/pubeurope.com\/@pl\/115689176714649579","error":""},"_links":{"self":[{"href":"https:\/\/www.europesays.com\/pl\/wp-json\/wp\/v2\/posts\/140811","targetHints":{"allow":["GET"]}}],"collection":[{"href":"https:\/\/www.europesays.com\/pl\/wp-json\/wp\/v2\/posts"}],"about":[{"href":"https:\/\/www.europesays.com\/pl\/wp-json\/wp\/v2\/types\/post"}],"author":[{"embeddable":true,"href":"https:\/\/www.europesays.com\/pl\/wp-json\/wp\/v2\/users\/2"}],"replies":[{"embeddable":true,"href":"https:\/\/www.europesays.com\/pl\/wp-json\/wp\/v2\/comments?post=140811"}],"version-history":[{"count":0,"href":"https:\/\/www.europesays.com\/pl\/wp-json\/wp\/v2\/posts\/140811\/revisions"}],"wp:featuredmedia":[{"embeddable":true,"href":"https:\/\/www.europesays.com\/pl\/wp-json\/wp\/v2\/media\/140812"}],"wp:attachment":[{"href":"https:\/\/www.europesays.com\/pl\/wp-json\/wp\/v2\/media?parent=140811"}],"wp:term":[{"taxonomy":"category","embeddable":true,"href":"https:\/\/www.europesays.com\/pl\/wp-json\/wp\/v2\/categories?post=140811"},{"taxonomy":"post_tag","embeddable":true,"href":"https:\/\/www.europesays.com\/pl\/wp-json\/wp\/v2\/tags?post=140811"}],"curies":[{"name":"wp","href":"https:\/\/api.w.org\/{rel}","templated":true}]}}