{"id":140817,"date":"2025-12-09T10:40:14","date_gmt":"2025-12-09T10:40:14","guid":{"rendered":"https:\/\/www.europesays.com\/pl\/140817\/"},"modified":"2025-12-09T10:40:14","modified_gmt":"2025-12-09T10:40:14","slug":"kylie-jenner-i-timothee-chalamet-zaskoczyli-na-premierze-stylizacje-zrobily-wrazenie","status":"publish","type":"post","link":"https:\/\/www.europesays.com\/pl\/140817\/","title":{"rendered":"Kylie Jenner i Timoth\u00e9e Chalamet zaskoczyli na premierze. Stylizacje zrobi\u0142y wra\u017cenie"},"content":{"rendered":"<p class=\"Paragraph_desktopParagraph__U31Gm\">W poniedzia\u0142ek 8 grudnia w Los Angeles odby\u0142a si\u0119 uroczysta premiera filmu &#8222;Marty Supreme&#8221;. Na czerwonym dywanie nie mog\u0142o zabrakn\u0105\u0107 odtw\u00f3rc\u00f3w g\u0142\u00f3wnych r\u00f3l. W\u015br\u00f3d nich znalaz\u0142 si\u0119 <a href=\"https:\/\/plejada.pl\/timothee-chalamet-aktor\" id=\"05365239-fd04-4e70-9e32-f20155e6b551\" rel=\"nofollow noopener\" target=\"_blank\">Timoth\u00e9e Chalamet<\/a>, kt\u00f3remu towarzyszy\u0142a jego ukochana Kylie Jenner. Wzrok wszystkich zgromadzonych przyku\u0142y ich stylizacje, kt\u00f3re zosta\u0142y perfekcyjnie dobrane kolorystycznie.<\/p>\n<ul class=\"OchatFollowUps_wrapper__1ry7X\">\n<li class=\"OchatFollowUps_item__Dhyly OchatFollowUps_itemDesktop__R6aBv\">Jakie stylizacje mia\u0142a na sobie Kylie Jenner?<\/li>\n<li class=\"OchatFollowUps_item__Dhyly OchatFollowUps_itemDesktop__R6aBv\">Co Timoth\u00e9e Chalamet mia\u0142 na sobie na premierze?<\/li>\n<li class=\"OchatFollowUps_item__Dhyly OchatFollowUps_itemDesktop__R6aBv\">Kiedy odby\u0142a si\u0119 premiera filmu 'Marty Supreme&#8217;?<\/li>\n<li class=\"OchatFollowUps_item__Dhyly OchatFollowUps_itemDesktop__R6aBv\">Jakie wydarzenia filmowe wcze\u015bniej odwiedza\u0142a Kylie Jenner z Chalametem?<\/li>\n<\/ul>\n<p>Timoth\u00e9e Chalamet z etui na paletki do ping-ponga. Kylie Jenner postawi\u0142a na krzy\u017ce <\/p>\n<p class=\"Paragraph_desktopParagraph__U31Gm\">Para postawi\u0142a na odwa\u017cne, intensywnie pomara\u0144czowe kreacje od luksusowego domu mody Chrome Hearts. 29-letni aktor zaprezentowa\u0142 si\u0119 w jaskrawym sk\u00f3rzanym garniturze, do kt\u00f3rego dobra\u0142 jedwabn\u0105 koszul\u0119 i buty w tym samym odcieniu. Ca\u0142o\u015b\u0107 uzupe\u0142ni\u0142 nietuzinkowym dodatkiem \u2013 czarnym sk\u00f3rzanym etui na&#8230; paletki do ping-ponga.<\/p>\n<p class=\"Paragraph_desktopParagraph__U31Gm\"><a href=\"https:\/\/plejada.pl\/kylie-jenner\" id=\"ba4b1bb6-afd5-4df5-9687-1833077d1c91\" rel=\"nofollow noopener\" target=\"_blank\">Kylie Jenner<\/a> z kolei wybra\u0142a d\u0142ug\u0105 sukni\u0119 z efektownymi wyci\u0119ciami pod biustem i w talii. Centralnym elementem kreacji by\u0142 krzy\u017c, kt\u00f3ry pojawi\u0142 si\u0119 zar\u00f3wno na g\u0142\u0119bokim dekolcie w kszta\u0142cie litery V, jak i na naszyjniku, uzupe\u0142nionym o kilka mniejszych krzy\u017cy. Stylizacj\u0119 dope\u0142ni\u0142y pomara\u0144czowe szpilki oraz makija\u017c w odcieniach pomara\u0144czy i r\u00f3\u017cu. Jenner zadba\u0142a o ka\u017cdy detal \u2013 jej paznokcie r\u00f3wnie\u017c by\u0142y pomalowane na intensywny pomara\u0144czowy kolor.<\/p>\n<p class=\"Paragraph_desktopParagraph__U31Gm\">Chocia\u017c ich oficjalne wyj\u015bcia na czerwony dywan s\u0105 rzadkie, Jenner ju\u017c wcze\u015bniej towarzyszy\u0142a Chalamet podczas presti\u017cowych wydarze\u0144 filmowych, takich jak Z\u0142ote Globy, BAFTA czy Oscary. W styczniu 2025 r. na gali Z\u0142otych Glob\u00f3w Jenner zachwyci\u0142a w srebrnej sukni z kolczugi, podczas gdy Chalamet wybra\u0142 klasyczny czarny garnitur z niebieskim akcentem. Na ceremonii BAFTA w lutym para postawi\u0142a na eleganck\u0105 czer\u0144 \u2013 Jenner w zwiewnej sukni, a Chalamet w klasycznym garniturze Bottega Veneta. Z kolei podczas rozdania Oscar\u00f3w aktor zaskoczy\u0142 ma\u015blano-\u017c\u00f3\u0142tym garniturem Givenchy, a Jenner zaprezentowa\u0142a si\u0119 w odwa\u017cnej kreacji od Miu Miu, zdobionej koralikami.<\/p>\n<p><img decoding=\"async\" class=\"Image_image__0tuHp Image_autoHeight__f2n87 \" height=\"587\" width=\"880\" src=\"https:\/\/www.europesays.com\/pl\/wp-content\/uploads\/2025\/12\/hi_k9kpTURBXy84ZWNlZTZiNGRhZWI5OGUzYTNiOTFkMWE1ZGRiZTQwZi5qcGeSlQLNA6wAwsOVAgDNAkvCw94AA6EwAaExAaEzw.jpeg\" alt=\"Kylie Jenner i Timothee Chalamet (2025r.)\" loading=\"lazy\" \/>Vittorio Zunino Celotto\/Getty Images \/ Getty Images<\/p>\n<p>Kylie Jenner i Timothee Chalamet (2025r.)<\/p>\n<p class=\"Paragraph_desktopParagraph__U31Gm\">Dzi\u0119kujemy, \u017ce przeczyta\u0142a\u015b\/e\u015b nasz artyku\u0142 do ko\u0144ca. W serwisie Plejada.pl ka\u017cdego dnia piszemy o najwa\u017cniejszych wydarzeniach show-biznesowych. B\u0105d\u017a na bie\u017c\u0105co! <a rel=\"nofollow noopener\" href=\"https:\/\/profile.google.com\/cp\/Cg0vZy8xMWJ6X19wdHBx\" id=\"63dac94d-a9bc-46cb-b2a6-93038e045f35\" target=\"_blank\">Obserwuj<\/a> Plejad\u0119 w Google. Odwied\u017a nas tak\u017ce na <a rel=\"nofollow noopener\" href=\"https:\/\/www.facebook.com\/plejadapl\" id=\"ff230d8f-5774-4300-b60a-a45c2a1cb688\" target=\"_blank\">Facebooku<\/a>, <a rel=\"nofollow noopener\" href=\"https:\/\/www.instagram.com\/plejadapl\/\" id=\"18886a71-1863-45e1-8122-d8fa6b41d5ff\" target=\"_blank\">Instagramie<\/a>, <a rel=\"nofollow noopener\" href=\"https:\/\/www.youtube.com\/c\/plejada\" id=\"7f9698d5-e8a2-4404-908b-1ce2488c8ad7\" target=\"_blank\">YouTubie<\/a> oraz <a rel=\"nofollow noopener\" href=\"https:\/\/www.tiktok.com\/@plejada_pl\" id=\"1a86f464-6167-4c96-b614-591d5aae9699\" target=\"_blank\">TikToku<\/a>.<\/p>\n<p class=\"Paragraph_desktopParagraph__U31Gm\">Chcesz podzieli\u0107 si\u0119 ciekawym newsem lub zaproponowa\u0107 temat? Skontaktuj si\u0119 z nami, pisz\u0105c maila na adres: <a href=\"https:\/\/www.onet.pl\/styl-zycia\/plejada\/kylie-jenner-i-timothee-chalamet-zaskoczyli-na-premierze-stylizacje-zrobily-wrazenie\/mailto:plejada@redakcjaonet.pl\" id=\"5c91103f-ff26-40ff-a613-fbce2d72ff9d\" rel=\"nofollow noopener\" target=\"_blank\">plejada@redakcjaon<\/a><a rel=\"nofollow noopener\" href=\"http:\/\/et.pl\" id=\"79c128ec-f017-45a3-990f-6cb4233f44dc\" target=\"_blank\">et.pl<\/a>.<\/p>\n<p><script async src=\"\/\/www.instagram.com\/embed.js\"><\/script><script async src=\"\/\/www.tiktok.com\/embed.js\"><\/script><\/p>\n","protected":false},"excerpt":{"rendered":"W poniedzia\u0142ek 8 grudnia w Los Angeles odby\u0142a si\u0119 uroczysta premiera filmu &#8222;Marty Supreme&#8221;. Na czerwonym dywanie nie&hellip;\n","protected":false},"author":2,"featured_media":140818,"comment_status":"","ping_status":"","sticky":false,"template":"","format":"standard","meta":{"footnotes":""},"categories":[22],"tags":[122,808,28794,922,53,52,68,51,55,42,38,40,39,41,25468,123,47,196,21280,65,50],"class_list":{"0":"post-140817","1":"post","2":"type-post","3":"status-publish","4":"format-standard","5":"has-post-thumbnail","7":"category-rozrywka","8":"tag-entertainment","9":"tag-film_filmy_kino_kinematografia_aktorka_aktor_aktorzy_aktorki_rezyserzy","10":"tag-kylie_jenner","11":"tag-moda_pokazy_mody_ubrania_design","12":"tag-new_header","13":"tag-onet3","14":"tag-onet3d","15":"tag-onet3d_2i","16":"tag-phx","17":"tag-pl","18":"tag-poland","19":"tag-polish","20":"tag-polska","21":"tag-polski","22":"tag-regwall_tst1","23":"tag-rozrywka","24":"tag-screening_general","25":"tag-styl_zycia","26":"tag-timothee_chalamet_aktor","27":"tag-update_me","28":"tag-v2021"},"share_on_mastodon":{"url":"https:\/\/pubeurope.com\/@pl\/115689188823496970","error":""},"_links":{"self":[{"href":"https:\/\/www.europesays.com\/pl\/wp-json\/wp\/v2\/posts\/140817","targetHints":{"allow":["GET"]}}],"collection":[{"href":"https:\/\/www.europesays.com\/pl\/wp-json\/wp\/v2\/posts"}],"about":[{"href":"https:\/\/www.europesays.com\/pl\/wp-json\/wp\/v2\/types\/post"}],"author":[{"embeddable":true,"href":"https:\/\/www.europesays.com\/pl\/wp-json\/wp\/v2\/users\/2"}],"replies":[{"embeddable":true,"href":"https:\/\/www.europesays.com\/pl\/wp-json\/wp\/v2\/comments?post=140817"}],"version-history":[{"count":0,"href":"https:\/\/www.europesays.com\/pl\/wp-json\/wp\/v2\/posts\/140817\/revisions"}],"wp:featuredmedia":[{"embeddable":true,"href":"https:\/\/www.europesays.com\/pl\/wp-json\/wp\/v2\/media\/140818"}],"wp:attachment":[{"href":"https:\/\/www.europesays.com\/pl\/wp-json\/wp\/v2\/media?parent=140817"}],"wp:term":[{"taxonomy":"category","embeddable":true,"href":"https:\/\/www.europesays.com\/pl\/wp-json\/wp\/v2\/categories?post=140817"},{"taxonomy":"post_tag","embeddable":true,"href":"https:\/\/www.europesays.com\/pl\/wp-json\/wp\/v2\/tags?post=140817"}],"curies":[{"name":"wp","href":"https:\/\/api.w.org\/{rel}","templated":true}]}}