{"id":140947,"date":"2025-12-09T11:57:09","date_gmt":"2025-12-09T11:57:09","guid":{"rendered":"https:\/\/www.europesays.com\/pl\/140947\/"},"modified":"2025-12-09T11:57:09","modified_gmt":"2025-12-09T11:57:09","slug":"beda-nowe-odcinki-rancza-prezes-tvp-wydal-specjalny-komunikat","status":"publish","type":"post","link":"https:\/\/www.europesays.com\/pl\/140947\/","title":{"rendered":"B\u0119d\u0105 nowe odcinki \u201eRancza\u201d! Prezes TVP wyda\u0142 specjalny komunikat"},"content":{"rendered":"<ul>\n<li>Prezes Telewizji Polskiej potwierdzi\u0142, \u017ce powstan\u0105 nowe odcinki \u201eRancza\u201d.<\/li>\n<li>\u201eRanczo\u201d powr\u00f3ci na anten\u0119 TVP z nowymi odcinkami.<\/li>\n<li>Klamka zapad\u0142a! \u201eRanczo\u201d doczeka si\u0119 kontynuacji i sze\u015bciu nowych odcink\u00f3w.<\/li>\n<\/ul>\n<p>\t\t\t\t                                    \t<a name=\"eztoc22700406_0_3\" id=\"eztoc22700406_0_3\"\/>\u201eRanczo\u201d wraca do TVP. Powstanie sze\u015b\u0107 nowych odcink\u00f3w<\/p>\n<p>O powrocie \u201e<br \/>\n<a href=\"https:\/\/www.meloradio.pl\/tag\/kategoria\/ranczo\" target=\"_blank\" rel=\"dofollow noopener\">Rancza<\/a>\u201d m\u00f3wi\u0142o si\u0119 ju\u017c od jakiego\u015b czasu. Najpierw<br \/>\n<a href=\"https:\/\/www.meloradio.pl\/newsy\/bedzie-nowy-sezon-rancza-cezary-zak-i-artur-barcis-powracaja\" target=\"_blank\" rel=\"dofollow noopener\">mia\u0142o powsta\u0107 s\u0142uchowisko<\/a>, a wkr\u00f3tce<br \/>\n<a href=\"https:\/\/www.meloradio.pl\/newsy\/bedzie-kontynuacja-rancza-jest-oficjalny-komentarz-tvp-ws-serialu\" target=\"_blank\" rel=\"dofollow noopener\">Telewizja Polska potwierdzi\u0142a, \u017ce rozmawia na temat reaktywacji serialu<\/a>. I chocia\u017c wok\u00f3\u0142 nowych odcink\u00f3w \u201eRancza\u201d zrobi\u0142o si\u0119 niez\u0142e zamieszanie, a<br \/>\n<a href=\"https:\/\/www.meloradio.pl\/dramy\/zamieszanie-wokol-nowych-odcinkow-rancza-rezyser-narzeka-tvp-odpowiada\" target=\"_blank\" rel=\"dofollow noopener\">Wojciech Adamczyk narzeka\u0142 na niezdecydowanie w\u0142adz TVP<\/a>, w ko\u0144cu klamka zapad\u0142a.<\/p>\n<blockquote class=\"blockquote\">\n<p>    Wiem, \u017ce mn\u00f3stwo os\u00f3b na tak\u0105 wiadomo\u015b\u0107 czeka\u0142o. No to niemal na Miko\u0142ajki. Dogadali\u015bmy si\u0119. Powstanie 6 premierowych odcink\u00f3w Rancza. Szczeg\u00f3\u0142y wkr\u00f3tce<br \/>\n    &#8211; napisa\u0142 na Facebooku dyrektor generalny TVP, Tomasz Sygut.<\/p><\/blockquote>\n<p><a name=\"eztoc22700406_0_4\" id=\"eztoc22700406_0_4\"\/>Powstan\u0105 nowe odcinki \u201eRancza\u201d. \u201eOstatni sezon\u201d<\/p>\n<p>Informacj\u0119 o powstaniu nowych odcink\u00f3w \u201eRancza\u201d potwierdzi\u0142 Maciej Strzembosz, mniejszo\u015bciowy udzia\u0142owiec sp\u00f3\u0142ki Studio A, kt\u00f3ra wyprodukowa\u0142a wszystkie sezony serialu. &#8211; W\u0142a\u015bnie dogadali\u015bmy si\u0119 z TVP, b\u0119dzie ostatni sezon \u201eRancza\u201d, 6 odcink\u00f3w. Wi\u0119cej niebawem oficjalnymi kana\u0142ami TVP &#8211; napisa\u0142.<\/p>\n<p>\n<a href=\"https:\/\/www.meloradio.pl\/newsy\/o-czym-beda-nowe-odcinki-rancza-wiadomo-co-z-postacia-kusego\" target=\"_blank\" rel=\"dofollow noopener\">Ju\u017c wiadomo, o czym opowiedz\u0105 nowe odcinki \u201eRancza\u201d<\/a>. Tw\u00f3rcy nie planuj\u0105 pe\u0142noprawnej kontynuacji serii. Chc\u0105 jedynie domkn\u0105\u0107 w\u0105tki lubianych postaci i odda\u0107 w ten spos\u00f3b ho\u0142d zmar\u0142emu scenarzy\u015bcie \u201eRancza\u201d Andrzejowi Grembowiczowi, kt\u00f3ry napisa\u0142 wst\u0119pny scenariusz do kontynuacji o roboczym tytule \u201eRanczo. Zemsta wied\u017am\u201d.<\/p>\n<p>\u0179r\u00f3d\u0142o: Meloradio.pl<\/p>\n","protected":false},"excerpt":{"rendered":"Prezes Telewizji Polskiej potwierdzi\u0142, \u017ce powstan\u0105 nowe odcinki \u201eRancza\u201d. \u201eRanczo\u201d powr\u00f3ci na anten\u0119 TVP z nowymi odcinkami. Klamka&hellip;\n","protected":false},"author":2,"featured_media":140948,"comment_status":"","ping_status":"","sticky":false,"template":"","format":"standard","meta":{"footnotes":""},"categories":[22],"tags":[122,42,38,40,39,41,18222,123,218,506],"class_list":{"0":"post-140947","1":"post","2":"type-post","3":"status-publish","4":"format-standard","5":"has-post-thumbnail","7":"category-rozrywka","8":"tag-entertainment","9":"tag-pl","10":"tag-poland","11":"tag-polish","12":"tag-polska","13":"tag-polski","14":"tag-ranczo","15":"tag-rozrywka","16":"tag-seriale","17":"tag-tvp"},"share_on_mastodon":{"url":"https:\/\/pubeurope.com\/@pl\/115689491387155233","error":""},"_links":{"self":[{"href":"https:\/\/www.europesays.com\/pl\/wp-json\/wp\/v2\/posts\/140947","targetHints":{"allow":["GET"]}}],"collection":[{"href":"https:\/\/www.europesays.com\/pl\/wp-json\/wp\/v2\/posts"}],"about":[{"href":"https:\/\/www.europesays.com\/pl\/wp-json\/wp\/v2\/types\/post"}],"author":[{"embeddable":true,"href":"https:\/\/www.europesays.com\/pl\/wp-json\/wp\/v2\/users\/2"}],"replies":[{"embeddable":true,"href":"https:\/\/www.europesays.com\/pl\/wp-json\/wp\/v2\/comments?post=140947"}],"version-history":[{"count":0,"href":"https:\/\/www.europesays.com\/pl\/wp-json\/wp\/v2\/posts\/140947\/revisions"}],"wp:featuredmedia":[{"embeddable":true,"href":"https:\/\/www.europesays.com\/pl\/wp-json\/wp\/v2\/media\/140948"}],"wp:attachment":[{"href":"https:\/\/www.europesays.com\/pl\/wp-json\/wp\/v2\/media?parent=140947"}],"wp:term":[{"taxonomy":"category","embeddable":true,"href":"https:\/\/www.europesays.com\/pl\/wp-json\/wp\/v2\/categories?post=140947"},{"taxonomy":"post_tag","embeddable":true,"href":"https:\/\/www.europesays.com\/pl\/wp-json\/wp\/v2\/tags?post=140947"}],"curies":[{"name":"wp","href":"https:\/\/api.w.org\/{rel}","templated":true}]}}