{"id":141030,"date":"2025-12-09T12:42:08","date_gmt":"2025-12-09T12:42:08","guid":{"rendered":"https:\/\/www.europesays.com\/pl\/141030\/"},"modified":"2025-12-09T12:42:08","modified_gmt":"2025-12-09T12:42:08","slug":"lukaszenko-reaguje-na-sytuacje-na-granicy-z-litwa-nie-potrzebujemy-wojny","status":"publish","type":"post","link":"https:\/\/www.europesays.com\/pl\/141030\/","title":{"rendered":"\u0141ukaszenko reaguje na sytuacj\u0119 na granicy z Litw\u0105. &#8222;Nie potrzebujemy wojny&#8221;"},"content":{"rendered":"<p class=\"Paragraph_desktopParagraph__U31Gm\">We wtorek <a href=\"https:\/\/wiadomosci.onet.pl\/swiat\/litwa-wprowadza-stan-wyjatkowy-w-calym-kraju\/3gjhm0m\" id=\"3fbc5fed-adc7-4c38-a0ee-8d138b585fd9\" rel=\"nofollow noopener\" target=\"_blank\">litewski rz\u0105d poinformowa\u0142, \u017ce podj\u0105\u0142 decyzj\u0119 o wprowadzeniu stanu wyj\u0105tkowego<\/a> na terenie ca\u0142ego kraju. Ma to zwi\u0105zek z balonami przemytniczymi, kt\u00f3re wysy\u0142ane s\u0105 z terenu Bia\u0142orusi. Wed\u0142ug danych MSW Litwy, w tym roku odnotowano oko\u0142o 600 przypadk\u00f3w naruszenia jej przestrzeni powietrznej przez balony przemytnicze znad Bia\u0142orusi i 197 przez drony. Litewska premier Inga Ruginiene powiedzia\u0142a, \u017ce s\u0105 to ataki hybrydowe i kraj musi &#8222;podj\u0105\u0107 najsurowsze \u015brodki&#8221;. Kilka godzin po pojawieniu si\u0119 tej informacji zareagowa\u0142 na ni\u0105 przyw\u00f3dca Bia\u0142orusi Aleksander \u0141ukaszenko.<\/p>\n<p class=\"VideoPlayerText_videoPlayerText__iDwyz\">Dalszy ci\u0105g materia\u0142u pod wideo<\/p>\n<ul class=\"OchatFollowUps_wrapper__1ry7X\">\n<li class=\"OchatFollowUps_item__Dhyly OchatFollowUps_itemDesktop__R6aBv\">Jak zareagowa\u0142 \u0141ukaszenko na stan wyj\u0105tkowy na Litwie?<\/li>\n<li class=\"OchatFollowUps_item__Dhyly OchatFollowUps_itemDesktop__R6aBv\">Co \u0141ukaszenko powiedzia\u0142 o wojnie?<\/li>\n<li class=\"OchatFollowUps_item__Dhyly OchatFollowUps_itemDesktop__R6aBv\">Jakie zarzuty wobec Litwy postawi\u0142 \u0141ukaszenko?<\/li>\n<li class=\"OchatFollowUps_item__Dhyly OchatFollowUps_itemDesktop__R6aBv\">Co powiedzia\u0142 \u0141ukaszenko o litewskich ci\u0119\u017car\u00f3wkach?<\/li>\n<\/ul>\n<p>\u0141ukaszenko: Bia\u0142oru\u015b nie potrzebuje wojny <\/p>\n<p class=\"Paragraph_desktopParagraph__U31Gm\">\u0141ukaszenko stwierdzi\u0142 na spotkaniu Rady Bezpiecze\u0144stwa, \u017ce zarzuty Litwy s\u0105 nieprawdziwe i \u017ce politycy tego kraju &#8222;podsycaj\u0105 i upolityczniaj\u0105&#8221; problem. Oceni\u0142 te\u017c, \u017ce &#8222;Bia\u0142oru\u015b nie potrzebuje wojny&#8221;, podobnie jak Litwini, Polacy czy Esto\u0144czycy.<\/p>\n<p class=\"Paragraph_desktopParagraph__U31Gm\">\u2014 Nawojowali\u015bmy si\u0119, wystarczy. Stracili\u015bmy tak wielu ludzi. Jeszcze \u017cyj\u0105 pokolenia, kt\u00f3re widzia\u0142y t\u0119 wojn\u0119 \u2014 powiedzia\u0142, cytowany przez Bie\u0142t\u0119. Doda\u0142 jednak, \u017ce &#8222;Bia\u0142oru\u015b przygotowuje si\u0119 do tej wojny, aby jej nie by\u0142o&#8221; i jest w ka\u017cdej chwili gotowa rozmawia\u0107 przy stole negocjacyjnym. Zapewni\u0142, \u017ce Bia\u0142oru\u015b jest gotowa budowa\u0107 normalne stosunki we wszystkich dziedzinach. \u2014 Z narodem litewskim zawsze dojdziemy do porozumienia. Tak samo, jak z Polakami. To s\u0105 nasi ludzie \u2014 podkre\u015bli\u0142.<\/p>\n<p class=\"Paragraph_desktopParagraph__U31Gm\">\u0141ukaszenko w swoim wyst\u0105pieniu nawi\u0105za\u0142 te\u017c do <a href=\"https:\/\/wiadomosci.onet.pl\/swiat\/litwa-zamyka-przejscia-graniczne-z-bialorusia-atak-hybrydowy\/748981l\" id=\"ef9a6fe6-0de9-4c3d-b2b1-bee5da0ec964\" rel=\"nofollow noopener\" target=\"_blank\">zamkni\u0119cia granicy bia\u0142orusko-litewskiej<\/a> w pa\u017adzierniku. Zwr\u00f3ci\u0142 uwag\u0119, \u017ce Bia\u0142oru\u015b zadba\u0142a o litewskie ci\u0119\u017car\u00f3wki, kt\u00f3re zosta\u0142y na jej terytorium, podczas gdy na Litwie bia\u0142oruskie samochody &#8222;zosta\u0142y na poboczu drogi&#8221;. \u2014 U nas jest to nie do przyj\u0119cia \u2014 powiedzia\u0142.<\/p>\n","protected":false},"excerpt":{"rendered":"We wtorek litewski rz\u0105d poinformowa\u0142, \u017ce podj\u0105\u0142 decyzj\u0119 o wprowadzeniu stanu wyj\u0105tkowego na terenie ca\u0142ego kraju. Ma to&hellip;\n","protected":false},"author":2,"featured_media":141031,"comment_status":"","ping_status":"","sticky":false,"template":"","format":"standard","meta":{"footnotes":""},"categories":[14],"tags":[501,864,32,33,27,67,34,35,715,28,31,53,25,52,68,51,55,40,41,47,80,29,30,65,50,26,82,83,84],"class_list":{"0":"post-141030","1":"post","2":"type-post","3":"status-publish","4":"format-standard","5":"has-post-thumbnail","7":"category-swiat","8":"tag-aleksander_lukaszenko_bialoruski_dyktator","9":"tag-bialorus_bialorusin_bialorusinka_bialorusini","10":"tag-breaking-news","11":"tag-breakingnews","12":"tag-headlines","13":"tag-intextvideo_splayer","14":"tag-latest-news","15":"tag-latestnews","16":"tag-litwa_kraj","17":"tag-naglowki","18":"tag-najwazniejsze-artykuly","19":"tag-new_header","20":"tag-news","21":"tag-onet3","22":"tag-onet3d","23":"tag-onet3d_2i","24":"tag-phx","25":"tag-polish","26":"tag-polski","27":"tag-screening_general","28":"tag-swiat","29":"tag-top-stories","30":"tag-topstories","31":"tag-update_me","32":"tag-v2021","33":"tag-wiadomosci","34":"tag-world","35":"tag-world-news","36":"tag-worldnews"},"share_on_mastodon":{"url":"https:\/\/pubeurope.com\/@pl\/115689668273508002","error":""},"_links":{"self":[{"href":"https:\/\/www.europesays.com\/pl\/wp-json\/wp\/v2\/posts\/141030","targetHints":{"allow":["GET"]}}],"collection":[{"href":"https:\/\/www.europesays.com\/pl\/wp-json\/wp\/v2\/posts"}],"about":[{"href":"https:\/\/www.europesays.com\/pl\/wp-json\/wp\/v2\/types\/post"}],"author":[{"embeddable":true,"href":"https:\/\/www.europesays.com\/pl\/wp-json\/wp\/v2\/users\/2"}],"replies":[{"embeddable":true,"href":"https:\/\/www.europesays.com\/pl\/wp-json\/wp\/v2\/comments?post=141030"}],"version-history":[{"count":0,"href":"https:\/\/www.europesays.com\/pl\/wp-json\/wp\/v2\/posts\/141030\/revisions"}],"wp:featuredmedia":[{"embeddable":true,"href":"https:\/\/www.europesays.com\/pl\/wp-json\/wp\/v2\/media\/141031"}],"wp:attachment":[{"href":"https:\/\/www.europesays.com\/pl\/wp-json\/wp\/v2\/media?parent=141030"}],"wp:term":[{"taxonomy":"category","embeddable":true,"href":"https:\/\/www.europesays.com\/pl\/wp-json\/wp\/v2\/categories?post=141030"},{"taxonomy":"post_tag","embeddable":true,"href":"https:\/\/www.europesays.com\/pl\/wp-json\/wp\/v2\/tags?post=141030"}],"curies":[{"name":"wp","href":"https:\/\/api.w.org\/{rel}","templated":true}]}}