{"id":141034,"date":"2025-12-09T12:44:10","date_gmt":"2025-12-09T12:44:10","guid":{"rendered":"https:\/\/www.europesays.com\/pl\/141034\/"},"modified":"2025-12-09T12:44:10","modified_gmt":"2025-12-09T12:44:10","slug":"marzena-rogalska-nie-wytrzymala-na-antenie-tak-zareagowala-na-wiesci-o-stingu","status":"publish","type":"post","link":"https:\/\/www.europesays.com\/pl\/141034\/","title":{"rendered":"Marzena Rogalska nie wytrzyma\u0142a na antenie. Tak zareagowa\u0142a na wie\u015bci o Stingu"},"content":{"rendered":"<p class=\"ods-c-paragraph \">We wtorkowym wydaniu <a href=\"https:\/\/plejada.pl\/pytanie-na-sniadanie\" id=\"a010d993-9b07-493a-b9fa-3ef5acb08539\" rel=\"nofollow noopener\" target=\"_blank\">&#8222;Pytania na \u015bniadanie&#8221;<\/a> z widzami telewizyjnej Dw\u00f3jki przywitali si\u0119 Marzena Rogalska i \u0141ukasz Nowicki. Nie jest tajemnic\u0105, \u017ce podczas sylwestra TVP <a href=\"https:\/\/plejada.pl\/newsy\/sting-wystapi-na-sylwestrze-w-tvp-w-sieci-fala-komentarzy\/6rt5p1m\" id=\"05e53285-de5d-4d8b-951b-8c02b4535888\" rel=\"nofollow noopener\" target=\"_blank\">gwiazd\u0105 wieczoru b\u0119dzie Sting<\/a>. Wiadomo\u015b\u0107 ta bardzo rozemocjonowa\u0142a gospodyni\u0119 \u015bniadani\u00f3wki, kt\u00f3ra w pewnym momencie do swoich go\u015bci wypali\u0142a:<\/p>\n<blockquote class=\"ods-o-quota\">\n<p class=\"ods-o-quota__paragraph\">Wiecie, \u017ce Sting b\u0119dzie na Sylwestrze? Dok\u0142adnie tak. Podczas &#8222;Sylwestra z Dw\u00f3jk\u0105&#8221; b\u0119dzie Sting<\/p>\n<\/blockquote>\n<p class=\"ods-c-paragraph \">\u2014 og\u0142osi\u0142a z dum\u0105 i nutk\u0105 ekscytacji.<\/p>\n<p>Dalszy ci\u0105g artyku\u0142u pod materia\u0142em wideo<\/p>\n<p> Kto prowadzi\u0142 program 'Pytanie na \u015bniadanie&#8217;? <\/p>\n<p> Kto b\u0119dzie gwiazd\u0105 sylwestra z TVP? <\/p>\n<p> Gdzie odb\u0119dzie si\u0119 'Sylwester z Dw\u00f3jk\u0105&#8217;? <\/p>\n<p> Jak\u0105 rol\u0119 pe\u0142ni\u0142 Sting przed rozpocz\u0119ciem kariery muzycznej? <\/p>\n<p>  Kiedy\u015b by\u0142 nauczycielem. Teraz porwie publiczno\u015b\u0107 &#8222;Sylwestra z Dw\u00f3jk\u0105&#8221;<\/p>\n<p class=\"ods-c-paragraph \">Chwil\u0119 p\u00f3\u017aniej dziennikarka serwisu informacyjnego \u015bniadani\u00f3wki powr\u00f3ci\u0142a do ekscytuj\u0105cego newsa. \u2014 To nie jest wiadomo\u015b\u0107 w butelce, tylko oficjalny hit \u2014 zapowiedzia\u0142a prezenterka. Chwil\u0119 p\u00f3\u017aniej wyemitowano materia\u0142, w kt\u00f3rym przybli\u017cono sylwetk\u0119 artysty.<\/p>\n<blockquote class=\"ods-o-quota\">\n<p class=\"ods-o-quota__paragraph\">Jest &#8222;Anglikiem w Nowym Jorku&#8221;. Zna &#8222;kszta\u0142t swego serca&#8221;, stale obserwuje ukochan\u0105 &#8222;z ka\u017cdym jej krokiem czy u\u015bmiechem&#8221;. I nied\u0142ugo b\u0119dzie najwi\u0119ksz\u0105 gwiazd\u0105 sylwestra z telewizyjn\u0105 Dw\u00f3jk\u0105. Kariera Stinga nabra\u0142a rozp\u0119du dzi\u0119ki wyst\u0119pom w legendarnej grupie The Police. Ale zanim zosta\u0142 gwiazd\u0105 rocka, pracowa\u0142 jako nauczyciel w Newcastle<\/p>\n<\/blockquote>\n<p class=\"ods-c-paragraph \">\u2014 us\u0142yszeli\u015bmy w materiale.<\/p>\n<p class=\"ods-c-paragraph \">\u2014 Nied\u0142ugo da prawdziw\u0105 lekcj\u0119 muzyki przeznaczon\u0105 dla widz\u00f3w w naszym kraju. &#8222;Sylwester z Dw\u00f3jk\u0105&#8221; o 19:50 w Katowicach pod Spodkiem i w TVP2 \u2014 podsumowa\u0142 narrator.<\/p>\n<p class=\"ods-c-paragraph \">Dzi\u0119kujemy, \u017ce przeczyta\u0142a\u015b\/e\u015b nasz artyku\u0142 do ko\u0144ca. W serwisie Plejada.pl ka\u017cdego dnia piszemy o najwa\u017cniejszych wydarzeniach show-biznesowych. B\u0105d\u017a na bie\u017c\u0105co! <a rel=\"nofollow noopener\" href=\"https:\/\/profile.google.com\/cp\/Cg0vZy8xMWJ6X19wdHBx\" id=\"ff7d30b4-7029-4a55-9e18-427b6d1279c2\" target=\"_blank\">Obserwuj<\/a> Plejad\u0119 w Google. Odwied\u017a nas tak\u017ce na <a rel=\"nofollow noopener\" href=\"https:\/\/www.facebook.com\/plejadapl\" id=\"edb79324-382b-40bf-8a9b-f32cb9637897\" target=\"_blank\">Facebooku<\/a>, <a rel=\"nofollow noopener\" href=\"https:\/\/www.instagram.com\/plejadapl\/\" id=\"bbc838b2-af61-482e-b028-4df23228ff80\" target=\"_blank\">Instagramie<\/a>, <a rel=\"nofollow noopener\" href=\"https:\/\/www.youtube.com\/c\/plejada\" id=\"a8a27b13-e605-4cc1-897f-6efecd229df7\" target=\"_blank\">YouTubie<\/a> oraz <a rel=\"nofollow noopener\" href=\"https:\/\/www.tiktok.com\/@plejada_pl\" id=\"debdc244-1336-4bad-983e-d069c030a9e4\" target=\"_blank\">TikToku<\/a>.<\/p>\n<p class=\"ods-c-paragraph \">Chcesz podzieli\u0107 si\u0119 ciekawym newsem lub zaproponowa\u0107 temat? Skontaktuj si\u0119 z nami, pisz\u0105c maila na adres: <a rel=\"nofollow noopener\" href=\"https:\/\/plejada.pl\/newsy\/marzena-rogalska-nie-wytrzymala-na-antenie-tak-zareagowala-na-wiesci-o-stingu\/mailto:plejada@redakcjaonet.pl\" id=\"c374757c-9e72-4810-87a6-d908e53c4bfd\" target=\"_blank\">plejada@redakcjaon<\/a><a href=\"https:\/\/et.pl\" id=\"e03b154e-492d-4ee5-9e26-69b6a2e040a9\" rel=\"nofollow noopener\" target=\"_blank\">et.pl<\/a>.<\/p>\n<p><script async src=\"\/\/www.instagram.com\/embed.js\"><\/script><script async src=\"\/\/www.tiktok.com\/embed.js\"><\/script><\/p>\n","protected":false},"excerpt":{"rendered":"We wtorkowym wydaniu &#8222;Pytania na \u015bniadanie&#8221; z widzami telewizyjnej Dw\u00f3jki przywitali si\u0119 Marzena Rogalska i \u0141ukasz Nowicki. Nie&hellip;\n","protected":false},"author":2,"featured_media":141035,"comment_status":"","ping_status":"","sticky":false,"template":"","format":"standard","meta":{"footnotes":""},"categories":[5],"tags":[32,33,36,37,27,34,35,7994,28,31,48,25,125,46,42,38,40,39,41,2577,25199,47,16150,12357,22478,29,30,506,26],"class_list":{"0":"post-141034","1":"post","2":"type-post","3":"status-publish","4":"format-standard","5":"has-post-thumbnail","7":"category-naglowki","8":"tag-breaking-news","9":"tag-breakingnews","10":"tag-featured-news","11":"tag-featurednews","12":"tag-headlines","13":"tag-latest-news","14":"tag-latestnews","15":"tag-marzena_rogalska","16":"tag-naglowki","17":"tag-najwazniejsze-artykuly","18":"tag-nat_styl","19":"tag-news","20":"tag-newsy","21":"tag-omp","22":"tag-pl","23":"tag-poland","24":"tag-polish","25":"tag-polska","26":"tag-polski","27":"tag-pytanie_na_sniadanie","28":"tag-rebrand_ai_tst1","29":"tag-screening_general","30":"tag-sting","31":"tag-sylwester","32":"tag-sylwester_z_dwojka","33":"tag-top-stories","34":"tag-topstories","35":"tag-tvp","36":"tag-wiadomosci"},"share_on_mastodon":{"url":"https:\/\/pubeurope.com\/@pl\/115689676198584834","error":""},"_links":{"self":[{"href":"https:\/\/www.europesays.com\/pl\/wp-json\/wp\/v2\/posts\/141034","targetHints":{"allow":["GET"]}}],"collection":[{"href":"https:\/\/www.europesays.com\/pl\/wp-json\/wp\/v2\/posts"}],"about":[{"href":"https:\/\/www.europesays.com\/pl\/wp-json\/wp\/v2\/types\/post"}],"author":[{"embeddable":true,"href":"https:\/\/www.europesays.com\/pl\/wp-json\/wp\/v2\/users\/2"}],"replies":[{"embeddable":true,"href":"https:\/\/www.europesays.com\/pl\/wp-json\/wp\/v2\/comments?post=141034"}],"version-history":[{"count":0,"href":"https:\/\/www.europesays.com\/pl\/wp-json\/wp\/v2\/posts\/141034\/revisions"}],"wp:featuredmedia":[{"embeddable":true,"href":"https:\/\/www.europesays.com\/pl\/wp-json\/wp\/v2\/media\/141035"}],"wp:attachment":[{"href":"https:\/\/www.europesays.com\/pl\/wp-json\/wp\/v2\/media?parent=141034"}],"wp:term":[{"taxonomy":"category","embeddable":true,"href":"https:\/\/www.europesays.com\/pl\/wp-json\/wp\/v2\/categories?post=141034"},{"taxonomy":"post_tag","embeddable":true,"href":"https:\/\/www.europesays.com\/pl\/wp-json\/wp\/v2\/tags?post=141034"}],"curies":[{"name":"wp","href":"https:\/\/api.w.org\/{rel}","templated":true}]}}