{"id":141047,"date":"2025-12-09T12:51:09","date_gmt":"2025-12-09T12:51:09","guid":{"rendered":"https:\/\/www.europesays.com\/pl\/141047\/"},"modified":"2025-12-09T12:51:09","modified_gmt":"2025-12-09T12:51:09","slug":"szymon-holownia-milczy-jedna-z-kandydatek-juz-chce-rezygnowac-wycofam-sie-onet-wiadomosci","status":"publish","type":"post","link":"https:\/\/www.europesays.com\/pl\/141047\/","title":{"rendered":"Szymon Ho\u0142ownia milczy, jedna z kandydatek ju\u017c chce rezygnowa\u0107. &quot;Wycofam si\u0119&quot; &#8211; Onet Wiadomo\u015bci"},"content":{"rendered":"<ol>\n<li><a href=\"https:\/\/news.google.com\/rss\/articles\/CBMipwFBVV95cUxQNUlTVHF4OEV5VklnUEN0VjUwRGVBWWFMRXFBeVo3U0phVUZtUUFlOWFlWHBkV1h6bl9YMmhxSGZjWDhmSmdBUUxDMlM5U2xKdkxnd05zaXpvRU5BbzRudGZ1R2dFakxBT01DeTJ0ZElBdld4ZVNRT3B3VWdoX3VMZDVIcXA3emx3aXpabW5ncVNyN1dQT1MtOW9vdXRqX1A4alRGS016MA?oc=5\" target=\"_blank\" rel=\"nofollow noopener\">Szymon Ho\u0142ownia milczy, jedna z kandydatek ju\u017c chce rezygnowa\u0107. &#8222;Wycofam si\u0119&#8221;<\/a>&nbsp;&nbsp;Onet Wiadomo\u015bci<\/li>\n<li><a href=\"https:\/\/news.google.com\/rss\/articles\/CBMipAFBVV95cUxOZkFkdzdHUjRnT1JyMTlIRkhQd0ljcnZxS29rQWMzbmkyQXJ3SHlvTExDV3lOMHFJNHF0NXVEMzBadnF3WFltdW85aDhVTkp2WjhobzNlazBHNlhUcDQyRjlOaEVhdWNPNkVuZ0k2OWtzRkE4WG1UQW9yRVFtUjlxWV9xVGI1dE8yV2t6T3gyU1lQQ1U4WUZELWVsMERLcElhTUh5eQ?oc=5\" target=\"_blank\" rel=\"nofollow noopener\">Jest kolejny kandydat na przewodnicz\u0105cego Polski 2050<\/a>&nbsp;&nbsp;TVN24<\/li>\n<li><a href=\"https:\/\/news.google.com\/rss\/articles\/CBMijwFBVV95cUxQa0ZyZW40bnZYU1NNVTNoV1JjenpVdjA3TVNQODlPTTY2aVE1cERLeHEybXZKc2VGSWgwT0REb0xvaTF0d3MwZWtQSGR3NS1CMkZjMTRSMzYwZzJ3b0tHUENOZGtab3NjOThkaWd2Q1hlWERRZnNaRkhfTlRhdzduUkZpZW9qMUZCNHZ0SzNEOA?oc=5\" target=\"_blank\" rel=\"nofollow noopener\">Wa\u017c\u0105 si\u0119 losy Ho\u0142owni. &#8222;Szanse s\u0105 raczej ma\u0142e&#8221;<\/a>&nbsp;&nbsp;WP Wiadomo\u015bci<\/li>\n<li><a href=\"https:\/\/news.google.com\/rss\/articles\/CBMitgFBVV95cUxONEZSOXBoUDVwUTkwS0VxblJFWEx0UWVRSy05M2pzaXlIb3R5enVROHpWWWVOZFJ4TkRmMU90MExydVpjT1NleVlURWlvdmhFalpyR19peWN2bV84RUs3RDFvRjllVDdhQjFPWF9OQ3lxSEEyZlNBcjBKSFAwemZMNEw1QUFxeHRHblJfelNSWXItTjFFVVV2ZUZPZG1GMDlpOE1WT0dLY3RUT2pxa2o0cWJuSFRNZw?oc=5\" target=\"_blank\" rel=\"nofollow noopener\">Szymon Ho\u0142ownia zawalczy o fotel lidera Polski 2050?<\/a>&nbsp;&nbsp;RMF24<\/li>\n<li><a href=\"https:\/\/news.google.com\/rss\/articles\/CBMirgFBVV95cUxNcExiZ3Yya0VjMzUtT2xoazZzTUpZUTMwR3NTaS1iLUl1RHZfdHk2T191YUZoUXhZLWFSemYwQ2JNa292YTdSanhMWjQ2dThPcWNZTjVoOHg4R3kwcEZUN0xYNFB0Q1FHc0Q1dWFwLVpZNGJCUmVjM3BzaWw5U0I3NzRGNW9fdExUbEhTdGt4dlByOUt5WUN0WFNtWmlXWkpaclZta25qdE94N0pwaFE?oc=5\" target=\"_blank\" rel=\"nofollow noopener\">Ho\u0142ownia wr\u00f3ci jako przewodnicz\u0105cy Polski 2050? Hennig-Kloska: &#8222;To zmieni sytuacj\u0119&#8221;<\/a>&nbsp;&nbsp;TOK FM<\/li>\n<\/ol>\n","protected":false},"excerpt":{"rendered":"Szymon Ho\u0142ownia milczy, jedna z kandydatek ju\u017c chce rezygnowa\u0107. &#8222;Wycofam si\u0119&#8221;&nbsp;&nbsp;Onet Wiadomo\u015bci Jest kolejny kandydat na przewodnicz\u0105cego Polski&hellip;\n","protected":false},"author":2,"featured_media":141048,"comment_status":"","ping_status":"","sticky":false,"template":"","format":"standard","meta":{"footnotes":""},"categories":[5],"tags":[32,33,36,37,27,49,34,35,28,31,48,25,46,1191,5494,42,38,40,39,202,41,47,204,29,30,70,26],"class_list":{"0":"post-141047","1":"post","2":"type-post","3":"status-publish","4":"format-standard","5":"has-post-thumbnail","7":"category-naglowki","8":"tag-breaking-news","9":"tag-breakingnews","10":"tag-featured-news","11":"tag-featurednews","12":"tag-headlines","13":"tag-kraj","14":"tag-latest-news","15":"tag-latestnews","16":"tag-naglowki","17":"tag-najwazniejsze-artykuly","18":"tag-nat_styl","19":"tag-news","20":"tag-omp","21":"tag-onz","22":"tag-paulina_hennig_kloska","23":"tag-pl","24":"tag-poland","25":"tag-polish","26":"tag-polska","27":"tag-polska_2050","28":"tag-polski","29":"tag-screening_general","30":"tag-szymon_holownia","31":"tag-top-stories","32":"tag-topstories","33":"tag-w_skrocie","34":"tag-wiadomosci"},"share_on_mastodon":{"url":"https:\/\/pubeurope.com\/@pl\/115689703783063564","error":""},"_links":{"self":[{"href":"https:\/\/www.europesays.com\/pl\/wp-json\/wp\/v2\/posts\/141047","targetHints":{"allow":["GET"]}}],"collection":[{"href":"https:\/\/www.europesays.com\/pl\/wp-json\/wp\/v2\/posts"}],"about":[{"href":"https:\/\/www.europesays.com\/pl\/wp-json\/wp\/v2\/types\/post"}],"author":[{"embeddable":true,"href":"https:\/\/www.europesays.com\/pl\/wp-json\/wp\/v2\/users\/2"}],"replies":[{"embeddable":true,"href":"https:\/\/www.europesays.com\/pl\/wp-json\/wp\/v2\/comments?post=141047"}],"version-history":[{"count":0,"href":"https:\/\/www.europesays.com\/pl\/wp-json\/wp\/v2\/posts\/141047\/revisions"}],"wp:featuredmedia":[{"embeddable":true,"href":"https:\/\/www.europesays.com\/pl\/wp-json\/wp\/v2\/media\/141048"}],"wp:attachment":[{"href":"https:\/\/www.europesays.com\/pl\/wp-json\/wp\/v2\/media?parent=141047"}],"wp:term":[{"taxonomy":"category","embeddable":true,"href":"https:\/\/www.europesays.com\/pl\/wp-json\/wp\/v2\/categories?post=141047"},{"taxonomy":"post_tag","embeddable":true,"href":"https:\/\/www.europesays.com\/pl\/wp-json\/wp\/v2\/tags?post=141047"}],"curies":[{"name":"wp","href":"https:\/\/api.w.org\/{rel}","templated":true}]}}