{"id":141051,"date":"2025-12-09T12:53:12","date_gmt":"2025-12-09T12:53:12","guid":{"rendered":"https:\/\/www.europesays.com\/pl\/141051\/"},"modified":"2025-12-09T12:53:12","modified_gmt":"2025-12-09T12:53:12","slug":"nowe-informacje-o-stanie-zdrowia-kazika-chcialbym-sprostowac","status":"publish","type":"post","link":"https:\/\/www.europesays.com\/pl\/141051\/","title":{"rendered":"Nowe informacje o stanie zdrowia Kazika. &#8222;Chcia\u0142bym sprostowa\u0107&#8221;"},"content":{"rendered":"<p>SPIS TRE\u015aCI<\/p>\n<ol class=\"ods-a-table-of-content__items\">\n<li class=\"ods-a-table-of-content__item\"><a href=\"#toc-kazik-staszewski-w-szpitalu-dlaczego\" class=\"ods-a-table-of-content__link\">Kazik Staszewski w szpitalu \u2014 dlaczego?<\/a><\/li>\n<li class=\"ods-a-table-of-content__item\"><a href=\"#toc-kazik-staszewski-w-szpitalu-jego-stan-zdrowia-sie-poprawia\" class=\"ods-a-table-of-content__link\">Kazik Staszewski w szpitalu \u2014 jego stan zdrowia si\u0119 poprawia<\/a><\/li>\n<li class=\"ods-a-table-of-content__item\"><a href=\"#toc-kazik-trafil-do-szpitala-na-teneryfie\" class=\"ods-a-table-of-content__link\">Kazik trafi\u0142 do szpitala na Teneryfie<\/a><\/li>\n<\/ol>\n<p>Kazik Staszewski w szpitalu \u2014 dlaczego?<\/p>\n<p class=\"ods-c-paragraph \">&#8222;Chcia\u0142bym sprostowa\u0107, \u017ce moje obecne dolegliwo\u015bci wynikaj\u0105 z zaniedbania, jakie poczyni\u0142em, a nie z powodu nieprawid\u0142owo wykonanego <a href=\"https:\/\/www.medonet.pl\/zdrowie,appendektomia---usuwanie-wyrostka-robaczkowego,artykul,1731381.html\" id=\"2a3d2e6a-5dd3-489d-bcb5-175d093b41d3\" rel=\"nofollow noopener\" target=\"_blank\">usuni\u0119cia wyrostka<\/a>&#8221; \u2014 napisa\u0142 w mediach spo\u0142eczno\u015bciowych.<\/p>\n<p class=\"ods-c-paragraph \">Artysta przyzna\u0142, \u017ce pocz\u0105tkowo pojawi\u0142y si\u0119 nieporozumienia, bo jego stan by\u0142 bardzo ci\u0119\u017cki. &#8222;Par\u0119 dni temu moje flaki by\u0142y tak nieczytelne i dalekie od przejrzysto\u015bci, \u017ce na skutek s\u0142abo\u015bci hiszpa\u0144skiego dosz\u0142o do nieporozumienia. Zabieg \u2014 powtarzam \u2014 zosta\u0142 wykonany prawid\u0142owo, co dotar\u0142o do mnie, jak zacz\u0105\u0142em to i owo kojarzy\u0107, o co na OIOM-ie nie\u0142atwo&#8221; \u2014 doda\u0142.<\/p>\n<p>Dalszy ci\u0105g artyku\u0142u pod materia\u0142em wideo<\/p>\n<p> Jakie s\u0105 przyczyny pobytu Kazika w szpitalu? <\/p>\n<p> Jak si\u0119 ma stan zdrowia Kazika? <\/p>\n<p> Gdzie Kazik przebywa w szpitalu? <\/p>\n<p> Co Kazik wyja\u015bni\u0142 na temat swojej zdrowotnej sytuacji? <\/p>\n<p>  Kazik Staszewski w szpitalu \u2014 jego stan zdrowia si\u0119 poprawia<\/p>\n<p class=\"ods-c-paragraph \">Zesp\u00f3\u0142 Kult przekaza\u0142, \u017ce sytuacja Kazika jest coraz lepsza. Muzyk zosta\u0142 przeniesiony z oddzia\u0142u intensywnej terapii na zwyk\u0142\u0105 sal\u0119. &#8222;Stan zdrowia Kazika powoli, ale systematycznie si\u0119 poprawia. Wszystko wskazuje na to, \u017ce operacja nie b\u0119dzie jednak konieczna. Kazik zosta\u0142 ju\u017c przeniesiony z OIOM-u na zwyk\u0142\u0105 sal\u0119, co jest dla nas bardzo buduj\u0105cym sygna\u0142em. Od wczoraj mo\u017ce ju\u017c samodzielnie pi\u0107 wod\u0119, a tak\u017ce zaczyna wstawa\u0107 z \u0142\u00f3\u017cka. Od jutra zaplanowane s\u0105 pierwsze lekkie posi\u0142ki&#8221; \u2014 poinformowano na Facebooku.<\/p>\n<p class=\"ods-c-paragraph \">W o\u015bwiadczeniu zespo\u0142u czytamy tak\u017ce: &#8222;Te drobne, ale jak\u017ce wa\u017cne post\u0119py nape\u0142niaj\u0105 nas ogromn\u0105 nadziej\u0105 na jego powr\u00f3t do pe\u0142ni si\u0142. Na ten moment lekarze nie s\u0105 jeszcze w stanie okre\u015bli\u0107, jak d\u0142ugo potrwa jego pobyt w szpitalu na Teneryfie, ale wierzymy, \u017ce ka\u017cdy kolejny dzie\u0144 b\u0119dzie przynosi\u0142 dalsz\u0105 popraw\u0119&#8221;.<\/p>\n<p>   <img decoding=\"async\" src=\"https:\/\/www.europesays.com\/pl\/wp-content\/uploads\/2025\/12\/2psk9lBaHR0cHM6Ly9vY2RuLmV1L3B1bHNjbXMvTURBXy9hMWY1OTBkMmE3NzM1NzJiZjIzOWMyZmZmNjNlOTExYi5qcGeRlQLNB.jpeg\" height=\"629\" width=\"940\" alt=\"Kazik Staszewski przebywa w szpitalu z powodu komplikacji po zesz\u0142orocznej operacji\" loading=\"lazy\" class=\"ods-c-image__img ods-c-image__img--viewport-width\"\/><\/p>\n<p>Kazik Staszewski przebywa w szpitalu z powodu komplikacji po zesz\u0142orocznej operacjiAndrzej Jackowski \/ Shutterstock<\/p>\n<p> Kazik trafi\u0142 do szpitala na Teneryfie<\/p>\n<p class=\"ods-c-paragraph \">Przypomnijmy, \u017ce zesp\u00f3\u0142 Kult kilka dni temu pojawi\u0142 si\u0119 na Teneryfie, gdzie mia\u0142 zagra\u0107 koncerty. W miniony czwartek Kazik Staszewski informowa\u0142 w mediach spo\u0142eczno\u015bciowych, \u017ce trafi\u0142 do szpitala, przyzna\u0142 tak\u017ce, \u017ce by\u0142 &#8222;bliski ko\u0144ca drogi&#8221;. Przyczyn\u0105 jego problem\u00f3w zdrowotnych mia\u0142y by\u0107 komplikacje po wykonanej rok temu operacji usuni\u0119cia wyrostka robaczkowego.<\/p>\n<p class=\"ods-c-paragraph \">O stanie zdrowia Kazika zrobi\u0142o si\u0119 g\u0142o\u015bno jeszcze pod koniec listopada, kiedy muzyk by\u0142 wyra\u017anie niedysponowany podczas koncertu w Zielonej G\u00f3rze. Niekt\u00f3rzy sugerowali, \u017ce mo\u017ce chodzi\u0107 o niedyspozycj\u0119 z powodu u\u017cywek (w sieci pojawi\u0142y si\u0119 komentarze typu: &#8222;Tragedia. Zero szacunku dla fan\u00f3w. Zesp\u00f3\u0142 ratowa\u0142 sytuacj\u0119, ale Kaziku zawiod\u0142e\u015b na ca\u0142ej linii. Chlej po koncercie, a nie przed nim&#8230;&#8221;), co wykluczy\u0142 sam Kazik, t\u0142umacz\u0105c, \u017ce ju\u017c wtedy &#8222;by\u0142o \u017ale&#8221;. W emocjonalnym wpisie dodawa\u0142: &#8222;Pr\u00f3bowa\u0142em ratowa\u0107 si\u0119 jak mog\u0142em, a g***no mog\u0142em&#8221;. Po wykonanych badaniach lekarze poinformowali artyst\u0119, \u017ce jego stan by\u0142 krytyczny, w gr\u0119 wchodzi\u0142a tak\u017ce kolejna operacja.<\/p>\n<p class=\"ods-c-paragraph \">\u2014 W trosce o swoje zdrowie chc\u0105c &#8222;ratowa\u0107 si\u0119&#8221; przed covidem oraz dokuczliwym b\u00f3lem brzucha si\u0119gn\u0105\u0142em po \u015brodki, kt\u00f3re, jak si\u0119 okaza\u0142o, w po\u0142\u0105czeniu z alkoholem zadzia\u0142a\u0142y zupe\u0142nie odwrotnie do zamierzonego. Z marnym skutkiem. By\u0142a to powa\u017cna lekkomy\u015blno\u015b\u0107, za kt\u00f3r\u0105 szczerze \u017ca\u0142uj\u0119. Przepraszam wszystkich, kt\u00f3rzy przyszli i oczekiwali normalnego wyst\u0119pu. Wypada mi nie tylko wyrazi\u0107 g\u0142\u0119boki \u017cal, lecz tak\u017ce zwr\u00f3ci\u0107 koszty tym, kt\u00f3rzy byli obecni i zostali zawiedzeni moj\u0105 postaw\u0105 \u2014 tak wokalista t\u0142umaczy\u0142 si\u0119 w o\u015bwiadczeniu.<\/p>\n<p><a href=\"https:\/\/csr.onet.pl\/1746213\/trk\/adclick\/das,1824309,0?CS=tracking\" title=\"MedonetPRO OnetPremium\" data-astro-prefetch=\"tap\" rel=\"nofollow noopener\" target=\"_blank\"> <img decoding=\"async\" src=\"https:\/\/www.europesays.com\/pl\/wp-content\/uploads\/2025\/10\/1760947870_673_9xOk9lBaHR0cHM6Ly9vY2RuLmV1L3B1bHNjbXMvTURBXy9hMGY5NWNmMDcwYzA5MjFiZDc2NTFlYzU4MDEzNGIzNy5wbmeSlQMAA.jpeg\" height=\"200\" width=\"840\" alt=\"MedonetPRO OnetPremium\" loading=\"lazy\" class=\"ods-c-image__img ods-c-image__img--viewport-width\"\/> <\/a><\/p>\n<p>MedonetPRO OnetPremiumMedonet<\/p>\n<p>  Tre\u015bci z serwisu Medonet maj\u0105 na celu polepszenie, a nie zast\u0105pienie, kontaktu pomi\u0119dzy U\u017cytkownikiem a jego lekarzem. Serwis ma charakter wy\u0142\u0105cznie informacyjno-edukacyjny. Przed zastosowaniem si\u0119 do porad z zakresu wiedzy specjalistycznej, w szczeg\u00f3lno\u015bci medycznych, zawartych w Serwisie nale\u017cy bezwzgl\u0119dnie skonsultowa\u0107 si\u0119 z lekarzem. <\/p>\n","protected":false},"excerpt":{"rendered":"SPIS TRE\u015aCI Kazik Staszewski w szpitalu \u2014 dlaczego? Kazik Staszewski w szpitalu \u2014 jego stan zdrowia si\u0119 poprawia&hellip;\n","protected":false},"author":2,"featured_media":141052,"comment_status":"","ping_status":"","sticky":false,"template":"","format":"standard","meta":{"footnotes":""},"categories":[22],"tags":[122,23212,23211,48,46,1265,42,38,40,39,41,123,47,26,28842,27886],"class_list":{"0":"post-141051","1":"post","2":"type-post","3":"status-publish","4":"format-standard","5":"has-post-thumbnail","7":"category-rozrywka","8":"tag-entertainment","9":"tag-kazik_staszewski","10":"tag-kult","11":"tag-nat_styl","12":"tag-omp","13":"tag-operacja","14":"tag-pl","15":"tag-poland","16":"tag-polish","17":"tag-polska","18":"tag-polski","19":"tag-rozrywka","20":"tag-screening_general","21":"tag-wiadomosci","22":"tag-wyrostek_robaczkowy","23":"tag-zapalenie_wyrostka_robaczkowego"},"share_on_mastodon":{"url":"https:\/\/pubeurope.com\/@pl\/115689711770693647","error":""},"_links":{"self":[{"href":"https:\/\/www.europesays.com\/pl\/wp-json\/wp\/v2\/posts\/141051","targetHints":{"allow":["GET"]}}],"collection":[{"href":"https:\/\/www.europesays.com\/pl\/wp-json\/wp\/v2\/posts"}],"about":[{"href":"https:\/\/www.europesays.com\/pl\/wp-json\/wp\/v2\/types\/post"}],"author":[{"embeddable":true,"href":"https:\/\/www.europesays.com\/pl\/wp-json\/wp\/v2\/users\/2"}],"replies":[{"embeddable":true,"href":"https:\/\/www.europesays.com\/pl\/wp-json\/wp\/v2\/comments?post=141051"}],"version-history":[{"count":0,"href":"https:\/\/www.europesays.com\/pl\/wp-json\/wp\/v2\/posts\/141051\/revisions"}],"wp:featuredmedia":[{"embeddable":true,"href":"https:\/\/www.europesays.com\/pl\/wp-json\/wp\/v2\/media\/141052"}],"wp:attachment":[{"href":"https:\/\/www.europesays.com\/pl\/wp-json\/wp\/v2\/media?parent=141051"}],"wp:term":[{"taxonomy":"category","embeddable":true,"href":"https:\/\/www.europesays.com\/pl\/wp-json\/wp\/v2\/categories?post=141051"},{"taxonomy":"post_tag","embeddable":true,"href":"https:\/\/www.europesays.com\/pl\/wp-json\/wp\/v2\/tags?post=141051"}],"curies":[{"name":"wp","href":"https:\/\/api.w.org\/{rel}","templated":true}]}}