{"id":141076,"date":"2025-12-09T13:08:11","date_gmt":"2025-12-09T13:08:11","guid":{"rendered":"https:\/\/www.europesays.com\/pl\/141076\/"},"modified":"2025-12-09T13:08:11","modified_gmt":"2025-12-09T13:08:11","slug":"jest-potwierdzenie-uwielbiany-bohater-powroci-w-resident-evil-requiem-aktualizacja","status":"publish","type":"post","link":"https:\/\/www.europesays.com\/pl\/141076\/","title":{"rendered":"JEST POTWIERDZENIE! Uwielbiany bohater powr\u00f3ci w Resident Evil Requiem [AKTUALIZACJA]"},"content":{"rendered":"<p>W sieci pojawi\u0142 si\u0119 \u015bwie\u017cy przeciek dotycz\u0105cy Resident Evil 9 Remake &#8211; wed\u0142ug informacji udost\u0119pnionych przed gal\u0105 The Game Awards, w grze pojawi si\u0119 Leon S. Kennedy. Posta\u0107 zosta\u0142a zauwa\u017cona na plakacie gry w sklepie PlayStation, gdzie stoi obok Grace.<\/p>\n<p>Wed\u0142ug \u017ar\u00f3de\u0142, design Leona przypomina jego wygl\u0105d z Resident Evil 4 Remake, ale tym razem posta\u0107 jest znacznie starsza, co sugeruje up\u0142yw czasu w uniwersum serii. Informacj\u0119 t\u0119 wcze\u015bniej podawa\u0142 tak\u017ce u\u017cytkownik AestheticGamer1, co dodaje jej pewnej wiarygodno\u015bci w oczach fan\u00f3w.<\/p>\n<p>    Dalsza cz\u0119\u015b\u0107 tekstu pod wideo<\/p>\n<p>Przeciek zosta\u0142 szeroko udost\u0119pniony w mediach spo\u0142eczno\u015bciowych i na YouTube przez u\u017cytkownika LeonLover26, a fani zacz\u0119li intensywnie komentowa\u0107 powr\u00f3t &#8211; dla wielu &#8211; ulubionego bohatera serii. Oczywi\u015bcie mo\u017cna odg\u00f3rnie zak\u0142ada\u0107, i\u017c obecno\u015b\u0107 Leona w RE9 mo\u017ce sugerowa\u0107 powi\u0105zania fabularne z wcze\u015bniejszymi ods\u0142onami serii.<\/p>\n<p>        <img loading=\"lazy\" decoding=\"async\" src=\"https:\/\/www.europesays.com\/pl\/wp-content\/uploads\/2025\/12\/1765221429_173_B32963402.414688363;dc_trk_aid=607216972;dc_trk_cid=228291445;ord=[timestamp];dc_lat=;dc_rdid=;tag_f.gif\" attributionsrc=\"\" border=\"0\" height=\"1\" width=\"1\" alt=\"Advertisement\"\/><\/p>\n<p>Niekt\u00f3rzy gracze, kt\u00f3rzy ju\u017c zam\u00f3wili gr\u0119 w przedsprzeda\u017cy, zostali poproszeni przez leakera o sprawdzenie, czy Leon widnieje r\u00f3wnie\u017c w ich wersjach. Prawdopodobnie samego Leona zobaczymy oficjalnie na gali The Game Awards 2025, na kt\u00f3rej ma pojawi\u0107 si\u0119 w\u0142a\u015bnie Capcom z nowym gameplayem z Resident Evil Requiem.<\/p>\n<p>                                <img loading=\"lazy\" decoding=\"async\" width=\"2048\" height=\"1152\" alt=\"JEST POTWIERDZENIE! Uwielbiany bohater powr\u00f3ci w Resident Evil Requiem\" data-placeholder=\"data:image\/png;base64,iVBORw0KGgoAAAANSUhEUgAAAAEAAAABCAQAAAC1HAwCAAAAC0lEQVR42mO89B8AAqkB05ycXjIAAAAASUVORK5CYII=\" class=\"lazy\" src=\"data:image\/png;base64,iVBORw0KGgoAAAANSUhEUgAAAAEAAAABCAQAAAC1HAwCAAAAC0lEQVR42mO89B8AAqkB05ycXjIAAAAASUVORK5CYII=\" data-src=\"https:\/\/www.europesays.com\/pl\/wp-content\/uploads\/2025\/12\/6a1aff889f978be1ec27.jpg\"\/><\/p>\n<p>    <img decoding=\"async\" src=\"https:\/\/www.ppe.pl\/build\/client\/images\/icons\/resize-icon.e1e9c338.svg\" class=\"resize-icon__icon\" alt=\"resize icon\"\/><\/p>\n<p>Aktualizacja:<\/p>\n<p>                                <img loading=\"lazy\" decoding=\"async\" width=\"680\" height=\"680\" alt=\"JEST POTWIERDZENIE! Uwielbiany bohater powr\u00f3ci w Resident Evil Requiem [AKTUALIZACJA]\" data-placeholder=\"data:image\/png;base64,iVBORw0KGgoAAAANSUhEUgAAAAEAAAABCAQAAAC1HAwCAAAAC0lEQVR42mO89B8AAqkB05ycXjIAAAAASUVORK5CYII=\" class=\"lazy\" src=\"data:image\/png;base64,iVBORw0KGgoAAAANSUhEUgAAAAEAAAABCAQAAAC1HAwCAAAAC0lEQVR42mO89B8AAqkB05ycXjIAAAAASUVORK5CYII=\" data-src=\"https:\/\/www.europesays.com\/pl\/wp-content\/uploads\/2025\/12\/d0f4a3883ab5f2895578.jpg\"\/><\/p>\n<p>    <img decoding=\"async\" src=\"https:\/\/www.ppe.pl\/build\/client\/images\/icons\/resize-icon.e1e9c338.svg\" class=\"resize-icon__icon\" alt=\"resize icon\"\/><\/p>\n<p>Tak dok\u0142adnie wygl\u0105da Leon w Resident Evil Requiem.<\/p>\n","protected":false},"excerpt":{"rendered":"W sieci pojawi\u0142 si\u0119 \u015bwie\u017cy przeciek dotycz\u0105cy Resident Evil 9 Remake &#8211; wed\u0142ug informacji udost\u0119pnionych przed gal\u0105 The&hellip;\n","protected":false},"author":2,"featured_media":141077,"comment_status":"","ping_status":"","sticky":false,"template":"","format":"standard","meta":{"footnotes":""},"categories":[20],"tags":[120,118,119,42,38,40,39,41,116,114,115,121,117],"class_list":{"0":"post-141076","1":"post","2":"type-post","3":"status-publish","4":"format-standard","5":"has-post-thumbnail","7":"category-nauka-i-technika","8":"tag-nauka","9":"tag-nauka-i-technika","10":"tag-naukatechnika","11":"tag-pl","12":"tag-poland","13":"tag-polish","14":"tag-polska","15":"tag-polski","16":"tag-science","17":"tag-science-and-technology","18":"tag-sciencetechnology","19":"tag-technika","20":"tag-technology"},"share_on_mastodon":{"url":"https:\/\/pubeurope.com\/@pl\/115689770790538406","error":""},"_links":{"self":[{"href":"https:\/\/www.europesays.com\/pl\/wp-json\/wp\/v2\/posts\/141076","targetHints":{"allow":["GET"]}}],"collection":[{"href":"https:\/\/www.europesays.com\/pl\/wp-json\/wp\/v2\/posts"}],"about":[{"href":"https:\/\/www.europesays.com\/pl\/wp-json\/wp\/v2\/types\/post"}],"author":[{"embeddable":true,"href":"https:\/\/www.europesays.com\/pl\/wp-json\/wp\/v2\/users\/2"}],"replies":[{"embeddable":true,"href":"https:\/\/www.europesays.com\/pl\/wp-json\/wp\/v2\/comments?post=141076"}],"version-history":[{"count":0,"href":"https:\/\/www.europesays.com\/pl\/wp-json\/wp\/v2\/posts\/141076\/revisions"}],"wp:featuredmedia":[{"embeddable":true,"href":"https:\/\/www.europesays.com\/pl\/wp-json\/wp\/v2\/media\/141077"}],"wp:attachment":[{"href":"https:\/\/www.europesays.com\/pl\/wp-json\/wp\/v2\/media?parent=141076"}],"wp:term":[{"taxonomy":"category","embeddable":true,"href":"https:\/\/www.europesays.com\/pl\/wp-json\/wp\/v2\/categories?post=141076"},{"taxonomy":"post_tag","embeddable":true,"href":"https:\/\/www.europesays.com\/pl\/wp-json\/wp\/v2\/tags?post=141076"}],"curies":[{"name":"wp","href":"https:\/\/api.w.org\/{rel}","templated":true}]}}