{"id":141080,"date":"2025-12-09T13:10:11","date_gmt":"2025-12-09T13:10:11","guid":{"rendered":"https:\/\/www.europesays.com\/pl\/141080\/"},"modified":"2025-12-09T13:10:11","modified_gmt":"2025-12-09T13:10:11","slug":"brigitte-macron-wulgarnie-o-feministkach-rzecznik-pierwszej-damy-tlumaczy-2","status":"publish","type":"post","link":"https:\/\/www.europesays.com\/pl\/141080\/","title":{"rendered":"Brigitte Macron wulgarnie o feministkach. Rzecznik pierwszej damy t\u0142umaczy"},"content":{"rendered":"<p class=\"Paragraph_desktopParagraph__U31Gm\">W sobot\u0119 cztery aktywistki z feministycznego kolektywu #NousToutes (&#8222;My wszystkie&#8221;) przerwa\u0142y wyst\u0119p znanego francuskiego komika Arego Abittana. 51-letni artysta powr\u00f3ci\u0142 na scen\u0119 po tym, jak zosta\u0142 oskar\u017cony o gwa\u0142t przez 23-latk\u0119, z kt\u00f3r\u0105 by\u0142 w kr\u00f3tkim zwi\u0105zku. Cho\u0107 po trzech latach \u015bledztwa zarzuty zosta\u0142y oddalone, powr\u00f3t Abittana do wyst\u0119p\u00f3w wywo\u0142a\u0142 oburzenie w \u015brodowiskach feministycznych. Podczas spektaklu w paryskim teatrze Folies Bergere aktywistki w maskach przedstawiaj\u0105cych twarz komika zak\u0142\u00f3ci\u0142y jego wyst\u0119p. Wsta\u0142y z miejsc i skandowa\u0142y has\u0142o &#8222;Abittan gwa\u0142ciciel!&#8221; \u2014 opisuje portal France24.<\/p>\n<p class=\"Paragraph_desktopParagraph__U31Gm\">Dzie\u0144 po tym incydencie na spektakl Abittana wybra\u0142a si\u0119 <a href=\"https:\/\/plejada.pl\/brigitte-macron\" id=\"efa46205-ca8c-46ae-b129-0ccd5cdc6729\" rel=\"nofollow noopener\" target=\"_blank\">Brigitte Macron<\/a> w towarzystwie swojej c\u00f3rki, Tiphaine Auziere. Przed wyst\u0119pem, za kulisami, pierwsza dama mia\u0142a okazj\u0119 porozmawia\u0107 z artyst\u0105. &#8222;Je\u015bli te g\u0142upie s**i tu s\u0105, wyrzucimy je. Zw\u0142aszcza zamaskowane bandytki&#8221; \u2014 zapewnia\u0142a komika pierwsza dama Francji. Jej s\u0142owa zosta\u0142y nagrane i opublikowane przez francuski tygodnik &#8222;Public&#8221;.<\/p>\n<ul class=\"OchatFollowUps_wrapper__1ry7X\">\n<li class=\"OchatFollowUps_item__Dhyly OchatFollowUps_itemDesktop__R6aBv\">Jakie by\u0142y s\u0142owa Brigitte Macron dotycz\u0105ce protestuj\u0105cych kobiet?<\/li>\n<li class=\"OchatFollowUps_item__Dhyly OchatFollowUps_itemDesktop__R6aBv\">Kto przerwa\u0142 wyst\u0119p Ary Abittana?<\/li>\n<li class=\"OchatFollowUps_item__Dhyly OchatFollowUps_itemDesktop__R6aBv\">Jakie by\u0142y reakcje na s\u0142owa Brigitte Macron?<\/li>\n<li class=\"OchatFollowUps_item__Dhyly OchatFollowUps_itemDesktop__R6aBv\">Jak rzecznik pierwszej damy Francji t\u0142umaczy jej wypowied\u017a?<\/li>\n<\/ul>\n<p>S\u0142owa Brigitte Macron spotka\u0142y si\u0119 z ostr\u0105 krytyk\u0105 <\/p>\n<p class=\"Paragraph_desktopParagraph__U31Gm\">Wypowied\u017a \u017cony prezydenta Francji szybko spotka\u0142a si\u0119 z ostr\u0105 krytyk\u0105 pos\u0142anki Sarah Legrain. &#8222;Odrzucenie zarzut\u00f3w nie zmazuje s\u0142\u00f3w i krzywd kobiety&#8221; \u2014 powiedzia\u0142a polityczka we francuskiej telewizji BFM. Legrain nie kryje oburzenia i zarzuca Brigitte Macron brak szacunku wobec walki kobiet o prawa ofiar przemocy seksualnej. Na temat s\u0142\u00f3w \u017cony prezydenta g\u0142os zabra\u0142a te\u017c aktorka Judith Godreche. Artystka sta\u0142a si\u0119 ikon\u0105 feminizmu we Francji po tym, jak oskar\u017cy\u0142a dw\u00f3ch re\u017cyser\u00f3w o molestowanie seksualne, do kt\u00f3rego dosz\u0142o, kiedy by\u0142a nieletnia. &#8222;Ja te\u017c jestem g\u0142upi\u0105 s***&#8221; \u2014 napisa\u0142a kobieta na Instagramie.<\/p>\n<p>Rzecznik pierwszej damy Francji t\u0142umaczy jej s\u0142owa <\/p>\n<p class=\"Paragraph_desktopParagraph__U31Gm\">Do sprawy zd\u0105\u017cy\u0142 si\u0119 te\u017c odnie\u015b\u0107 rzecznik pierwszej damy. &#8222;T\u0119 wymian\u0119 zda\u0144 nale\u017cy traktowa\u0107 wy\u0142\u0105cznie jako krytyk\u0119 radykalnych metod zastosowanych przez osoby, kt\u00f3re w maskach zak\u0142\u00f3ci\u0142y w sobotni wiecz\u00f3r wyst\u0119p Ary Abittana&#8221; \u2014 napisa\u0142 w o\u015bwiadczeniu cytowanym przez brytyjsk\u0105 gazet\u0119 &#8222;Daily Mail&#8221;. &#8222;Brigitte Macron nie pochwala tych radykalnych metod&#8221; \u2014 doda\u0142 rzecznik.<\/p>\n<p class=\"Paragraph_desktopParagraph__U31Gm\">Dzi\u0119kujemy, \u017ce przeczyta\u0142a\u015b\/e\u015b nasz artyku\u0142 do ko\u0144ca. W serwisie Plejada.pl ka\u017cdego dnia piszemy o najwa\u017cniejszych wydarzeniach show-biznesowych. B\u0105d\u017a na bie\u017c\u0105co! <a rel=\"nofollow noopener\" href=\"https:\/\/profile.google.com\/cp\/Cg0vZy8xMWJ6X19wdHBx\" id=\"9924a944-e7ee-40f6-9a06-ead20ab5d5ca\" target=\"_blank\">Obserwuj<\/a> Plejad\u0119 w Google. Odwied\u017a nas tak\u017ce na <a rel=\"nofollow noopener\" href=\"https:\/\/www.facebook.com\/plejadapl\" id=\"28290dc8-43dc-49b7-9d8a-252fca3c6919\" target=\"_blank\">Facebooku<\/a>, <a rel=\"nofollow noopener\" href=\"https:\/\/www.instagram.com\/plejadapl\/\" id=\"a0c0a2fe-0aa6-4d4e-b0fc-42c5bb65046a\" target=\"_blank\">Instagramie<\/a>, <a rel=\"nofollow noopener\" href=\"https:\/\/www.youtube.com\/c\/plejada\" id=\"da82fbc5-afbf-4230-a7c1-1ef63d63fbbc\" target=\"_blank\">YouTubie<\/a> oraz <a rel=\"nofollow noopener\" href=\"https:\/\/www.tiktok.com\/@plejada_pl\" id=\"2b498d4c-e27b-44b0-b86b-d0b7e81df0bd\" target=\"_blank\">TikToku<\/a>.<\/p>\n<p class=\"Paragraph_desktopParagraph__U31Gm\">Chcesz podzieli\u0107 si\u0119 ciekawym newsem lub zaproponowa\u0107 temat? Skontaktuj si\u0119 z nami, pisz\u0105c maila na adres: <a href=\"https:\/\/www.onet.pl\/styl-zycia\/plejada\/brigitte-macron-wulgarnie-o-feministkach-rzecznik-pierwszej-damy-tlumaczy\/mailto:plejada@redakcjaonet.pl\" id=\"c25dcb13-60c0-44ca-935d-c3e79b504a5f\" rel=\"nofollow noopener\" target=\"_blank\">plejada@redakcjaon<\/a><a rel=\"nofollow noopener\" href=\"https:\/\/et.pl\/\" id=\"eb93d60c-33ed-4744-9b07-7bf991e01a52\" target=\"_blank\">et.pl<\/a>.<\/p>\n<p><script async src=\"\/\/www.instagram.com\/embed.js\"><\/script><script async src=\"\/\/www.tiktok.com\/embed.js\"><\/script><\/p>\n","protected":false},"excerpt":{"rendered":"W sobot\u0119 cztery aktywistki z feministycznego kolektywu #NousToutes (&#8222;My wszystkie&#8221;) przerwa\u0142y wyst\u0119p znanego francuskiego komika Arego Abittana. 51-letni&hellip;\n","protected":false},"author":2,"featured_media":141081,"comment_status":"","ping_status":"","sticky":false,"template":"","format":"standard","meta":{"footnotes":""},"categories":[14],"tags":[32,33,2016,1670,27,67,34,35,28,31,53,25,52,68,51,55,40,41,47,196,80,29,30,65,50,26,82,83,84],"class_list":{"0":"post-141080","1":"post","2":"type-post","3":"status-publish","4":"format-standard","5":"has-post-thumbnail","7":"category-swiat","8":"tag-breaking-news","9":"tag-breakingnews","10":"tag-brigitte_macron","11":"tag-francja_francuz_francuzka_francuzi","12":"tag-headlines","13":"tag-intextvideo_splayer","14":"tag-latest-news","15":"tag-latestnews","16":"tag-naglowki","17":"tag-najwazniejsze-artykuly","18":"tag-new_header","19":"tag-news","20":"tag-onet3","21":"tag-onet3d","22":"tag-onet3d_2i","23":"tag-phx","24":"tag-polish","25":"tag-polski","26":"tag-screening_general","27":"tag-styl_zycia","28":"tag-swiat","29":"tag-top-stories","30":"tag-topstories","31":"tag-update_me","32":"tag-v2021","33":"tag-wiadomosci","34":"tag-world","35":"tag-world-news","36":"tag-worldnews"},"share_on_mastodon":{"url":"https:\/\/pubeurope.com\/@pl\/115689778413917814","error":""},"_links":{"self":[{"href":"https:\/\/www.europesays.com\/pl\/wp-json\/wp\/v2\/posts\/141080","targetHints":{"allow":["GET"]}}],"collection":[{"href":"https:\/\/www.europesays.com\/pl\/wp-json\/wp\/v2\/posts"}],"about":[{"href":"https:\/\/www.europesays.com\/pl\/wp-json\/wp\/v2\/types\/post"}],"author":[{"embeddable":true,"href":"https:\/\/www.europesays.com\/pl\/wp-json\/wp\/v2\/users\/2"}],"replies":[{"embeddable":true,"href":"https:\/\/www.europesays.com\/pl\/wp-json\/wp\/v2\/comments?post=141080"}],"version-history":[{"count":0,"href":"https:\/\/www.europesays.com\/pl\/wp-json\/wp\/v2\/posts\/141080\/revisions"}],"wp:featuredmedia":[{"embeddable":true,"href":"https:\/\/www.europesays.com\/pl\/wp-json\/wp\/v2\/media\/141081"}],"wp:attachment":[{"href":"https:\/\/www.europesays.com\/pl\/wp-json\/wp\/v2\/media?parent=141080"}],"wp:term":[{"taxonomy":"category","embeddable":true,"href":"https:\/\/www.europesays.com\/pl\/wp-json\/wp\/v2\/categories?post=141080"},{"taxonomy":"post_tag","embeddable":true,"href":"https:\/\/www.europesays.com\/pl\/wp-json\/wp\/v2\/tags?post=141080"}],"curies":[{"name":"wp","href":"https:\/\/api.w.org\/{rel}","templated":true}]}}