{"id":141084,"date":"2025-12-09T13:12:19","date_gmt":"2025-12-09T13:12:19","guid":{"rendered":"https:\/\/www.europesays.com\/pl\/141084\/"},"modified":"2025-12-09T13:12:19","modified_gmt":"2025-12-09T13:12:19","slug":"donald-tusk-opublikowal-nietypowe-zdjecie-lecimy-dalej-onet-wiadomosci","status":"publish","type":"post","link":"https:\/\/www.europesays.com\/pl\/141084\/","title":{"rendered":"Donald Tusk opublikowa\u0142 nietypowe zdj\u0119cie. &quot;Lecimy dalej&quot; &#8211; Onet Wiadomo\u015bci"},"content":{"rendered":"<ol>\n<li><a href=\"https:\/\/news.google.com\/rss\/articles\/CBMimgFBVV95cUxQZm4wUVBPWFlrYWNlNy1nTzUxYW93VVIweFhJa1paaTdlemY0b0l6WS1tMVl0dXRNQ2xPaGw0SVNhcENQcDQ1d0p6c1VQTXZfUjl3cHBySFNPQ3N2RVFhMmVCQUFHSDVvTUhYdkRFMENVaHJtQmlLOXRlN3Y4c19HQ29QbS1xeW5KSVdhamdSR1k5QTRKcE4zMlZ3?oc=5\" target=\"_blank\" rel=\"nofollow noopener\">Donald Tusk opublikowa\u0142 nietypowe zdj\u0119cie. &#8222;Lecimy dalej&#8221;<\/a>&nbsp;&nbsp;Onet Wiadomo\u015bci<\/li>\n<li><a href=\"https:\/\/news.google.com\/rss\/articles\/CBMitwFBVV95cUxPU0RXRkRmMUY0Q25rWEdEM2sxZHdGMEZydjgwYzB4d043Q1l5eW41QXhkemJPVlp1MFdnOC13eWVLRFVoZkt6aTFHZlhSWldUOVdneW1sQ2p4TFI5cTE3TVFhS1ZDYkVUaWZ3SHNCVDFhR1lPSG9VZGFnY05xdEpScTZRbC1NMjhpV1VJT0pqVVZWcjJtUVZLZkUxOEhSdE1GRS15MFZwQlplN0hncUM3TjI2VDlVTk0?oc=5\" target=\"_blank\" rel=\"nofollow noopener\">Zdj\u0119cia z polskiego satelity wojskowego wbijaj\u0105 w fotel. &#8222;Najlepsza rozdzielczo\u015b\u0107 na \u015bwiecie&#8221;<\/a>&nbsp;&nbsp;Next Gazeta.pl<\/li>\n<li><a href=\"https:\/\/news.google.com\/rss\/articles\/CBMiwgFBVV95cUxNcEp0YmpMa3dMcXd0MVVuSHU1T2gtWktoUnk4WFYwSGtiWk5ZenhoQ1pFRzJta3ZvSGZVQmc0LWxEWTUxd2d2bVFqUTBhTlNDZV92cEZsQ2dJb0Z0UVJ6T05RQ0F4QW9nR25NNVl5WndoTUNQSXYyZXB1SERYZ0ZKMTV0OVJEVzk4S3VBUE0zZnBTLUlITkZ1YmZxRmp0Vkc0NndWME5TN2E0dXFjcl91RWpldXg3QjdRRzREajdCQ3Zsdw?oc=5\" target=\"_blank\" rel=\"nofollow noopener\">Pierwsze zdj\u0119cia z satelity Si\u0142 Zbrojnych RP. Donald Tusk skomentowa\u0142<\/a>&nbsp;&nbsp;Business Insider Polska<\/li>\n<li><a href=\"https:\/\/news.google.com\/rss\/articles\/CBMirwFBVV95cUxNZkxfTWYwa21pMkV4UDh6Tl9SU3NQZE92Y3N5UkdkQWhxel8tek0wT1R5MDAxZXg3SkVQT3hnRC0xSm1jQWd1TFYwS0RFZExMcXVsSmZqbVowNFZjb3lSbGNmWnFvckxUVld2TTNRUnFrU0JIUUt3Zm92RHpuXzV5S3V6b2NWTmt0MFZ0R2hHRlVoN3NWdV9nbGNmaHlDSHd4VnVjb1MtYW43Z3ZHMWU0?oc=5\" target=\"_blank\" rel=\"nofollow noopener\">Jest pierwsze zdj\u0119cie wykonane przez polskiego satelit\u0119<\/a>&nbsp;&nbsp;Money.pl<\/li>\n<li><a href=\"https:\/\/news.google.com\/rss\/articles\/CBMisgFBVV95cUxNenRKVXhfaUMzUDIxbUQzdlB4cWhZcmJNWS0yT2pRRnZKMjdVejV4UFJGNENIWmdrdDNtVEhsZGdwaVIwR0N6b1QtVEZ4V0xXZVZ6MFAtV2ppTnRINDFxNm8tWHIxam1ScExNeDhiVXA2QlAzOWttOXc0T0pTaUxmNHlXTC1IblVGcFpSTmxId3dnQXlLbW9zSXFKSEN6Zy1QV2NnMXpKZTY0b2tjVlN5WVVn?oc=5\" target=\"_blank\" rel=\"nofollow noopener\">Tusk pochwali\u0142 si\u0119 zdj\u0119ciem z kosmosu. Nie jest przypadkowe<\/a>&nbsp;&nbsp;WP Wiadomo\u015bci<\/li>\n<\/ol>\n","protected":false},"excerpt":{"rendered":"Donald Tusk opublikowa\u0142 nietypowe zdj\u0119cie. &#8222;Lecimy dalej&#8221;&nbsp;&nbsp;Onet Wiadomo\u015bci Zdj\u0119cia z polskiego satelity wojskowego wbijaj\u0105 w fotel. &#8222;Najlepsza rozdzielczo\u015b\u0107&hellip;\n","protected":false},"author":2,"featured_media":141085,"comment_status":"","ping_status":"","sticky":false,"template":"","format":"standard","meta":{"footnotes":""},"categories":[5],"tags":[32,33,212,36,37,27,49,34,35,28,31,48,25,46,42,38,40,39,41,26360,47,29,30,70,26],"class_list":{"0":"post-141084","1":"post","2":"type-post","3":"status-publish","4":"format-standard","5":"has-post-thumbnail","7":"category-naglowki","8":"tag-breaking-news","9":"tag-breakingnews","10":"tag-donald_tusk","11":"tag-featured-news","12":"tag-featurednews","13":"tag-headlines","14":"tag-kraj","15":"tag-latest-news","16":"tag-latestnews","17":"tag-naglowki","18":"tag-najwazniejsze-artykuly","19":"tag-nat_styl","20":"tag-news","21":"tag-omp","22":"tag-pl","23":"tag-poland","24":"tag-polish","25":"tag-polska","26":"tag-polski","27":"tag-satelita","28":"tag-screening_general","29":"tag-top-stories","30":"tag-topstories","31":"tag-w_skrocie","32":"tag-wiadomosci"},"share_on_mastodon":{"url":"https:\/\/pubeurope.com\/@pl\/115689786195665721","error":""},"_links":{"self":[{"href":"https:\/\/www.europesays.com\/pl\/wp-json\/wp\/v2\/posts\/141084","targetHints":{"allow":["GET"]}}],"collection":[{"href":"https:\/\/www.europesays.com\/pl\/wp-json\/wp\/v2\/posts"}],"about":[{"href":"https:\/\/www.europesays.com\/pl\/wp-json\/wp\/v2\/types\/post"}],"author":[{"embeddable":true,"href":"https:\/\/www.europesays.com\/pl\/wp-json\/wp\/v2\/users\/2"}],"replies":[{"embeddable":true,"href":"https:\/\/www.europesays.com\/pl\/wp-json\/wp\/v2\/comments?post=141084"}],"version-history":[{"count":0,"href":"https:\/\/www.europesays.com\/pl\/wp-json\/wp\/v2\/posts\/141084\/revisions"}],"wp:featuredmedia":[{"embeddable":true,"href":"https:\/\/www.europesays.com\/pl\/wp-json\/wp\/v2\/media\/141085"}],"wp:attachment":[{"href":"https:\/\/www.europesays.com\/pl\/wp-json\/wp\/v2\/media?parent=141084"}],"wp:term":[{"taxonomy":"category","embeddable":true,"href":"https:\/\/www.europesays.com\/pl\/wp-json\/wp\/v2\/categories?post=141084"},{"taxonomy":"post_tag","embeddable":true,"href":"https:\/\/www.europesays.com\/pl\/wp-json\/wp\/v2\/tags?post=141084"}],"curies":[{"name":"wp","href":"https:\/\/api.w.org\/{rel}","templated":true}]}}